{"id":9836,"date":"2020-09-07T16:20:21","date_gmt":"2020-09-07T14:20:21","guid":{"rendered":"https:\/\/www.germansuzuki.de\/?p=9836"},"modified":"2024-12-21T12:15:54","modified_gmt":"2024-12-21T10:15:54","slug":"drei-gute-anregungen-zum-schuljahresbeginn","status":"publish","type":"post","link":"https:\/\/www.germansuzuki.de\/?p=9836","title":{"rendered":"DREI gute Anregungen zum Schuljahresbeginn"},"content":{"rendered":"\r\n<p><strong><span class=\"has-inline-color\" style=\"color: #1505a5;\">Liebe DSG-Mitglieder!<\/span><\/strong><\/p>\r\n\r\n\r\n\r\n<p class=\"has-black-color has-text-color\">Vielleicht haben Sie sich bereits mit der neuen\u00a0<span class=\"has-inline-color\" style=\"color: #1505a5;\"><strong>Online-Mediathe<\/strong>k <\/span>besch\u00e4ftigt.\u00a0<\/p>\r\n\r\n\r\n\r\n<pre class=\"wp-block-verse\"><a href=\"http:\/\/www.imtex-online.com\/\" target=\"_blank\" rel=\"noreferrer noopener\"><strong><span class=\"has-inline-color\" style=\"color: #1505a5;\">www.imtex-online.com<\/span><\/strong><\/a><\/pre>\r\n\r\n\r\n\r\n<p><span class=\"has-inline-color has-black-color\">Diese ist extrem<\/span><span class=\"has-inline-color\" style=\"color: #1505a5;\">\u00a0<strong>benutzerfreundlich<\/strong><\/span>\u00a0<span class=\"has-inline-color has-black-color\">und erleichtert Ihnen und Ihren Sch\u00fclern den Start ins neue Schuljahr. Die Audio- und Video-Dateien k\u00f6nnen \u00fcber alle internetf\u00e4higen Medien<\/span> <span class=\"has-inline-color has-black-color\">gestreamt oder heruntergeladen werden.<\/span><\/p>\r\n\r\n\r\n\r\n<p><strong><span class=\"has-inline-color\" style=\"color: #1505a5;\">Studio-Lizenz speziell f\u00fcr DSG-Mitglieder<\/span><\/strong><\/p>\r\n\r\n\r\n\r\n<div class=\"wp-block-image is-style-rounded\">\r\n<figure class=\"alignleft size-large is-resized\"><img decoding=\"async\" loading=\"lazy\" class=\"wp-image-9877\" src=\"https:\/\/www.germansuzuki.de\/wp-content\/uploads\/2020\/09\/40_Cent_2-1024x563.jpg\" alt=\"\" width=\"183\" height=\"100\" srcset=\"https:\/\/www.germansuzuki.de\/wp-content\/uploads\/2020\/09\/40_Cent_2-1024x563.jpg 1024w, https:\/\/www.germansuzuki.de\/wp-content\/uploads\/2020\/09\/40_Cent_2-300x165.jpg 300w, https:\/\/www.germansuzuki.de\/wp-content\/uploads\/2020\/09\/40_Cent_2-768x422.jpg 768w, https:\/\/www.germansuzuki.de\/wp-content\/uploads\/2020\/09\/40_Cent_2.jpg 1304w\" sizes=\"(max-width: 183px) 100vw, 183px\" \/><\/figure>\r\n<\/div>\r\n\r\n\r\n\r\n<p><span class=\"has-inline-color has-black-color\">Wir bieten allen DSG-Mitgliedern<\/span><span class=\"has-inline-color\" style=\"color: #1505a5;\">\u00a0<strong>bis zum\u00a015. Oktober 2020 eine verg\u00fcnstigte\u00a0Studio-Lizenz<\/strong><\/span>\u00a0<span class=\"has-inline-color has-black-color\">an.\u00a0 Diese betr\u00e4gt pro Lehrer mit bis zu 20 Sch\u00fclern 45,00 Euro (normaler Preis = 60,00 Euro) und gilt f\u00fcr 6 Monate. Danach kann die Lizenz <\/span><strong><span class=\"has-inline-color\" style=\"color: #1b218e;\">zu den gleichen Bedingungen<\/span><\/strong><span class=\"has-inline-color has-black-color\"> verl\u00e4ngert werden solange Ihre Mitgliedschaft in der DSG besteht.<\/span><\/p>\r\n\r\n\r\n\r\n<div class=\"is-layout-flow wp-block-group\">\r\n<div class=\"wp-block-group__inner-container\">\r\n<pre class=\"wp-block-verse\"><span class=\"has-inline-color has-black-color\">Wenn Sie Ihren Sch\u00fclern diese Unterst\u00fctzung erm\u00f6glichen, betr\u00e4gt der monatliche Einsatz\u00a0<\/span><span class=\"has-inline-color\" style=\"color: #1505a5;\"><strong>weniger als 40 Cent pro Sch\u00fcler<\/strong>!<\/span><\/pre>\r\n<\/div>\r\n<\/div>\r\n\r\n\r\n\r\n<p>&nbsp;<\/p>\r\n\r\n\r\n\r\n<figure class=\"wp-block-image is-style-rounded\"><img alt=\"\" \/><\/figure>\r\n\r\n\r\n\r\n<div class=\"wp-block-image\">\r\n<figure class=\"alignright size-large is-resized\"><img decoding=\"async\" loading=\"lazy\" class=\"wp-image-9839\" src=\"https:\/\/www.germansuzuki.de\/wp-content\/uploads\/2020\/09\/Daniel3-910x1024.jpg\" alt=\"\" width=\"212\" height=\"238\" srcset=\"https:\/\/www.germansuzuki.de\/wp-content\/uploads\/2020\/09\/Daniel3-910x1024.jpg 910w, https:\/\/www.germansuzuki.de\/wp-content\/uploads\/2020\/09\/Daniel3-267x300.jpg 267w, https:\/\/www.germansuzuki.de\/wp-content\/uploads\/2020\/09\/Daniel3-768x864.jpg 768w, https:\/\/www.germansuzuki.de\/wp-content\/uploads\/2020\/09\/Daniel3.jpg 960w\" sizes=\"(max-width: 212px) 100vw, 212px\" \/><\/figure>\r\n<\/div>\r\n\r\n\r\n\r\n<p><strong><span class=\"has-inline-color\" style=\"color: #1505a5;\">Dies sind die allerwichtigsten Bereiche f\u00fcr Ihren Unterricht:<\/span><\/strong><\/p>\r\n\r\n\r\n\r\n<p><strong><span class=\"has-inline-color\" style=\"color: #1505a5;\">1a.\u00a0\u00a0\u00a0\u00a0\u00a0Klavierbegleitungen zum Mitspielen in drei Tempi\u00a0f\u00fcr Geigensch\u00fcler (Heft 1-5*)<\/span><\/strong><\/p>\r\n\r\n\r\n\r\n<p><strong><span class=\"has-inline-color\" style=\"color: #1505a5;\">1b.<strong>\u00a0\u00a0\u00a0\u00a0\u00a0<\/strong>Klavierbegleitungen in drei Tempi f\u00fcr Bratschen- und Cellosch\u00fcler (Heft 1*)<\/span><\/strong><\/p>\r\n\r\n\r\n\r\n<p><strong><span class=\"has-inline-color has-black-color\">*\u00a0<\/span><\/strong><em><span class=\"has-inline-color has-black-color\">F\u00fcr die St\u00fccke der Hefte Schritt f\u00fcr Schritt \/ Suzuki Schulen<\/span><\/em><\/p>\r\n\r\n\r\n\r\n<div class=\"wp-block-image\">\r\n<figure class=\"alignleft size-large is-resized\"><img decoding=\"async\" loading=\"lazy\" class=\"wp-image-9838\" src=\"https:\/\/www.germansuzuki.de\/wp-content\/uploads\/2020\/09\/Bg.erweiterung-1024x874.jpg\" alt=\"\" width=\"378\" height=\"321\" srcset=\"https:\/\/www.germansuzuki.de\/wp-content\/uploads\/2020\/09\/Bg.erweiterung-300x256.jpg 300w, https:\/\/www.germansuzuki.de\/wp-content\/uploads\/2020\/09\/Bg.erweiterung-768x655.jpg 768w, https:\/\/www.germansuzuki.de\/wp-content\/uploads\/2020\/09\/Bg.erweiterung.jpg 1266w\" sizes=\"(max-width: 378px) 100vw, 378px\" \/><\/figure>\r\n<\/div>\r\n\r\n\r\n\r\n<p><strong><span class=\"has-inline-color\" style=\"color: #1505a5;\">2.\u00a0\u00a0\u00a0\u00a0\u00a0H\u00f6r-Videos und Audio-Dateien f\u00fcr das t\u00e4gliche H\u00f6ren des zu erlernenden Geigen-Repertoires<\/span><\/strong><\/p>\r\n\r\n\r\n\r\n<p><strong><span class=\"has-inline-color\" style=\"color: #1505a5;\">3.\u00a0\u00a0\u00a0\u00a0\u00a0Videos, die den Unterricht unterst\u00fctzen und zum Mitmachen auffordern<\/span><\/strong><\/p>\r\n\r\n\r\n\r\n<p class=\"has-text-color\" style=\"color: #1505a5;\"><strong>Au\u00dferdem sind noch hunderte von anderen Materialien verf\u00fcgbar wie<\/strong><\/p>\r\n\r\n\r\n\r\n<p><span class=\"has-inline-color has-black-color\">\u00b7\u00a0\u00a0\u00a0\u00a0\u00a0\u00a0\u00a0Ensemblest\u00fccke &#8211; nach Schwierigkeiten geordnet<\/span><\/p>\r\n\r\n\r\n\r\n<p><span class=\"has-inline-color has-black-color\">\u00b7\u00a0\u00a0\u00a0\u00a0\u00a0\u00a0\u00a0Artikel und Videos f\u00fcr Eltern und Sch\u00fcler<br \/>\u00b7\u00a0\u00a0\u00a0\u00a0\u00a0\u00a0\u00a0Hunderte von Noten im PDF-Format\u00a0 (u.a. Klavierbegleitungen, arrangiert von David Andruss)<\/span><\/p>\r\n\r\n\r\n\r\n<p>\u00b7\u00a0<span class=\"has-inline-color has-black-color\"> \u00a0 \u00a0 \u00a0ALLE Audio-Dateien zum Streamen und Herunterladen meiner Ver\u00f6ffentlichungen (von den Technikb\u00fcchern bis zu den Notenleseb\u00fcchern)<\/span><\/p>\r\n\r\n\r\n\r\n<p><span class=\"has-inline-color has-black-color\">\u00b7\u00a0\u00a0\u00a0\u00a0\u00a0\u00a0\u00a0und vieles mehr.<\/span><\/p>\r\n\r\n\r\n\r\n<div class=\"wp-block-image\">\r\n<figure class=\"aligncenter size-large is-resized\"><img decoding=\"async\" loading=\"lazy\" class=\"wp-image-9837\" src=\"https:\/\/www.germansuzuki.de\/wp-content\/uploads\/2020\/09\/Tante_Rhody_Titel_breit-1024x341.jpg\" alt=\"\" width=\"561\" height=\"186\" srcset=\"https:\/\/www.germansuzuki.de\/wp-content\/uploads\/2020\/09\/Tante_Rhody_Titel_breit-1024x341.jpg 1024w, https:\/\/www.germansuzuki.de\/wp-content\/uploads\/2020\/09\/Tante_Rhody_Titel_breit-300x100.jpg 300w, https:\/\/www.germansuzuki.de\/wp-content\/uploads\/2020\/09\/Tante_Rhody_Titel_breit-768x256.jpg 768w, https:\/\/www.germansuzuki.de\/wp-content\/uploads\/2020\/09\/Tante_Rhody_Titel_breit-1536x512.jpg 1536w, https:\/\/www.germansuzuki.de\/wp-content\/uploads\/2020\/09\/Tante_Rhody_Titel_breit-2048x683.jpg 2048w\" sizes=\"(max-width: 561px) 100vw, 561px\" \/><\/figure>\r\n<\/div>\r\n\r\n\r\n\r\n<p><span class=\"has-inline-color has-black-color\">Kollegen, die den Einsatz der Mediathek mit ihren Sch\u00fclern getestet haben, berichteten begeistert von dem gro\u00dfen Aufschwung, den ihr Unterricht erfahren hat und von einer deutlichen Verbesserung ihrer \u00a0Sch\u00fcler.<br \/><br \/>Falls Sie die<\/span>\u00a0<span class=\"has-inline-color\" style=\"color: #1505a5;\"><strong>verg\u00fcnstigte STUDIO-LIZENZ<\/strong>\u00a0<\/span><span class=\"has-inline-color has-black-color\">nutzen wollen oder Fragen dazu haben, schreiben Sie doch bitte eine Email an unseren Herrn Kalkbrenner. Er wird Ihnen weiterhelfen.<\/span><br \/><br \/><strong><span class=\"has-inline-color\" style=\"color: #1505a5;\">Alles Gute zum Schuljahresbeginn!<\/span><\/strong><br \/><span class=\"has-inline-color has-black-color\">Kerstin Wartberg<\/span><\/p>\r\n","protected":false},"excerpt":{"rendered":"<p>Liebe DSG-Mitglieder! Vielleicht haben Sie sich bereits mit der neuen\u00a0Online-Mediathek besch\u00e4ftigt.\u00a0 www.imtex-online.com Diese ist extrem\u00a0benutzerfreundlich\u00a0und erleichtert Ihnen und Ihren Sch\u00fclern den Start ins neue Schuljahr. Die Audio- und Video-Dateien k\u00f6nnen&#8230;<\/p>\n","protected":false},"author":2,"featured_media":9855,"comment_status":"closed","ping_status":"closed","sticky":true,"template":"","format":"standard","meta":[],"categories":[3],"tags":[],"_links":{"self":[{"href":"https:\/\/www.germansuzuki.de\/index.php?rest_route=\/wp\/v2\/posts\/9836"}],"collection":[{"href":"https:\/\/www.germansuzuki.de\/index.php?rest_route=\/wp\/v2\/posts"}],"about":[{"href":"https:\/\/www.germansuzuki.de\/index.php?rest_route=\/wp\/v2\/types\/post"}],"author":[{"embeddable":true,"href":"https:\/\/www.germansuzuki.de\/index.php?rest_route=\/wp\/v2\/users\/2"}],"replies":[{"embeddable":true,"href":"https:\/\/www.germansuzuki.de\/index.php?rest_route=%2Fwp%2Fv2%2Fcomments&post=9836"}],"version-history":[{"count":55,"href":"https:\/\/www.germansuzuki.de\/index.php?rest_route=\/wp\/v2\/posts\/9836\/revisions"}],"predecessor-version":[{"id":10767,"href":"https:\/\/www.germansuzuki.de\/index.php?rest_route=\/wp\/v2\/posts\/9836\/revisions\/10767"}],"wp:featuredmedia":[{"embeddable":true,"href":"https:\/\/www.germansuzuki.de\/index.php?rest_route=\/wp\/v2\/media\/9855"}],"wp:attachment":[{"href":"https:\/\/www.germansuzuki.de\/index.php?rest_route=%2Fwp%2Fv2%2Fmedia&parent=9836"}],"wp:term":[{"taxonomy":"category","embeddable":true,"href":"https:\/\/www.germansuzuki.de\/index.php?rest_route=%2Fwp%2Fv2%2Fcategories&post=9836"},{"taxonomy":"post_tag","embeddable":true,"href":"https:\/\/www.germansuzuki.de\/index.php?rest_route=%2Fwp%2Fv2%2Ftags&post=9836"}],"curies":[{"name":"wp","href":"https:\/\/api.w.org\/{rel}","templated":true}]}}