{"id":9755,"date":"2020-08-03T20:52:58","date_gmt":"2020-08-03T18:52:58","guid":{"rendered":"https:\/\/www.germansuzuki.de\/?p=9755"},"modified":"2024-12-20T09:47:17","modified_gmt":"2024-12-20T07:47:17","slug":"unsere-neu-gestaltete-mediathek-ist-online","status":"publish","type":"post","link":"https:\/\/www.germansuzuki.de\/?p=9755","title":{"rendered":"Unsere neu gestaltete Mediathek ist ONLINE!"},"content":{"rendered":"[vc_row type=&#8220;in_container&#8220; full_screen_row_position=&#8220;middle&#8220; scene_position=&#8220;center&#8220; text_color=&#8220;dark&#8220; text_align=&#8220;left&#8220; overlay_strength=&#8220;0.3&#8243; shape_divider_position=&#8220;bottom&#8220;][vc_column column_padding=&#8220;no-extra-padding&#8220; column_padding_position=&#8220;all&#8220; background_color_opacity=&#8220;1&#8243; background_hover_color_opacity=&#8220;1&#8243; column_shadow=&#8220;none&#8220; column_border_radius=&#8220;none&#8220; width=&#8220;1\/1&#8243; tablet_text_alignment=&#8220;default&#8220; phone_text_alignment=&#8220;default&#8220; column_border_width=&#8220;none&#8220; column_border_style=&#8220;solid&#8220;][vc_column_text]<a href=\"https:\/\/www.germansuzuki.de\/wp-content\/uploads\/2020\/08\/Kopfzeile.jpg\"><img decoding=\"async\" loading=\"lazy\" class=\"aligncenter size-large wp-image-9756\" src=\"https:\/\/www.germansuzuki.de\/wp-content\/uploads\/2020\/08\/Kopfzeile-1024x157.jpg\" alt=\"\" width=\"1024\" height=\"157\" srcset=\"https:\/\/www.germansuzuki.de\/wp-content\/uploads\/2020\/08\/Kopfzeile-1024x157.jpg 1024w, https:\/\/www.germansuzuki.de\/wp-content\/uploads\/2020\/08\/Kopfzeile-300x46.jpg 300w, https:\/\/www.germansuzuki.de\/wp-content\/uploads\/2020\/08\/Kopfzeile-768x118.jpg 768w\" sizes=\"(max-width: 1024px) 100vw, 1024px\" \/><\/a><br \/>\n<span style=\"color: #000000;\"><strong><br \/>\nLiebe Mitglieder, Freunde und F\u00f6rderer der Deutschen Suzuki Gesellschaft e.V.!<\/strong><\/span><\/p>\n<p><span style=\"color: #000000;\">Endlich ist es so weit:<\/span><br \/>\n<span style=\"color: #000000;\">Unsere neu gestaltete\u00a0<span class=\"il\">Mediathek<\/span>\u00a0ist ONLINE!<\/span><\/p>\n<p><span style=\"color: #000000;\">Wir freuen uns sehr, Ihnen ab sofort unsere neue\u00a0<span class=\"il\">Mediathek<\/span>\u00a0in frischem Design pr\u00e4sentieren zu k\u00f6nnen, nachdem wir sie in monatelanger technischer, optischer und vor allem inhaltlicher Hinsicht \u00fcberarbeitet haben. Sie ist viel reichhaltiger, moderner und kann von allen Ger\u00e4ten wie Laptops, Tablets, Smartphones und Fernsehger\u00e4ten genutzt werden.<\/span><\/p>\n<p><span style=\"color: #000000;\">Unsere Online-<span class=\"il\">Mediathek<\/span>\u00a0entstand bereits im Jahr 2004. In den letzten 16 Jahren hat sich die Technik extrem weiter entwickelt, so dass eine Aufr\u00fcstung unausweichlich war. Au\u00dferdem zeigte sich aufgrund der weltweiten Pandemie, wie hilfreich es f\u00fcr Lehrer und Sch\u00fcler ist, den online-Unterricht durch gut strukturiertes, digitales Unterrichtsmaterial zu unterst\u00fctzen und die\u00a0<span class=\"il\">Mediathek<\/span>\u00a0an die sich ver\u00e4ndernden Gegebenheiten anzupassen.<\/span><\/p>\n<p><span style=\"color: #000000;\"><strong>Alle DSG-Mitglieder haben nach wie vor einen kostenfreien Zugang zur\u00a0<span class=\"il\">Mediathek<\/span>.<\/strong>\u00a0Bitte melden Sie sich mit Ihren bestehenden Zugangsdaten in der neuen\u00a0<span class=\"il\">Mediathek<\/span>\u00a0an oder schreiben Sie an Herrn Kalkbrenner (<a style=\"color: #000000;\" href=\"mailto:info@germansuzuki.com\" target=\"_blank\" rel=\"noopener noreferrer\">info@germansuzuki.com<\/a>), falls Sie Ihre Zugangsdaten nicht mehr haben. Wir werden Ihnen dann neue zukommen lassen.<\/span><\/p>\n<p><span style=\"color: #000000;\">Ein anderer wichtiger Punkt:\u00a0<strong>Die alten Emailadressen mit der Endung @<a style=\"color: #000000;\" href=\"http:\/\/germansuzuki.de\/\" target=\"_blank\" rel=\"noopener noreferrer\" data-saferedirecturl=\"https:\/\/www.google.com\/url?q=http:\/\/germansuzuki.de&amp;source=gmail&amp;ust=1596564706291000&amp;usg=AFQjCNE1_8FVKJjNJdmT1ludPsfXAmpP-A\">germansuzuki.de<\/a>\u00a0sind ja schon seit Jahren nicht mehr aktiv.<\/strong>\u00a0Wer dennoch eine solche Emailadresse als Zugang f\u00fcr die\u00a0<span class=\"il\">Mediathek<\/span>\u00a0verwendet, sollte sich ebenso mit einer aktuellen Email-Adresse neu anmelden und dies aber vorher Herrn Kalkbrenner mitteilen, damit er Sie freischalten kann.<\/span><\/p>\n<p><span style=\"color: #000000;\">Sie erreichen die\u00a0<span class=\"il\">Mediathek<\/span>\u00a0nun unter folgendem Link:<\/span><br \/>\n<a href=\"https:\/\/germansuzuki.us19.list-manage.com\/track\/click?u=34074f2659fb69c8948acbda1&amp;id=8e197807b2&amp;e=31f8e1b098\" target=\"_blank\" rel=\"noopener noreferrer\" data-saferedirecturl=\"https:\/\/www.google.com\/url?q=https:\/\/germansuzuki.us19.list-manage.com\/track\/click?u%3D34074f2659fb69c8948acbda1%26id%3D8e197807b2%26e%3D31f8e1b098&amp;source=gmail&amp;ust=1596564706291000&amp;usg=AFQjCNGlA7urCFz0hPduZjcLnuP-UNr7FQ\">https:\/\/www.imtex-online.com<\/a>[\/vc_column_text][\/vc_column][\/vc_row][vc_row type=&#8220;in_container&#8220; full_screen_row_position=&#8220;middle&#8220; scene_position=&#8220;center&#8220; text_color=&#8220;dark&#8220; text_align=&#8220;left&#8220; overlay_strength=&#8220;0.3&#8243; shape_divider_position=&#8220;bottom&#8220;][vc_column column_padding=&#8220;no-extra-padding&#8220; column_padding_position=&#8220;all&#8220; background_color_opacity=&#8220;1&#8243; background_hover_color_opacity=&#8220;1&#8243; column_shadow=&#8220;none&#8220; column_border_radius=&#8220;none&#8220; width=&#8220;1\/1&#8243; tablet_text_alignment=&#8220;default&#8220; phone_text_alignment=&#8220;default&#8220; column_border_width=&#8220;none&#8220; column_border_style=&#8220;solid&#8220;][vc_column_text]<span style=\"color: #000000;\"><strong>Wir m\u00f6chten Sie jetzt zu einem kleinen Rundgang durch die Online-<span class=\"il\">Mediathek<\/span>\u00a0einladen und Ihnen einen kurzen \u00dcberblick \u00fcber die wichtigsten Neuerungen geben.<\/strong><\/span>[\/vc_column_text][\/vc_column][\/vc_row][vc_row type=&#8220;in_container&#8220; full_screen_row_position=&#8220;middle&#8220; scene_position=&#8220;center&#8220; text_color=&#8220;dark&#8220; text_align=&#8220;left&#8220; overlay_strength=&#8220;0.3&#8243; shape_divider_position=&#8220;bottom&#8220;][vc_column column_padding=&#8220;no-extra-padding&#8220; column_padding_position=&#8220;all&#8220; background_color_opacity=&#8220;1&#8243; background_hover_color_opacity=&#8220;1&#8243; column_shadow=&#8220;none&#8220; column_border_radius=&#8220;none&#8220; width=&#8220;1\/2&#8243; tablet_text_alignment=&#8220;default&#8220; phone_text_alignment=&#8220;default&#8220; column_border_width=&#8220;none&#8220; column_border_style=&#8220;solid&#8220;][vc_column_text]\n<h2><span style=\"color: #000000;\">1. T\u00e4gliches H\u00f6ren<\/span><\/h2>\n<p><span style=\"color: #000000;\">T\u00e4gliches H\u00f6ren der zu erlernenden Musikst\u00fccke ist eines der wichtigsten Elemente der Muttersprachen-Methode.<\/span><\/p>\n<p><span style=\"color: #000000;\">In der Online-<span class=\"il\">Mediathek<\/span>\u00a0finden Eltern mehrere M\u00f6glichkeiten, ihrem Kind die notwendigen Audio-Aufnahmen ohne gro\u00dfen Aufwand vorzuspielen. Dies ist f\u00fcr die meist vielbesch\u00e4ftigten Eltern eine gro\u00dfe Erleichterung. Im Abschnitt \u201eT\u00e4gliches H\u00f6ren\u201c finden Sie alle Hauptst\u00fccke der B\u00e4nde 1A &#8211; 5B der Suzuki- Violinschule sowie der Violin-Reihen Schritt f\u00fcr Schritt und Vorspiel-Training.<\/span><\/p>\n<p><span style=\"color: #000000;\">F\u00fcr jeden Band sind alle betreffenden St\u00fccke in einer einzigen MP3-Datei oder auch in einem YouTube-Video zusammengefasst worden.<\/span><br \/>\n<span style=\"color: #000000;\"><a style=\"color: #000000;\" href=\"https:\/\/www.germansuzuki.de\/wp-content\/uploads\/2020\/08\/1C_MP3_Stream.jpg\"><img decoding=\"async\" loading=\"lazy\" class=\"aligncenter size-large wp-image-9758\" src=\"https:\/\/www.germansuzuki.de\/wp-content\/uploads\/2020\/08\/1C_MP3_Stream-1024x158.jpg\" alt=\"\" width=\"1024\" height=\"158\" srcset=\"https:\/\/www.germansuzuki.de\/wp-content\/uploads\/2020\/08\/1C_MP3_Stream-1024x158.jpg 1024w, https:\/\/www.germansuzuki.de\/wp-content\/uploads\/2020\/08\/1C_MP3_Stream-300x46.jpg 300w, https:\/\/www.germansuzuki.de\/wp-content\/uploads\/2020\/08\/1C_MP3_Stream-768x118.jpg 768w, https:\/\/www.germansuzuki.de\/wp-content\/uploads\/2020\/08\/1C_MP3_Stream.jpg 1104w\" sizes=\"(max-width: 1024px) 100vw, 1024px\" \/><\/a><\/span>[\/vc_column_text][\/vc_column][vc_column column_padding=&#8220;no-extra-padding&#8220; column_padding_position=&#8220;all&#8220; background_color_opacity=&#8220;1&#8243; background_hover_color_opacity=&#8220;1&#8243; column_shadow=&#8220;none&#8220; column_border_radius=&#8220;none&#8220; width=&#8220;1\/6&#8243; tablet_text_alignment=&#8220;default&#8220; phone_text_alignment=&#8220;default&#8220; column_border_width=&#8220;none&#8220; column_border_style=&#8220;solid&#8220;][\/vc_column][vc_column column_padding=&#8220;no-extra-padding&#8220; column_padding_position=&#8220;all&#8220; background_color_opacity=&#8220;1&#8243; background_hover_color_opacity=&#8220;1&#8243; column_shadow=&#8220;none&#8220; column_border_radius=&#8220;none&#8220; width=&#8220;1\/3&#8243; tablet_text_alignment=&#8220;default&#8220; phone_text_alignment=&#8220;default&#8220; column_border_width=&#8220;none&#8220; column_border_style=&#8220;solid&#8220;][vc_column_text]<a href=\"https:\/\/www.germansuzuki.de\/wp-content\/uploads\/2020\/08\/1A_Taegl.Hoeren.jpg\"><img decoding=\"async\" loading=\"lazy\" class=\"aligncenter size-full wp-image-9757\" src=\"https:\/\/www.germansuzuki.de\/wp-content\/uploads\/2020\/08\/1A_Taegl.Hoeren.jpg\" alt=\"\" width=\"556\" height=\"731\" srcset=\"https:\/\/www.germansuzuki.de\/wp-content\/uploads\/2020\/08\/1A_Taegl.Hoeren.jpg 556w, https:\/\/www.germansuzuki.de\/wp-content\/uploads\/2020\/08\/1A_Taegl.Hoeren-228x300.jpg 228w\" sizes=\"(max-width: 556px) 100vw, 556px\" \/><\/a>[\/vc_column_text][\/vc_column][\/vc_row][vc_row type=&#8220;in_container&#8220; full_screen_row_position=&#8220;middle&#8220; scene_position=&#8220;center&#8220; text_color=&#8220;dark&#8220; text_align=&#8220;left&#8220; overlay_strength=&#8220;0.3&#8243; shape_divider_position=&#8220;bottom&#8220;][vc_column column_padding=&#8220;no-extra-padding&#8220; column_padding_position=&#8220;all&#8220; background_color_opacity=&#8220;1&#8243; background_hover_color_opacity=&#8220;1&#8243; column_shadow=&#8220;none&#8220; column_border_radius=&#8220;none&#8220; width=&#8220;1\/2&#8243; tablet_text_alignment=&#8220;default&#8220; phone_text_alignment=&#8220;default&#8220; column_border_width=&#8220;none&#8220; column_border_style=&#8220;solid&#8220;][vc_column_text]<span style=\"color: #000000;\">Dadurch wird das t\u00e4gliche H\u00f6ren einfacher denn je, weil es von \u00fcberall her mit einem internetf\u00e4higen Ger\u00e4t erfolgen kann.<\/span><\/p>\n<h3><span style=\"color: #000000;\">Die\u00a0<span class=\"il\">Mediathek<\/span>\u00a0bietet somit\u00a0<strong>einen benutzerfreundlichen Zugang zu allen zugeh\u00f6rigen Audio-Dateien. Diese k\u00f6nnen sowohl gestreamt als auch heruntergeladen werden.<\/strong><\/span><\/h3>\n[\/vc_column_text][\/vc_column][vc_column column_padding=&#8220;no-extra-padding&#8220; column_padding_position=&#8220;all&#8220; background_color_opacity=&#8220;1&#8243; background_hover_color_opacity=&#8220;1&#8243; column_shadow=&#8220;none&#8220; column_border_radius=&#8220;none&#8220; width=&#8220;1\/2&#8243; tablet_text_alignment=&#8220;default&#8220; phone_text_alignment=&#8220;default&#8220; column_border_width=&#8220;none&#8220; column_border_style=&#8220;solid&#8220;][vc_video link=&#8220;https:\/\/www.youtube.com\/watch?v=8NGwRzGWXlY&#8220;][\/vc_column][\/vc_row][vc_row type=&#8220;in_container&#8220; full_screen_row_position=&#8220;middle&#8220; scene_position=&#8220;center&#8220; text_color=&#8220;dark&#8220; text_align=&#8220;left&#8220; overlay_strength=&#8220;0.3&#8243; shape_divider_position=&#8220;bottom&#8220;][vc_column column_padding=&#8220;no-extra-padding&#8220; column_padding_position=&#8220;all&#8220; background_color_opacity=&#8220;1&#8243; background_hover_color_opacity=&#8220;1&#8243; column_shadow=&#8220;none&#8220; column_border_radius=&#8220;none&#8220; width=&#8220;1\/2&#8243; tablet_text_alignment=&#8220;default&#8220; phone_text_alignment=&#8220;default&#8220; column_border_width=&#8220;none&#8220; column_border_style=&#8220;solid&#8220;][vc_column_text]<a href=\"https:\/\/www.germansuzuki.de\/wp-content\/uploads\/2020\/08\/2A_Begleit-Tracks.jpg\"><img decoding=\"async\" loading=\"lazy\" class=\"alignleft wp-image-9774\" src=\"https:\/\/www.germansuzuki.de\/wp-content\/uploads\/2020\/08\/2A_Begleit-Tracks.jpg\" alt=\"\" width=\"304\" height=\"506\" srcset=\"https:\/\/www.germansuzuki.de\/wp-content\/uploads\/2020\/08\/2A_Begleit-Tracks.jpg 448w, https:\/\/www.germansuzuki.de\/wp-content\/uploads\/2020\/08\/2A_Begleit-Tracks-180x300.jpg 180w\" sizes=\"(max-width: 304px) 100vw, 304px\" \/><\/a>[\/vc_column_text][\/vc_column][vc_column column_padding=&#8220;no-extra-padding&#8220; column_padding_position=&#8220;all&#8220; background_color_opacity=&#8220;1&#8243; background_hover_color_opacity=&#8220;1&#8243; column_shadow=&#8220;none&#8220; column_border_radius=&#8220;none&#8220; width=&#8220;1\/2&#8243; tablet_text_alignment=&#8220;default&#8220; phone_text_alignment=&#8220;default&#8220; column_border_width=&#8220;none&#8220; column_border_style=&#8220;solid&#8220;][vc_column_text]\n<h2><\/h2>\n<h2><span style=\"color: #000000;\">2. Begleit-Tracks<\/span><\/h2>\n<p><span style=\"color: #000000;\">Die Erfahrung hat uns gezeigt, dass die Sch\u00fclerinnen und Sch\u00fcler l\u00e4nger und mit mehr Freude \u00fcben, wenn sie die M\u00f6glichkeit haben, dies mit einer ausgezeichneten Klavierbegleitung zu tun. Das \u00dcben macht einfach mehr Spa\u00df &#8211; und eine l\u00e4ngere \u00dcbezeit, besonders wenn sie systematisch in kleinere Abschnitte\u00a0 aufgeteilt wird, f\u00fchrt zu effektiverem Lernen.<\/span><\/p>\n<p><span style=\"color: #000000;\">Das \u00dcben mit dem \u201eDrei-Tempi-Prinzip\u201c hilft den Sch\u00fclern, die Noten sicher zu erlernen, mit stabilem Rhythmus und genauer Intonation zu spielen und ein Bewusstsein f\u00fcr musikalischen Ausdruck und Harmonie zu entwickeln.<\/span><\/p>\n<p><span style=\"color: #000000;\">Die Reihe \u201eConcert Time\u201c ist eine Sammlung aller St\u00fccke im Vorspieltempo und eignet sich sehr gut f\u00fcr Hauskonzerte und zur Repertoire-Wiederholung.<\/span>[\/vc_column_text][\/vc_column][\/vc_row][vc_row type=&#8220;in_container&#8220; full_screen_row_position=&#8220;middle&#8220; scene_position=&#8220;center&#8220; text_color=&#8220;dark&#8220; text_align=&#8220;left&#8220; overlay_strength=&#8220;0.3&#8243; shape_divider_position=&#8220;bottom&#8220;][vc_column column_padding=&#8220;no-extra-padding&#8220; column_padding_position=&#8220;all&#8220; background_color_opacity=&#8220;1&#8243; background_hover_color_opacity=&#8220;1&#8243; column_shadow=&#8220;none&#8220; column_border_radius=&#8220;none&#8220; width=&#8220;1\/2&#8243; tablet_text_alignment=&#8220;default&#8220; phone_text_alignment=&#8220;default&#8220; column_border_width=&#8220;none&#8220; column_border_style=&#8220;solid&#8220;][vc_column_text]\n<h2><span style=\"color: #000000;\">3. Vollst\u00e4ndige Audio-Alben<\/span><\/h2>\n<p><span style=\"color: #000000;\">Dieser Bereich enth\u00e4lt die kompletten Audio-Alben aus den drei Violintechnik-B\u00fcchern<\/span><\/p>\n<ul>\n<li><span style=\"color: #000000;\">Mein erstes Technikbuch<\/span><\/li>\n<li><span style=\"color: #000000;\">Mein zweites Technikbuch<\/span><\/li>\n<li><span style=\"color: #000000;\">So macht Violintechnik Spa\u00df<\/span><\/li>\n<\/ul>\n<p><span style=\"color: #000000;\">sowie mehrerer anderer Publikationen von Kerstin Wartberg<\/span><\/p>\n<ul>\n<li><span style=\"color: #000000;\">Schritt f\u00fcr Schritt<\/span><\/li>\n<li><span style=\"color: #000000;\">Vorspiel-Training<\/span><\/li>\n<li><span style=\"color: #000000;\">Mein erstes Notenlesebuch<\/span><\/li>\n<li><span style=\"color: #000000;\">Mein zweites Notenlesebuch<\/span><\/li>\n<li><span style=\"color: #000000;\">Mein Trio-Buch<\/span><\/li>\n<li><span style=\"color: #000000;\">Pre-Twinkle Materialien<\/span><\/li>\n<\/ul>\n<p><span style=\"color: #000000;\">Viele von diesen Audio-Dateien sind seit 2004 Bestandteil der Online-<span class=\"il\">Mediathek<\/span>. Andere wurden vor mehr als 20 Jahren vom Deutschen Suzuki Institut unter eigenem Urheberrechtsschutz produziert und dienten jahrelang als Testdateien.<\/span><br \/>\n<span style=\"color: #000000;\">Auch heute noch sind die Aufnahmen nach wie vor n\u00fctzlich und k\u00f6nnen problemlos mit oben genannten Unterrichtsmaterialien werden.<\/span>[\/vc_column_text][\/vc_column][vc_column column_padding=&#8220;no-extra-padding&#8220; column_padding_position=&#8220;all&#8220; background_color_opacity=&#8220;1&#8243; background_hover_color_opacity=&#8220;1&#8243; column_shadow=&#8220;none&#8220; column_border_radius=&#8220;none&#8220; width=&#8220;1\/6&#8243; tablet_text_alignment=&#8220;default&#8220; phone_text_alignment=&#8220;default&#8220; column_border_width=&#8220;none&#8220; column_border_style=&#8220;solid&#8220;][\/vc_column][vc_column column_padding=&#8220;no-extra-padding&#8220; column_padding_position=&#8220;all&#8220; background_color_opacity=&#8220;1&#8243; background_hover_color_opacity=&#8220;1&#8243; column_shadow=&#8220;none&#8220; column_border_radius=&#8220;none&#8220; width=&#8220;1\/3&#8243; tablet_text_alignment=&#8220;default&#8220; phone_text_alignment=&#8220;default&#8220; column_border_width=&#8220;none&#8220; column_border_style=&#8220;solid&#8220;][vc_column_text]\n<div id=\"85\" class=\"uminhalt\">\n<h5 id=\"inhalt\"><a href=\"https:\/\/www.imtex-online.com\/mediathek\/?page_id=44&amp;artnumber=2WC4GRAUjLhrcOubROhqr8o2Uiwty%2Ban2tllf1nvDuFBRnr5x5anvbbXenAq9tAiE%2FQ1ZouGfsj9b4gtJTjjxQ%3D%3D&amp;artnumber2=HJ7BXBvUwD5injliBeJNKg%3D%3D\"> Band 1A &#8211; Vollst\u00e4ndiges Audio-Album<\/a><\/h5>\n<h5 id=\"inhalt\"><a href=\"https:\/\/www.imtex-online.com\/mediathek\/?page_id=44&amp;artnumber=v6zAbyFb%2FMALr5D%2Bas7BNIObtsSeoxhgZVEaZqYDVUPjyuYcEcbXZsqxOWX3Vs9vLtfeJ5ZQ8qKaV1b3zZoThw%3D%3D&amp;artnumber2=ChvBW%2B%2B6jfbSaHm3MoSVfw%3D%3D\"> Band 1B &#8211; Vollst\u00e4ndiges Audio-Album<\/a><\/h5>\n<h5 id=\"inhalt\"><a href=\"https:\/\/www.imtex-online.com\/mediathek\/?page_id=44&amp;artnumber=ge%2F4xWMGLHWdBQG%2BQ%2Fvrd0oIf35bBV4MRd%2Fs1pUpHLRy70F9DbYq%2BB35YddpESb8e%2B6JMWRiDXPFQurRs%2FMjYQ%3D%3D&amp;artnumber2=RNugFoIJJWJl91Uk%2BoVKxA%3D%3D\"> Band 2A &#8211; Vollst\u00e4ndiges Audio-Album<\/a><\/h5>\n<h5 id=\"inhalt\"><a href=\"https:\/\/www.imtex-online.com\/mediathek\/?page_id=44&amp;artnumber=oRpaNtNfFrfVdRld1KSXTi2KrFZlhGXPnQagwG1RO%2FXI77YD4OLR3LPjG3VM5rU6KcIAe98l8Nt0W0uy1bfDaA%3D%3D&amp;artnumber2=kfQO4civWYWq8pHr7qMfKw%3D%3D\"> Band 2B &#8211; Vollst\u00e4ndiges Audio-Album<\/a><\/h5>\n<h5 id=\"inhalt\"><a href=\"https:\/\/www.imtex-online.com\/mediathek\/?page_id=44&amp;artnumber=5IKQtmd4KhldOMKlg0YBjHEFRjcy9EJVJdOmcoQ9LEKpWUQgIOAXqaTsVv8v%2F59%2B88UQVwdiv5s5gyd%2F%2BL8Xdg%3D%3D&amp;artnumber2=RZ2VURvAx5V1P9%2Bwv97RQA%3D%3D\"> Band 3A &#8211; Vollst\u00e4ndiges Audio-Album<\/a><\/h5>\n<h5 id=\"inhalt\"><a href=\"https:\/\/www.imtex-online.com\/mediathek\/?page_id=44&amp;artnumber=d0eH1wroDZUczhU0QpgKC30fDZvXTlSpS%2B%2BPDbR4LoZevBO1Z8Q2XZSYt%2FXw9CE6M6kFgm%2FUKbIYvFE0fe6jLg%3D%3D&amp;artnumber2=xn6Z6oRkEGbtFAr0I9SCBw%3D%3D\"> Band 3B &#8211; Vollst\u00e4ndiges Audio-Album<\/a><\/h5>\n<h5 id=\"inhalt\"><a href=\"https:\/\/www.imtex-online.com\/mediathek\/?page_id=44&amp;artnumber=38Gfv%2FoW1rC39A17D1L0HBUVyVnYOrBFpcWyh1ojO3%2FPBSoQJai6kqTzMbcC4Ck%2F6u4qAQDZu%2BE%2BWPWOekvNqQ%3D%3D&amp;artnumber2=3zlcI0vfh%2BsO4m2ga%2FsXcg%3D%3D\"> Band 4A &#8211; Vollst\u00e4ndiges Audio-Album<\/a><\/h5>\n<h5 id=\"inhalt\"><a href=\"https:\/\/www.imtex-online.com\/mediathek\/?page_id=44&amp;artnumber=vaxPpZ3Usk6ZB87gQgnSeJ2zwd7%2FgZf9xld%2BJDZfLm%2F11GNJX8rjDc7sXdsV3TFz2hqjGiPFpBef1SBYsM6f6w%3D%3D&amp;artnumber2=%2BcXua4cMBWjq2SOzi655IQ%3D%3D\"> Band 4B &#8211; Vollst\u00e4ndiges Audio-Album<\/a><\/h5>\n<h5 id=\"inhalt\"><a href=\"https:\/\/www.imtex-online.com\/mediathek\/?page_id=44&amp;artnumber=V1ozUxXfuVyzoGHMWHnMhqeYHQHZIxUWyNUg%2FCkNVxU9fU4IWUPXOxZ9M69GAQSPPrw3pUq%2BcQVj0r%2FcDfaCOQ%3D%3D&amp;artnumber2=6Uvzk6hz7HpcgY3Hx%2FCaGA%3D%3D\"> Band 5A &#8211; Vollst\u00e4ndiges Audio-Album<\/a><\/h5>\n<h5 id=\"inhalt\"><a href=\"https:\/\/www.imtex-online.com\/mediathek\/?page_id=44&amp;artnumber=DDPUiQLxnRMRZuh0f5ifU%2BFIwasbu3mpOiaPNJ%2Fb2f7AjuQ%2F4%2BuojGdaiBQiK7gOv1%2FqPFxXl5p7qMFV0BEdeg%3D%3D&amp;artnumber2=UROA%2FLgrU%2Bhu5jS9xPGh2Q%3D%3D\"> Band 5B &#8211; Vollst\u00e4ndiges Audio-Album<\/a><\/h5>\n<h5 id=\"inhalt\"><a href=\"https:\/\/www.imtex-online.com\/mediathek\/?page_id=44&amp;artnumber=twGZDMU5wjyj9nhnkL959iCQsIZKKagLw17Upc6p6n%2FYcaoIhTIukLgB0I8lEtzMkoRgApBeBgjHNz73fJW1GA%3D%3D&amp;artnumber2=UN06WI%2BYEsWMkfbwZfQEIg%3D%3D\"> Mein erstes Technikbuch (Suzuki 1-2)<\/a><\/h5>\n<h5 id=\"inhalt\"><a href=\"https:\/\/www.imtex-online.com\/mediathek\/?page_id=44&amp;artnumber=ClFTVzrjifYpKwZrEZ9DecD6MaGvaTUqpXNPbeP6KTPipxC%2F9evLlT97EbXL%2BynufBJPKXUoEkvL0uF9B4Dy2Q%3D%3D&amp;artnumber2=oDo2%2FGKfKNUkfl%2BFkLyBhg%3D%3D\"> Mein zweites Technikbuch (Suzuki 2-3)<\/a><\/h5>\n<h5 id=\"inhalt\"><a href=\"https:\/\/www.imtex-online.com\/mediathek\/?page_id=44&amp;artnumber=vKFN3p7qv6rXvJCB7rLDXLAxYPiqXf9AlNPtuxy8%2B4zmX4DvFbXdILbGUPUgYRHatLY4QkweVuaKetiPq0wV5Q%3D%3D&amp;artnumber2=ypkZKC2OHnwpzpb39dRzpA%3D%3D\"> So macht Violintechnik Spa\u00df, Tracks 1 &#8211; 40<\/a><\/h5>\n<h5 id=\"inhalt\"><a href=\"https:\/\/www.imtex-online.com\/mediathek\/?page_id=44&amp;artnumber=ohRFK4NQ7rzbyl%2BrKdKXFkFj9wLF41Gxm4OvARXFgOUuMRx8jwrub83nDkp1QDR2S%2FfEstf%2BJ03tGzhWG6QWdg%3D%3D&amp;artnumber2=vXOJkCxit2Fhbc1ASfFCGA%3D%3D\"> So macht Violintechnik Spa\u00df, Tracks 41 &#8211; 76<\/a><\/h5>\n<h5 id=\"inhalt\"><a href=\"https:\/\/www.imtex-online.com\/mediathek\/?page_id=44&amp;artnumber=37GceqgGbLeyPnMVarICip0Y27s7O%2FDNq8DhZHLH70xWCMaEtX%2Bw6SIBEVzrN%2BFdV23RFrvp1HVVoPe18oqubw%3D%3D&amp;artnumber2=zdFqJAj9hvE3AFgjMHUJew%3D%3D\">Mein erstes Notenlesebuch<\/a><\/h5>\n<h5 id=\"inhalt\"><a href=\"https:\/\/www.imtex-online.com\/mediathek\/?page_id=44&amp;artnumber=cSablBZizRJ4jIZrSR5aEDK3%2BmlprBmId5b2dpAwM5EbFVcCXkh7eSq%2FycYHXDbqES1xHEAGjqrkOFfnuakcTw%3D%3D&amp;artnumber2=kBrfULC3Bd6Wh9cfg84orQ%3D%3D\">MEIN TRIO-BUCH (Arr. f\u00fcr 2 Violinen &amp; Viola)<\/a><\/h5>\n<h5 id=\"inhalt\"><a href=\"https:\/\/www.imtex-online.com\/mediathek\/?page_id=44&amp;artnumber=hw4%2BfJJgV%2BIC1sKiXGTKDemm6KV1pCjmR%2FwmbyqNOMMRuJ%2F9hKafKWvz3wKyEN85T4OegpzVP6EOhBOkNwLKAg%3D%3D&amp;artnumber2=IBQKp5WavMOL3%2FRmUlpl9A%3D%3D\">Mein zweites Notenlesebuch<\/a><\/h5>\n<h5 id=\"inhalt\"><a href=\"https:\/\/www.imtex-online.com\/mediathek\/?page_id=44&amp;artnumber=82GDRRgDELB7AiTtQ0cu6grXEbiryl1tNzA9lB1r6hcHYSdXpfwpV91uDhQ9cfU20H4FJY4dyjQIifNpnBOb6Q%3D%3D&amp;artnumber2=rkP908cdgwHmtjVSMfwTdQ%3D%3D\">Pre-Twinkle Material von Krigbaum\/Wartberg <\/a><\/h5>\n<\/div>\n[\/vc_column_text][\/vc_column][\/vc_row][vc_row type=&#8220;in_container&#8220; full_screen_row_position=&#8220;middle&#8220; scene_position=&#8220;center&#8220; text_color=&#8220;dark&#8220; text_align=&#8220;left&#8220; overlay_strength=&#8220;0.3&#8243; shape_divider_position=&#8220;bottom&#8220;][vc_column column_padding=&#8220;no-extra-padding&#8220; column_padding_position=&#8220;all&#8220; background_color_opacity=&#8220;1&#8243; background_hover_color_opacity=&#8220;1&#8243; column_shadow=&#8220;none&#8220; column_border_radius=&#8220;none&#8220; width=&#8220;2\/3&#8243; tablet_text_alignment=&#8220;default&#8220; phone_text_alignment=&#8220;default&#8220; column_border_width=&#8220;none&#8220; column_border_style=&#8220;solid&#8220;][vc_column_text]\n<h3 style=\"text-align: left;\"><span style=\"color: #000000;\">4. Klavierbegleitungen: Noten<\/span><br \/>\n<span style=\"color: #000000;\">5. Lernen in kleinen Schritten: Ausz\u00fcge aus unseren Publikationen<\/span><\/h3>\n<h2><\/h2>\n<h2><\/h2>\n<h2><\/h2>\n[\/vc_column_text]<div class=\"divider-wrap\"><div style=\"height: 25px;\" class=\"divider\"><\/div><\/div><div class=\"divider-wrap\"><div style=\"height: 25px;\" class=\"divider\"><\/div><\/div><div class=\"divider-wrap\"><div style=\"height: 25px;\" class=\"divider\"><\/div><\/div>[vc_column_text]\n<h2><\/h2>\n<h2 style=\"text-align: left;\"><span style=\"color: #000000;\">6. Ensemblemusik<\/span><\/h2>\n<p><span style=\"color: #000000;\"><strong>Die Online-<span class=\"il\">Mediathek<\/span>\u00a0enth\u00e4lt au\u00dferdem noch viele andere hilfreiche Angebote:<br \/>\n<\/strong><\/span><br \/>\n<span style=\"color: #000000;\">Z.B. Ensemblest\u00fccke, aufgelistet nach Schwierigkeitsgrad und Anlass, mit Partitur und Stimmen, teilweise mit Audio-Aufnahmen und Videos.<\/span>[\/vc_column_text][\/vc_column][vc_column column_padding=&#8220;no-extra-padding&#8220; column_padding_position=&#8220;all&#8220; background_color_opacity=&#8220;1&#8243; background_hover_color_opacity=&#8220;1&#8243; column_shadow=&#8220;none&#8220; column_border_radius=&#8220;none&#8220; width=&#8220;1\/3&#8243; tablet_text_alignment=&#8220;default&#8220; phone_text_alignment=&#8220;default&#8220; column_border_width=&#8220;none&#8220; column_border_style=&#8220;solid&#8220;][vc_column_text]<a href=\"https:\/\/www.germansuzuki.de\/wp-content\/uploads\/2020\/08\/6A.-Ensemble_D.jpg\"><img decoding=\"async\" loading=\"lazy\" class=\"size-full wp-image-9785 alignright\" src=\"https:\/\/www.germansuzuki.de\/wp-content\/uploads\/2020\/08\/6A.-Ensemble_D.jpg\" alt=\"\" width=\"354\" height=\"380\" srcset=\"https:\/\/www.germansuzuki.de\/wp-content\/uploads\/2020\/08\/6A.-Ensemble_D.jpg 354w, https:\/\/www.germansuzuki.de\/wp-content\/uploads\/2020\/08\/6A.-Ensemble_D-279x300.jpg 279w\" sizes=\"(max-width: 354px) 100vw, 354px\" \/><\/a>[\/vc_column_text][\/vc_column][\/vc_row][vc_row type=&#8220;in_container&#8220; full_screen_row_position=&#8220;middle&#8220; scene_position=&#8220;center&#8220; text_color=&#8220;dark&#8220; text_align=&#8220;left&#8220; overlay_strength=&#8220;0.3&#8243; shape_divider_position=&#8220;bottom&#8220;][vc_column column_padding=&#8220;no-extra-padding&#8220; column_padding_position=&#8220;all&#8220; background_color_opacity=&#8220;1&#8243; background_hover_color_opacity=&#8220;1&#8243; column_shadow=&#8220;none&#8220; column_border_radius=&#8220;none&#8220; width=&#8220;2\/3&#8243; tablet_text_alignment=&#8220;default&#8220; phone_text_alignment=&#8220;default&#8220; column_border_width=&#8220;none&#8220; column_border_style=&#8220;solid&#8220;][vc_column_text]\n<h3><span style=\"color: #000000;\">7. Artikel &amp; eBooks<br \/>\n<\/span><\/h3>\n<h2><\/h2>\n[\/vc_column_text]<div class=\"divider-wrap\"><div style=\"height: 25px;\" class=\"divider\"><\/div><\/div><div class=\"divider-wrap\"><div style=\"height: 25px;\" class=\"divider\"><\/div><\/div><div class=\"divider-wrap\"><div style=\"height: 25px;\" class=\"divider\"><\/div><\/div><div class=\"divider-wrap\"><div style=\"height: 25px;\" class=\"divider\"><\/div><\/div><div class=\"divider-wrap\"><div style=\"height: 25px;\" class=\"divider\"><\/div><\/div>[vc_column_text][\/vc_column_text][vc_column_text]\n<h2><span style=\"color: #000000;\">8. KOSTENLOSE Video- &amp; Audio-Einspielungen und vieles mehr<\/span><\/h2>\n<p><span style=\"color: #000000;\">Au\u00dferdem haben herausragende Lehrer aus der ganzen Welt unserer Mediathek hunderte von Video-Tutorials und Audio-Aufnahmen zur Verf\u00fcgung gestellt sowie eine Vielzahl von Referaten, Artikeln und E-Books.<\/span>[\/vc_column_text][\/vc_column][vc_column column_padding=&#8220;no-extra-padding&#8220; column_padding_position=&#8220;all&#8220; background_color_opacity=&#8220;1&#8243; background_hover_color_opacity=&#8220;1&#8243; column_shadow=&#8220;none&#8220; column_border_radius=&#8220;none&#8220; width=&#8220;1\/3&#8243; tablet_text_alignment=&#8220;default&#8220; phone_text_alignment=&#8220;default&#8220; column_border_width=&#8220;none&#8220; column_border_style=&#8220;solid&#8220;][vc_column_text]<a href=\"https:\/\/www.germansuzuki.de\/wp-content\/uploads\/2020\/08\/8A_VideoTutorials_D.jpg\"><img decoding=\"async\" loading=\"lazy\" class=\"alignleft size-full wp-image-9790\" src=\"https:\/\/www.germansuzuki.de\/wp-content\/uploads\/2020\/08\/8A_VideoTutorials_D.jpg\" alt=\"\" width=\"340\" height=\"592\" srcset=\"https:\/\/www.germansuzuki.de\/wp-content\/uploads\/2020\/08\/8A_VideoTutorials_D.jpg 340w, https:\/\/www.germansuzuki.de\/wp-content\/uploads\/2020\/08\/8A_VideoTutorials_D-172x300.jpg 172w\" sizes=\"(max-width: 340px) 100vw, 340px\" \/><\/a>[\/vc_column_text][\/vc_column][\/vc_row][vc_row type=&#8220;in_container&#8220; full_screen_row_position=&#8220;middle&#8220; scene_position=&#8220;center&#8220; text_color=&#8220;dark&#8220; text_align=&#8220;left&#8220; overlay_strength=&#8220;0.3&#8243; shape_divider_position=&#8220;bottom&#8220;][vc_column column_padding=&#8220;no-extra-padding&#8220; column_padding_position=&#8220;all&#8220; background_color_opacity=&#8220;1&#8243; background_hover_color_opacity=&#8220;1&#8243; column_shadow=&#8220;none&#8220; column_border_radius=&#8220;none&#8220; width=&#8220;1\/1&#8243; tablet_text_alignment=&#8220;default&#8220; phone_text_alignment=&#8220;default&#8220; column_border_width=&#8220;none&#8220; column_border_style=&#8220;solid&#8220;][vc_column_text]\n<h2><span style=\"color: #000000;\"><strong>Studio- und Schullizenz<\/strong><\/span><\/h2>\n<p><span style=\"color: #000000;\">Um die\u00a0<span class=\"il\">Mediathek<\/span>\u00a0auch f\u00fcr Ihre Sch\u00fcler nutzbar zu machen, bieten wir neben der Einzelmitgliedschaft auch eine Studio-Lizenz (bis zu 20 Sch\u00fclern) und eine Schul-Lizenz (f\u00fcr mehrere Lehrer mit unbegrenzter Sch\u00fcleranzahl) an.<\/span><\/p>\n<p><span style=\"color: #000000;\">Wir hoffen, dass die neue\u00a0<span class=\"il\">Mediathek<\/span>\u00a0Ihnen, Ihren Sch\u00fclern und Sch\u00fclereltern besonders in diesen schweren Zeiten eine St\u00fctze sein wird und w\u00fcnschen Ihnen ganz besonders, dass Sie gesund bleiben. \u00a0<\/span><\/p>\n<p><span style=\"color: #000000;\">Herzliche Gr\u00fc\u00dfe und viel Freude beim Entdecken unserer neugestalteten\u00a0<span class=\"il\">Mediathek<\/span>!<\/span><\/p>\n<p><span style=\"color: #000000;\">Kerstin Wartberg und Ingrid Schlenk<\/span><\/p>\n<p><span style=\"color: #000000;\"><strong>PS: \u00dcber Anregungen oder eine kurze R\u00fcckmeldung w\u00fcrden wir uns sehr freuen! Weitere Informationen finden Sie in dem englischsprachigen YouTube-Video.<\/strong><\/span>[\/vc_column_text][\/vc_column][\/vc_row][vc_row type=&#8220;in_container&#8220; full_screen_row_position=&#8220;middle&#8220; scene_position=&#8220;center&#8220; text_color=&#8220;dark&#8220; text_align=&#8220;left&#8220; overlay_strength=&#8220;0.3&#8243; shape_divider_position=&#8220;bottom&#8220;][vc_column column_padding=&#8220;no-extra-padding&#8220; column_padding_position=&#8220;all&#8220; background_color_opacity=&#8220;1&#8243; background_hover_color_opacity=&#8220;1&#8243; column_shadow=&#8220;none&#8220; column_border_radius=&#8220;none&#8220; width=&#8220;1\/1&#8243; tablet_text_alignment=&#8220;default&#8220; phone_text_alignment=&#8220;default&#8220; column_border_width=&#8220;none&#8220; column_border_style=&#8220;solid&#8220;][vc_video link=&#8220;https:\/\/www.youtube.com\/watch?v=RWFgjjChy7U&#8220;][\/vc_column][\/vc_row]\n","protected":false},"excerpt":{"rendered":"<p>[vc_row type=&#8220;in_container&#8220; full_screen_row_position=&#8220;middle&#8220; scene_position=&#8220;center&#8220; text_color=&#8220;dark&#8220; text_align=&#8220;left&#8220; overlay_strength=&#8220;0.3&#8243; shape_divider_position=&#8220;bottom&#8220;][vc_column column_padding=&#8220;no-extra-padding&#8220; column_padding_position=&#8220;all&#8220; background_color_opacity=&#8220;1&#8243; background_hover_color_opacity=&#8220;1&#8243; column_shadow=&#8220;none&#8220; column_border_radius=&#8220;none&#8220; width=&#8220;1\/1&#8243; tablet_text_alignment=&#8220;default&#8220; phone_text_alignment=&#8220;default&#8220; column_border_width=&#8220;none&#8220; column_border_style=&#8220;solid&#8220;][vc_column_text] Liebe Mitglieder, Freunde und F\u00f6rderer der Deutschen Suzuki Gesellschaft e.V.! Endlich&#8230;<\/p>\n","protected":false},"author":2,"featured_media":0,"comment_status":"closed","ping_status":"closed","sticky":true,"template":"","format":"video","meta":[],"categories":[3],"tags":[],"_links":{"self":[{"href":"https:\/\/www.germansuzuki.de\/index.php?rest_route=\/wp\/v2\/posts\/9755"}],"collection":[{"href":"https:\/\/www.germansuzuki.de\/index.php?rest_route=\/wp\/v2\/posts"}],"about":[{"href":"https:\/\/www.germansuzuki.de\/index.php?rest_route=\/wp\/v2\/types\/post"}],"author":[{"embeddable":true,"href":"https:\/\/www.germansuzuki.de\/index.php?rest_route=\/wp\/v2\/users\/2"}],"replies":[{"embeddable":true,"href":"https:\/\/www.germansuzuki.de\/index.php?rest_route=%2Fwp%2Fv2%2Fcomments&post=9755"}],"version-history":[{"count":30,"href":"https:\/\/www.germansuzuki.de\/index.php?rest_route=\/wp\/v2\/posts\/9755\/revisions"}],"predecessor-version":[{"id":10176,"href":"https:\/\/www.germansuzuki.de\/index.php?rest_route=\/wp\/v2\/posts\/9755\/revisions\/10176"}],"wp:attachment":[{"href":"https:\/\/www.germansuzuki.de\/index.php?rest_route=%2Fwp%2Fv2%2Fmedia&parent=9755"}],"wp:term":[{"taxonomy":"category","embeddable":true,"href":"https:\/\/www.germansuzuki.de\/index.php?rest_route=%2Fwp%2Fv2%2Fcategories&post=9755"},{"taxonomy":"post_tag","embeddable":true,"href":"https:\/\/www.germansuzuki.de\/index.php?rest_route=%2Fwp%2Fv2%2Ftags&post=9755"}],"curies":[{"name":"wp","href":"https:\/\/api.w.org\/{rel}","templated":true}]}}