{"id":9647,"date":"2020-03-01T19:58:09","date_gmt":"2020-03-01T17:58:09","guid":{"rendered":"https:\/\/www.germansuzuki.de\/?p=9647"},"modified":"2024-12-21T12:18:06","modified_gmt":"2024-12-21T10:18:06","slug":"fuerth-suzuki-tage-im-park-2020","status":"publish","type":"post","link":"https:\/\/www.germansuzuki.de\/?p=9647","title":{"rendered":"F\u00fcrth: Suzuki-Tage im Park 2020"},"content":{"rendered":"[vc_row type=&#8220;in_container&#8220; full_screen_row_position=&#8220;middle&#8220; scene_position=&#8220;center&#8220; text_color=&#8220;dark&#8220; text_align=&#8220;left&#8220; overlay_strength=&#8220;0.3&#8243; shape_divider_position=&#8220;bottom&#8220;][vc_column column_padding=&#8220;no-extra-padding&#8220; column_padding_position=&#8220;all&#8220; background_color_opacity=&#8220;1&#8243; background_hover_color_opacity=&#8220;1&#8243; column_shadow=&#8220;none&#8220; column_border_radius=&#8220;none&#8220; width=&#8220;1\/1&#8243; tablet_text_alignment=&#8220;default&#8220; phone_text_alignment=&#8220;default&#8220; column_border_width=&#8220;none&#8220; column_border_style=&#8220;solid&#8220;][vc_column_text]\n<h4><span style=\"color: #000080;\"><strong>Liebe Sch\u00fcler, liebe Eltern, liebe Kollegen,<\/strong><\/span><\/h4>\n<h4><span style=\"color: #000080;\"><strong>es tut uns sehr leid, aber die Coronavirus-Gefahr zwingt uns zur Kapitulation.<\/strong><\/span><br \/>\n<span style=\"color: #000080;\"><strong><br \/>\nDie SUZUKI-TAGE im PARK (1.-3. Mai 2020) werden nicht stattfinden, sondern, wenn m\u00f6glich, auf eine Zeit nach der Corona-Krise verschoben.<\/strong><\/span><br \/>\n<span style=\"color: #000080;\"><strong>Das Geld f\u00fcr die eventuell bezahlte Geb\u00fcren, Essen und Eintrittskarten wird zur\u00fcck\u00fcberwiesen.<\/strong><\/span><\/h4>\n<h4><span style=\"color: #000080;\"><strong>In der Hoffnung auf ein baldiges Wiedersehen!<\/strong><\/span><br \/>\n<span style=\"color: #000080;\"><strong>Frank Richter<\/strong><\/span><\/h4>\n[\/vc_column_text][\/vc_column][\/vc_row][vc_row type=&#8220;in_container&#8220; full_screen_row_position=&#8220;middle&#8220; scene_position=&#8220;center&#8220; text_color=&#8220;dark&#8220; text_align=&#8220;left&#8220; overlay_strength=&#8220;0.3&#8243; shape_divider_position=&#8220;bottom&#8220;][vc_column column_padding=&#8220;no-extra-padding&#8220; column_padding_position=&#8220;all&#8220; background_color_opacity=&#8220;1&#8243; background_hover_color_opacity=&#8220;1&#8243; column_shadow=&#8220;none&#8220; column_border_radius=&#8220;none&#8220; width=&#8220;2\/3&#8243; tablet_text_alignment=&#8220;default&#8220; phone_text_alignment=&#8220;default&#8220; column_border_width=&#8220;none&#8220; column_border_style=&#8220;solid&#8220;][vc_column_text]Der Suzuki-Kreis Mittelfranken e.V. und die Musikschule F\u00fcrth e.V. laden herzlich zu den Suzuki-Tagen im Park 2020 ein.<\/p>\n<p>Angeboten werden ein Suzuki-Workshop und ein Orchester-Workshop:<\/p>\n<p>Der <strong>Suzuki-Workshop<\/strong> wird nur f\u00fcr Violine angeboten. Der Unterricht findet in verschieden gro\u00dfen Gruppen statt (ggf. Einzelunterricht). Es finden Sch\u00fclervorspiele statt, und jeder hat die M\u00f6glichkeit zu hospitieren.<br \/>\nEbenso wird Musikalische Fr\u00fcherziehung und Zumba angeboten. Im <strong>Orchester<\/strong> sind alle anderen Instrumente (ohne Kursgeb\u00fchr: Viola, Cello, Kontrabass, Blasinstrumente, Schlagzeug) willkommen. Es werden verschiedene Schwierigkeitsgrade angeboten, um allen das Spiel in einem mehrstimmigen Ensemble und die Arbeit mit dem Dirigenten (Bernhard Bentgens) zu erm\u00f6glichen. Vorgesehen ist unter anderem ein Medley aus \u201eK\u00f6nig der L\u00f6wen\u201c.<\/p>\n<p><strong>Datum: 01. &#8211; 03. Mai 2020<\/strong><\/p>\n<p>Information: <a href=\"https:\/\/www.germansuzuki.de\/wp-content\/uploads\/2020\/02\/Stip-Einladung-2020.pdf\">Flyer (PDF)<\/a><\/p>\n<p><a href=\"https:\/\/www.germansuzuki.de\/wp-content\/uploads\/2020\/02\/Anmeldeformular.pdf\">Anmeldeformular<\/a>[\/vc_column_text][\/vc_column][vc_column column_padding=&#8220;no-extra-padding&#8220; column_padding_position=&#8220;all&#8220; background_color_opacity=&#8220;1&#8243; background_hover_color_opacity=&#8220;1&#8243; column_shadow=&#8220;none&#8220; column_border_radius=&#8220;none&#8220; width=&#8220;1\/3&#8243; tablet_text_alignment=&#8220;default&#8220; phone_text_alignment=&#8220;default&#8220; column_border_width=&#8220;none&#8220; column_border_style=&#8220;solid&#8220;][vc_column_text]<a href=\"https:\/\/www.germansuzuki.de\/wp-content\/uploads\/2020\/03\/Stip-Einladung-2020-1.jpg\"><img decoding=\"async\" loading=\"lazy\" class=\"aligncenter size-large wp-image-9652\" src=\"https:\/\/www.germansuzuki.de\/wp-content\/uploads\/2020\/03\/Stip-Einladung-2020-1-893x1024.jpg\" alt=\"\" width=\"893\" height=\"1024\" srcset=\"https:\/\/www.germansuzuki.de\/wp-content\/uploads\/2020\/03\/Stip-Einladung-2020-1-893x1024.jpg 893w, https:\/\/www.germansuzuki.de\/wp-content\/uploads\/2020\/03\/Stip-Einladung-2020-1-262x300.jpg 262w, https:\/\/www.germansuzuki.de\/wp-content\/uploads\/2020\/03\/Stip-Einladung-2020-1-768x880.jpg 768w, https:\/\/www.germansuzuki.de\/wp-content\/uploads\/2020\/03\/Stip-Einladung-2020-1.jpg 1195w\" sizes=\"(max-width: 893px) 100vw, 893px\" \/><\/a>[\/vc_column_text][\/vc_column][\/vc_row]\n","protected":false},"excerpt":{"rendered":"<p>[vc_row type=&#8220;in_container&#8220; full_screen_row_position=&#8220;middle&#8220; scene_position=&#8220;center&#8220; text_color=&#8220;dark&#8220; text_align=&#8220;left&#8220; overlay_strength=&#8220;0.3&#8243; shape_divider_position=&#8220;bottom&#8220;][vc_column column_padding=&#8220;no-extra-padding&#8220; column_padding_position=&#8220;all&#8220; background_color_opacity=&#8220;1&#8243; background_hover_color_opacity=&#8220;1&#8243; column_shadow=&#8220;none&#8220; column_border_radius=&#8220;none&#8220; width=&#8220;1\/1&#8243; tablet_text_alignment=&#8220;default&#8220; phone_text_alignment=&#8220;default&#8220; column_border_width=&#8220;none&#8220; column_border_style=&#8220;solid&#8220;][vc_column_text] Liebe Sch\u00fcler, liebe Eltern, liebe Kollegen, es tut uns sehr leid,&#8230;<\/p>\n","protected":false},"author":2,"featured_media":9696,"comment_status":"closed","ping_status":"closed","sticky":true,"template":"","format":"standard","meta":[],"categories":[9],"tags":[],"_links":{"self":[{"href":"https:\/\/www.germansuzuki.de\/index.php?rest_route=\/wp\/v2\/posts\/9647"}],"collection":[{"href":"https:\/\/www.germansuzuki.de\/index.php?rest_route=\/wp\/v2\/posts"}],"about":[{"href":"https:\/\/www.germansuzuki.de\/index.php?rest_route=\/wp\/v2\/types\/post"}],"author":[{"embeddable":true,"href":"https:\/\/www.germansuzuki.de\/index.php?rest_route=\/wp\/v2\/users\/2"}],"replies":[{"embeddable":true,"href":"https:\/\/www.germansuzuki.de\/index.php?rest_route=%2Fwp%2Fv2%2Fcomments&post=9647"}],"version-history":[{"count":6,"href":"https:\/\/www.germansuzuki.de\/index.php?rest_route=\/wp\/v2\/posts\/9647\/revisions"}],"predecessor-version":[{"id":9699,"href":"https:\/\/www.germansuzuki.de\/index.php?rest_route=\/wp\/v2\/posts\/9647\/revisions\/9699"}],"wp:featuredmedia":[{"embeddable":true,"href":"https:\/\/www.germansuzuki.de\/index.php?rest_route=\/wp\/v2\/media\/9696"}],"wp:attachment":[{"href":"https:\/\/www.germansuzuki.de\/index.php?rest_route=%2Fwp%2Fv2%2Fmedia&parent=9647"}],"wp:term":[{"taxonomy":"category","embeddable":true,"href":"https:\/\/www.germansuzuki.de\/index.php?rest_route=%2Fwp%2Fv2%2Fcategories&post=9647"},{"taxonomy":"post_tag","embeddable":true,"href":"https:\/\/www.germansuzuki.de\/index.php?rest_route=%2Fwp%2Fv2%2Ftags&post=9647"}],"curies":[{"name":"wp","href":"https:\/\/api.w.org\/{rel}","templated":true}]}}