{"id":9613,"date":"2020-02-06T17:18:06","date_gmt":"2020-02-06T15:18:06","guid":{"rendered":"https:\/\/www.germansuzuki.de\/?p=9613"},"modified":"2023-05-19T09:47:21","modified_gmt":"2023-05-19T07:47:21","slug":"jugend-musiziert-2020","status":"publish","type":"post","link":"https:\/\/www.germansuzuki.de\/?p=9613","title":{"rendered":"Jugend musiziert 2020"},"content":{"rendered":"[vc_row type=&#8220;in_container&#8220; full_screen_row_position=&#8220;middle&#8220; scene_position=&#8220;center&#8220; text_color=&#8220;dark&#8220; text_align=&#8220;left&#8220; overlay_strength=&#8220;0.3&#8243; shape_divider_position=&#8220;bottom&#8220;][vc_column column_padding=&#8220;no-extra-padding&#8220; column_padding_position=&#8220;all&#8220; background_color_opacity=&#8220;1&#8243; background_hover_color_opacity=&#8220;1&#8243; column_shadow=&#8220;none&#8220; column_border_radius=&#8220;none&#8220; width=&#8220;2\/3&#8243; tablet_text_alignment=&#8220;default&#8220; phone_text_alignment=&#8220;default&#8220; column_border_width=&#8220;none&#8220; column_border_style=&#8220;solid&#8220;][vc_column_text]\n<h3><strong><span style=\"color: #000000;\">Liebe LehrerInnen der DSG, liebe Sch\u00fcler-Eltern, <\/span><\/strong><strong>liebe <\/strong><strong>Freunde<\/strong><strong><span style=\"color: #000000;\">!<\/span><\/strong><\/h3>\n<p><span style=\"color: #000000;\">Erfreulicherweise erreichten uns bereits mehrere positive Nachrichten von Suzuki-Lehrern, deren Sch\u00fcler erfolgreich am diesj\u00e4hrigen Regionalwettbewerb &#8222;Jugend musiziert&#8220; teilgenommen haben.<\/span><br \/>\n<span style=\"color: #000000;\">Wir bitten Sie, in dem Kommentarfeld &#8222;Leave a reply&#8220; die Ergebnisse Ihrer Sch\u00fcler\/Kinder einzutragen. Wir freuen uns sehr \u00fcber Ihren Beitrag!<\/span><\/p>\n<p><span style=\"color: #000000;\">F\u00fcr den Eintrag ben\u00f6tigen wir Ihren Namen und Ihre E-Mail-Adresse. Die E-Mail-Adresse wird aber nicht ver\u00f6ffentlicht, sondern ist nur f\u00fcr uns bei R\u00fcckfragen notwendig.<\/span><\/p>\n<p><span style=\"color: #000000;\">Vielen Dank! Wir sind auf Ihre Beitr\u00e4ge sehr gespannt!<\/span>[\/vc_column_text][vc_column_text]\n<p><a href=\"https:\/\/www.germansuzuki.de\/wp-content\/uploads\/2020\/02\/DSC_0664.jpg\"><img decoding=\"async\" loading=\"lazy\" class=\"aligncenter size-large wp-image-9662\" src=\"https:\/\/www.germansuzuki.de\/wp-content\/uploads\/2020\/02\/DSC_0664-1024x680.jpg\" alt=\"\" width=\"1024\" height=\"680\" srcset=\"https:\/\/www.germansuzuki.de\/wp-content\/uploads\/2020\/02\/DSC_0664-1024x680.jpg 1024w, https:\/\/www.germansuzuki.de\/wp-content\/uploads\/2020\/02\/DSC_0664-300x199.jpg 300w, https:\/\/www.germansuzuki.de\/wp-content\/uploads\/2020\/02\/DSC_0664-768x510.jpg 768w, https:\/\/www.germansuzuki.de\/wp-content\/uploads\/2020\/02\/DSC_0664.jpg 1287w\" sizes=\"(max-width: 1024px) 100vw, 1024px\" \/><\/a>Preisverleihung in N\u00fcrnberg: Sergej Simkin und Oleksandr Demydas pr\u00e4sentieren mit Freude ihre Sch\u00fcler[\/vc_column_text][\/vc_column][vc_column column_padding=&#8220;no-extra-padding&#8220; column_padding_position=&#8220;all&#8220; background_color_opacity=&#8220;1&#8243; background_hover_color_opacity=&#8220;1&#8243; column_shadow=&#8220;none&#8220; column_border_radius=&#8220;none&#8220; width=&#8220;1\/3&#8243; tablet_text_alignment=&#8220;default&#8220; phone_text_alignment=&#8220;default&#8220; column_border_width=&#8220;none&#8220; column_border_style=&#8220;solid&#8220;][vc_column_text]<img decoding=\"async\" loading=\"lazy\" class=\"alignnone size-large\" src=\"https:\/\/www.germansuzuki.de\/wp-content\/uploads\/2019\/01\/Jugend-Musiziert.jpg\" width=\"440\" height=\"330\" \/>[\/vc_column_text][\/vc_column][\/vc_row]\n","protected":false},"excerpt":{"rendered":"<p>[vc_row type=&#8220;in_container&#8220; full_screen_row_position=&#8220;middle&#8220; scene_position=&#8220;center&#8220; text_color=&#8220;dark&#8220; text_align=&#8220;left&#8220; overlay_strength=&#8220;0.3&#8243; shape_divider_position=&#8220;bottom&#8220;][vc_column column_padding=&#8220;no-extra-padding&#8220; column_padding_position=&#8220;all&#8220; background_color_opacity=&#8220;1&#8243; background_hover_color_opacity=&#8220;1&#8243; column_shadow=&#8220;none&#8220; column_border_radius=&#8220;none&#8220; width=&#8220;2\/3&#8243; tablet_text_alignment=&#8220;default&#8220; phone_text_alignment=&#8220;default&#8220; column_border_width=&#8220;none&#8220; column_border_style=&#8220;solid&#8220;][vc_column_text] Liebe LehrerInnen der DSG, liebe Sch\u00fcler-Eltern, liebe Freunde! Erfreulicherweise erreichten uns&#8230;<\/p>\n","protected":false},"author":2,"featured_media":8722,"comment_status":"closed","ping_status":"closed","sticky":true,"template":"","format":"standard","meta":[],"categories":[3],"tags":[],"_links":{"self":[{"href":"https:\/\/www.germansuzuki.de\/index.php?rest_route=\/wp\/v2\/posts\/9613"}],"collection":[{"href":"https:\/\/www.germansuzuki.de\/index.php?rest_route=\/wp\/v2\/posts"}],"about":[{"href":"https:\/\/www.germansuzuki.de\/index.php?rest_route=\/wp\/v2\/types\/post"}],"author":[{"embeddable":true,"href":"https:\/\/www.germansuzuki.de\/index.php?rest_route=\/wp\/v2\/users\/2"}],"replies":[{"embeddable":true,"href":"https:\/\/www.germansuzuki.de\/index.php?rest_route=%2Fwp%2Fv2%2Fcomments&post=9613"}],"version-history":[{"count":6,"href":"https:\/\/www.germansuzuki.de\/index.php?rest_route=\/wp\/v2\/posts\/9613\/revisions"}],"predecessor-version":[{"id":9663,"href":"https:\/\/www.germansuzuki.de\/index.php?rest_route=\/wp\/v2\/posts\/9613\/revisions\/9663"}],"wp:featuredmedia":[{"embeddable":true,"href":"https:\/\/www.germansuzuki.de\/index.php?rest_route=\/wp\/v2\/media\/8722"}],"wp:attachment":[{"href":"https:\/\/www.germansuzuki.de\/index.php?rest_route=%2Fwp%2Fv2%2Fmedia&parent=9613"}],"wp:term":[{"taxonomy":"category","embeddable":true,"href":"https:\/\/www.germansuzuki.de\/index.php?rest_route=%2Fwp%2Fv2%2Fcategories&post=9613"},{"taxonomy":"post_tag","embeddable":true,"href":"https:\/\/www.germansuzuki.de\/index.php?rest_route=%2Fwp%2Fv2%2Ftags&post=9613"}],"curies":[{"name":"wp","href":"https:\/\/api.w.org\/{rel}","templated":true}]}}