{"id":9457,"date":"2019-12-05T18:19:05","date_gmt":"2019-12-05T16:19:05","guid":{"rendered":"https:\/\/www.germansuzuki.de\/?p=9457"},"modified":"2024-12-18T10:21:36","modified_gmt":"2024-12-18T08:21:36","slug":"9457","status":"publish","type":"post","link":"https:\/\/www.germansuzuki.de\/?p=9457","title":{"rendered":"Positive Rezension in THE STRAD"},"content":{"rendered":"[vc_row type=&#8220;in_container&#8220; full_screen_row_position=&#8220;middle&#8220; scene_position=&#8220;center&#8220; text_color=&#8220;dark&#8220; text_align=&#8220;left&#8220; overlay_strength=&#8220;0.3&#8243; shape_divider_position=&#8220;bottom&#8220;][vc_column column_padding=&#8220;no-extra-padding&#8220; column_padding_position=&#8220;all&#8220; background_color_opacity=&#8220;1&#8243; background_hover_color_opacity=&#8220;1&#8243; column_shadow=&#8220;none&#8220; column_border_radius=&#8220;none&#8220; width=&#8220;1\/1&#8243; tablet_text_alignment=&#8220;default&#8220; phone_text_alignment=&#8220;default&#8220; column_border_width=&#8220;none&#8220; column_border_style=&#8220;solid&#8220;][vc_column_text]<a href=\"https:\/\/www.germansuzuki.de\/wp-content\/uploads\/2019\/12\/Strad.jpg\"><img decoding=\"async\" loading=\"lazy\" class=\"aligncenter size-large wp-image-9463\" src=\"https:\/\/www.germansuzuki.de\/wp-content\/uploads\/2019\/12\/Strad-1024x293.jpg\" alt=\"\" width=\"1024\" height=\"293\" srcset=\"https:\/\/www.germansuzuki.de\/wp-content\/uploads\/2019\/12\/Strad-1024x293.jpg 1024w, https:\/\/www.germansuzuki.de\/wp-content\/uploads\/2019\/12\/Strad-300x86.jpg 300w, https:\/\/www.germansuzuki.de\/wp-content\/uploads\/2019\/12\/Strad-768x220.jpg 768w, https:\/\/www.germansuzuki.de\/wp-content\/uploads\/2019\/12\/Strad.jpg 1920w\" sizes=\"(max-width: 1024px) 100vw, 1024px\" \/><\/a>[\/vc_column_text]<div class=\"divider-wrap\"><div style=\"height: 25px;\" class=\"divider\"><\/div><\/div>[vc_column_text]<span style=\"color: #000000;\"><strong>In der November-Ausgabe 2019 hat <span style=\"color: #000080;\">das weltweit renommierte Streicher-Fachmagazin THE STRAD<\/span> eine sehr positive Rezension \u00fcber das Notenheft &#8222;So macht Violintechnik Spa\u00df&#8220; von Kerstin Wartberg ver\u00f6ffentlicht, die wir Ihnen hier in einer deutschen \u00dcbersetzung vorstellen m\u00f6chten.<\/strong><\/span>[\/vc_column_text]<div class=\"divider-wrap\"><div style=\"height: 25px;\" class=\"divider\"><\/div><\/div><div class=\"divider-wrap\"><div style=\"margin-top: 12px; height: 1px; margin-bottom: 12px;\" data-width=\"100%\" data-animate=\"\" data-animation-delay=\"\" data-color=\"accent-color\" class=\"divider-border\"><\/div><\/div>[vc_column_text]\n<h3>Kerstin Wartberg<\/h3>\n<h3><span style=\"color: #000000;\">So macht Violintechnik Spa\u00df \/ Enjoying Violin Technique<\/span><span style=\"color: #000000;\"><br \/>\n<\/span><\/h3>\n<h3><strong>Intermediate Level:<\/strong><br \/>\n<strong> Basic Exercises with Piano Arrangements by David Andruss<\/strong><\/h3>\n<p><strong><span style=\"color: #000000;\">74PP ISBN 9783946872009<\/span><\/strong><\/p>\n<p><span style=\"color: #000000;\"><strong>ISTEX MUSIC PUBLICATIONS \u00a0 \u20ac19.80<\/strong><\/span>[\/vc_column_text]<div class=\"divider-wrap\"><div style=\"margin-top: 12px; height: 1px; margin-bottom: 12px;\" data-width=\"100%\" data-animate=\"\" data-animation-delay=\"\" data-color=\"accent-color\" class=\"divider-border\"><\/div><\/div>[\/vc_column][\/vc_row][vc_row type=&#8220;in_container&#8220; full_screen_row_position=&#8220;middle&#8220; scene_position=&#8220;center&#8220; text_color=&#8220;dark&#8220; text_align=&#8220;left&#8220; overlay_strength=&#8220;0.3&#8243; shape_divider_position=&#8220;bottom&#8220;][vc_column column_padding=&#8220;no-extra-padding&#8220; column_padding_position=&#8220;all&#8220; background_color_opacity=&#8220;1&#8243; background_hover_color_opacity=&#8220;1&#8243; column_shadow=&#8220;none&#8220; column_border_radius=&#8220;none&#8220; width=&#8220;1\/1&#8243; tablet_text_alignment=&#8220;default&#8220; phone_text_alignment=&#8220;default&#8220; column_border_width=&#8220;none&#8220; column_border_style=&#8220;solid&#8220;][vc_column_text]<strong><span style=\"color: #000000;\">Alle Geigenlehrer wissen, dass wir mit unseren fortgeschrittenen Sch\u00fclern technische \u00dcbungen durchf\u00fchren soll\u00adten, aber es ist oft schwierig zu wissen, wo wir anfangen sollen. Sch\u00fcler, die mit leichter zu bew\u00e4ltigenden Ver\u00f6ffent\u00adlichungen wie denen von Mary Cohen und Herbert Kinsey aufgewachsen sind, werden es nicht unbedingt akzeptieren, wenn ihnen das Gesamtwerk von \u0160ev\u010d\u00edk und anderen Hardcore-P\u00e4dagogen pr\u00e4\u00adsentiert wird, und selbst Simon Fischers hoch angesehene W\u00e4lzer sind f\u00fcr j\u00fcngere Spieler eher be\u00e4ngstigend. Kerstin Wart\u00adbergs <em>Enjoying Violin Technique <\/em>ist ein Band, der die L\u00fccke schlie\u00dfen k\u00f6nnte. Er richtet sich an \u201eJunge Geigensch\u00fcler der Mittelstufe\u201c und enth\u00e4lt eine Reihe von technischen \u00dcbungen, einige von ihr selbst verfasste und andere, die von Geigern der Vergangenheit und Gegen\u00adwart \u00fcbernommen wurden &#8211; Flesch, Heifetz, Galamian, DeLay und Perlman werden alle erw\u00e4hnt &#8211; und Fischers Ein\u00adfluss ist \u00fcberall zu sp\u00fcren. Es gibt zehn Kapitel, die sich jeweils auf einen anderen Punkt der Technik konzentrieren, und jede \u00dcbung hat eine herunterladbare mp3-Begleitung. Die Idee dahinter ist, sagt die Autorin, dass \u201edas Zusammen\u00adspiel mit dem Klavier [&#8230;..] die [Sch\u00fcler] sehr motiviert und ermutigt, kon\u00adzentrierter zu \u00fcben\u201c. Schon aus der ersten \u00dcbung im Buch (einoktavige Skalen in der ersten bis sechsten Lage) wird klar, dass der Sch\u00fcler ein ernsthaftes und sach\u00adlich richtiges Projekt startet. Das Thema Lagenwechsel wird durch eine sinnvol\u00adle Adaption von \u0160ev\u010d\u00edk op.8 abgedeckt, und Skalen und Arpeggien im Flesch-Stil auf einer Saite f\u00fchren den Sch\u00fcler bis in die achte Lage. Skalen \u00fcber drei Oktaven und Arpeggien bis C werden ebenfalls behandelt. Der Abschnitt \u00fcber Vibrato ist wortreich, aber es lohnt sich, und die beiden Originalstudien in diesem Kapitel erg\u00e4nzen die \u00dcbungen perfekt. Kreutzer erscheint gegen Ende des Buches in einer angepassten Version von Nr. 15, und es gibt ein intensives Kapitel \u00fcber Doppel\u00adgriffe, das nichts f\u00fcr schwache Nerven ist. Dabei sind die Klavierbegleitungen genau richtig &#8211; sie machen Spa\u00df beim Mitspie\u00adlen, unterst\u00fctzen und f\u00f6rdern den Spieler, ohne von der anstehenden Auf\u00adgabe abzulenken. Das Buch ist voll von soliden Erkl\u00e4rungen, und die \u00dcbungs\u00adtipps sind hilfreich. Nicht alles im Buch wird jedem Lehrer wichtig erscheinen, und mancher k\u00f6nnte sich daf\u00fcr ent\u00adscheiden, Abschnitte wie die hinsichtlich Blockfingers\u00e4tzen und Daumen-gef\u00fchr\u00adten Abw\u00e4rtsbewegungen zu \u00fcberspringen oder anzupassen.<\/span><\/strong>[\/vc_column_text][\/vc_column][\/vc_row][vc_row type=&#8220;in_container&#8220; full_screen_row_position=&#8220;middle&#8220; scene_position=&#8220;center&#8220; text_color=&#8220;dark&#8220; text_align=&#8220;left&#8220; overlay_strength=&#8220;0.3&#8243; shape_divider_position=&#8220;bottom&#8220;][vc_column column_padding=&#8220;no-extra-padding&#8220; column_padding_position=&#8220;all&#8220; background_color_opacity=&#8220;1&#8243; background_hover_color_opacity=&#8220;1&#8243; column_shadow=&#8220;none&#8220; column_border_radius=&#8220;none&#8220; width=&#8220;2\/3&#8243; tablet_text_alignment=&#8220;default&#8220; phone_text_alignment=&#8220;default&#8220; column_border_width=&#8220;none&#8220; column_border_style=&#8220;solid&#8220;][vc_column_text]<span style=\"color: #000000;\"><strong>Ein paar kleine Mecker\u00adeinheiten: Das niedrig aufgel\u00f6ste Titelbild schm\u00e4lert den ersten Eindruck, und viele verschiedene Schriften verursachen einen etwas \u00fcberladenen Eindruck. Die CD mit mp3-Dateien erscheint sinnlos, da ein Link zu den Audiodateien im Buch enthalten ist. Eine Audio-CD h\u00e4tte n\u00fctzlich sein k\u00f6nnen, obwohl CD-Player aus der Mode gekom\u00admen sind, und es k\u00f6nnte sich f\u00fcr den Autor lohnen, bei der n\u00e4chsten Auflage eine Spoti\u00adfy-Playlist oder etwas \u00c4hnliches in Betracht zu ziehen. Der Text ist wortreich, und die \u00dcbersetzung ins Englische aus dem deut\u00adschen Originaltext ist manchmal ein wenig pittoresk, aber der Gesamteindruck ist ernst\u00adhaft und durchaus herzerw\u00e4rmend: \u201eLieber Geigenlehrer, ich m\u00f6chte Ihnen versichern, dass sich Ihre Sch\u00fcler durch regelm\u00e4\u00ad\u00dfiges \u00dcben mit diesem Material deut\u00adlich verbessern werden und dass Sie mit den Ergebnissen sehr zufrieden sein werden\u201c. Wenn Sie eine Auswahl von etwa einem Dutzend Lieblings\u00ad\u00fcbungen von Geigenlehrern zusam\u00admenf\u00fcgen, d\u00fcrfte das Endprodukt wahrscheinlich ziemlich \u00e4hnlich wie dieses Buch sein. Es richtet sich an ernsthafte junge Sch\u00fclerinnen und Sch\u00fcler ab der 6. Stufe (englisches Sys\u00adtem), die sich bereit f\u00fchlen f\u00fcr die Her\u00adausforderung, ihre Geige systematisch zu erforschen. Ich werde es sicherlich in meinem Unterricht verwenden und freue mich sehr auf den zwei\u00adten (noch unver\u00f6ffentlichten) Band.<\/strong><\/span><\/p>\n<p><span style=\"color: #000000;\"><strong>CELIA COBB<\/strong><\/span>[\/vc_column_text][\/vc_column][vc_column column_padding=&#8220;no-extra-padding&#8220; column_padding_position=&#8220;all&#8220; background_color_opacity=&#8220;1&#8243; background_hover_color_opacity=&#8220;1&#8243; column_shadow=&#8220;none&#8220; column_border_radius=&#8220;none&#8220; width=&#8220;1\/3&#8243; tablet_text_alignment=&#8220;default&#8220; phone_text_alignment=&#8220;default&#8220; column_border_width=&#8220;none&#8220; column_border_style=&#8220;solid&#8220;][vc_column_text]<a href=\"https:\/\/www.germansuzuki.de\/wp-content\/uploads\/2019\/12\/Enjoying_ISTEX_Titel_kl.jpg\"><img decoding=\"async\" loading=\"lazy\" class=\"aligncenter size-large wp-image-9462\" src=\"https:\/\/www.germansuzuki.de\/wp-content\/uploads\/2019\/12\/Enjoying_ISTEX_Titel_kl-784x1024.jpg\" alt=\"\" width=\"784\" height=\"1024\" srcset=\"https:\/\/www.germansuzuki.de\/wp-content\/uploads\/2019\/12\/Enjoying_ISTEX_Titel_kl-784x1024.jpg 784w, https:\/\/www.germansuzuki.de\/wp-content\/uploads\/2019\/12\/Enjoying_ISTEX_Titel_kl-230x300.jpg 230w, https:\/\/www.germansuzuki.de\/wp-content\/uploads\/2019\/12\/Enjoying_ISTEX_Titel_kl-768x1003.jpg 768w, https:\/\/www.germansuzuki.de\/wp-content\/uploads\/2019\/12\/Enjoying_ISTEX_Titel_kl.jpg 969w\" sizes=\"(max-width: 784px) 100vw, 784px\" \/><\/a>[\/vc_column_text][\/vc_column][\/vc_row]\n","protected":false},"excerpt":{"rendered":"<p>[vc_row type=&#8220;in_container&#8220; full_screen_row_position=&#8220;middle&#8220; scene_position=&#8220;center&#8220; text_color=&#8220;dark&#8220; text_align=&#8220;left&#8220; overlay_strength=&#8220;0.3&#8243; shape_divider_position=&#8220;bottom&#8220;][vc_column column_padding=&#8220;no-extra-padding&#8220; column_padding_position=&#8220;all&#8220; background_color_opacity=&#8220;1&#8243; background_hover_color_opacity=&#8220;1&#8243; column_shadow=&#8220;none&#8220; column_border_radius=&#8220;none&#8220; width=&#8220;1\/1&#8243; tablet_text_alignment=&#8220;default&#8220; phone_text_alignment=&#8220;default&#8220; column_border_width=&#8220;none&#8220; column_border_style=&#8220;solid&#8220;][vc_column_text][\/vc_column_text][vc_column_text]In der November-Ausgabe 2019 hat das weltweit renommierte Streicher-Fachmagazin THE STRAD eine&#8230;<\/p>\n","protected":false},"author":2,"featured_media":9460,"comment_status":"closed","ping_status":"closed","sticky":true,"template":"","format":"standard","meta":[],"categories":[3],"tags":[],"_links":{"self":[{"href":"https:\/\/www.germansuzuki.de\/index.php?rest_route=\/wp\/v2\/posts\/9457"}],"collection":[{"href":"https:\/\/www.germansuzuki.de\/index.php?rest_route=\/wp\/v2\/posts"}],"about":[{"href":"https:\/\/www.germansuzuki.de\/index.php?rest_route=\/wp\/v2\/types\/post"}],"author":[{"embeddable":true,"href":"https:\/\/www.germansuzuki.de\/index.php?rest_route=\/wp\/v2\/users\/2"}],"replies":[{"embeddable":true,"href":"https:\/\/www.germansuzuki.de\/index.php?rest_route=%2Fwp%2Fv2%2Fcomments&post=9457"}],"version-history":[{"count":14,"href":"https:\/\/www.germansuzuki.de\/index.php?rest_route=\/wp\/v2\/posts\/9457\/revisions"}],"predecessor-version":[{"id":9475,"href":"https:\/\/www.germansuzuki.de\/index.php?rest_route=\/wp\/v2\/posts\/9457\/revisions\/9475"}],"wp:featuredmedia":[{"embeddable":true,"href":"https:\/\/www.germansuzuki.de\/index.php?rest_route=\/wp\/v2\/media\/9460"}],"wp:attachment":[{"href":"https:\/\/www.germansuzuki.de\/index.php?rest_route=%2Fwp%2Fv2%2Fmedia&parent=9457"}],"wp:term":[{"taxonomy":"category","embeddable":true,"href":"https:\/\/www.germansuzuki.de\/index.php?rest_route=%2Fwp%2Fv2%2Fcategories&post=9457"},{"taxonomy":"post_tag","embeddable":true,"href":"https:\/\/www.germansuzuki.de\/index.php?rest_route=%2Fwp%2Fv2%2Ftags&post=9457"}],"curies":[{"name":"wp","href":"https:\/\/api.w.org\/{rel}","templated":true}]}}