{"id":9357,"date":"2019-09-12T15:54:05","date_gmt":"2019-09-12T13:54:05","guid":{"rendered":"https:\/\/www.germansuzuki.de\/?p=9357"},"modified":"2026-04-13T01:21:34","modified_gmt":"2026-04-12T23:21:34","slug":"imtex-konferenz-material-2019","status":"publish","type":"post","link":"https:\/\/www.germansuzuki.de\/?p=9357","title":{"rendered":"IMTEX Konferenz-Material 2019 (Kurs A &#038; B)"},"content":{"rendered":"[vc_row type=&#8220;in_container&#8220; full_screen_row_position=&#8220;middle&#8220; scene_position=&#8220;center&#8220; text_color=&#8220;dark&#8220; text_align=&#8220;left&#8220; overlay_strength=&#8220;0.3&#8243; shape_divider_position=&#8220;bottom&#8220;][vc_column column_padding=&#8220;no-extra-padding&#8220; column_padding_position=&#8220;all&#8220; background_color_opacity=&#8220;1&#8243; background_hover_color_opacity=&#8220;1&#8243; column_shadow=&#8220;none&#8220; column_border_radius=&#8220;none&#8220; width=&#8220;1\/1&#8243; tablet_text_alignment=&#8220;default&#8220; phone_text_alignment=&#8220;default&#8220; column_border_width=&#8220;none&#8220; column_border_style=&#8220;solid&#8220;][vc_column_text]\n<h2><span style=\"color: #000080;\"><strong><b>Liebe Kolleginnen und Kollegen<\/b>!<\/strong><\/span><\/h2>\n<h3>In einigen Wochen werden wir uns in Remscheid zur Internationalen Lehrer-Konferenz treffen. Ich freue mich schon SEHR, Sie dort begr\u00fc\u00dfen zu k\u00f6nnen.<\/h3>\n<h3>Bitte bringen Sie Ihre Geigen mit.<\/h3>\n[\/vc_column_text]<div class=\"divider-wrap\"><div style=\"height: 25px;\" class=\"divider\"><\/div><\/div><div class=\"divider-wrap\"><div style=\"height: 25px;\" class=\"divider\"><\/div><\/div>[vc_column_text]\n<h3><span style=\"color: #000000;\"><strong>Prof. Kurt Sassmannshaus <\/strong><span id=\"result_box\" class=\"\" lang=\"de\"><span class=\"\"> hat f\u00fcr Sie die nachfolgenden St\u00fccke ausgesucht. Alle Teilnehmer sind eingeladen, mit ihm diese St\u00fccke aktiv zu erarbeiten. Sie k\u00f6nnen aber gerne auch als Beobachter zuh\u00f6ren.<br \/>\nDas Notenmaterial kann hier kostenfrei heruntergeladen werden. Die Fingers\u00e4tze sind nur Vorschl\u00e4ge.<\/span><\/span><br \/>\n<\/span><\/h3>\n[\/vc_column_text]<div class=\"divider-wrap\"><div style=\"height: 25px;\" class=\"divider\"><\/div><\/div><div class=\"divider-wrap\"><div style=\"margin-top: 12px; height: 4px; margin-bottom: 12px;\" data-width=\"100%\" data-animate=\"yes\" data-animation-delay=\"\" data-color=\"accent-color\" class=\"divider-border\"><\/div><\/div><div class=\"divider-wrap\"><div style=\"height: 25px;\" class=\"divider\"><\/div><\/div>[vc_column_text]\n<h2>Freitag, 1.11.2019: Kurs A<\/h2>\n<h3><span style=\"color: #000080;\">1. JOHANN SEBASTIAN BACH<br \/>\nDoppelkonzert f\u00fcr 2 Violinen in d-Moll, BWV 1043<\/span><\/h3>\n<h3><span style=\"color: #000080;\">\u00a0<\/span><\/h3>\n<h3>Alle S\u00e4tze<\/h3>\n<h3><span style=\"color: #993300;\"><a style=\"color: #993300;\" href=\"https:\/\/www.germansuzuki.de\/wp-content\/uploads\/2019\/09\/bach-double-concerto-violin-1.pdf\">KOSTENLOSER DOWNLOAD &#8211; Violine 1<\/a><br \/>\n<a style=\"color: #993300;\" href=\"https:\/\/www.germansuzuki.de\/wp-content\/uploads\/2019\/09\/bach-double-concerto-violin-2.pdf\">KOSTENLOSER DOWNLOAD &#8211; Violine 2<\/a><br \/>\n<\/span><\/h3>\n<h3><span style=\"color: #000000;\">Gerne k\u00f6nnen Sie f\u00fcr den ersten Satz die Noten der Suzuki Violin School verwenden.<\/span><\/h3>\n<h2><span style=\"color: #000080;\">WICHTIGER HINWEIS!<\/span><\/h2>\n<h3><span style=\"color: #000000;\">Bitte tragen Sie auf dem<\/span> <a href=\"https:\/\/doodle.com\/poll\/mvesqbp6knfzbtex\"><strong><span style=\"color: #993300;\">Doodle-Formular<\/span><\/strong><\/a> <span style=\"color: #000000;\">ein, welche Stimme Sie spielen wollen.<\/span><\/h3>\n[\/vc_column_text]<div class=\"divider-wrap\"><div style=\"height: 25px;\" class=\"divider\"><\/div><\/div><div class=\"divider-wrap\"><div style=\"height: 25px;\" class=\"divider\"><\/div><\/div>[vc_column_text]\n<h2><span style=\"color: #000080;\"><strong><span style=\"color: #000000;\">Samstagvormittag, 2.11.2019: Kurs A<\/span><\/strong><\/span><\/h2>\n<h3><span style=\"color: #000080;\"><strong>2. KARL B\u00d6HM <\/strong><\/span><\/h3>\n<h3><span style=\"color: #000080;\"><strong>Perpetual Motion from Little Suite (aus &#8222;Recital Training&#8220;, Band 1 oder der Suzuki Violinschule, Heft 4)<\/strong><\/span><\/h3>\n<h3><span style=\"color: #000080;\"><strong><span style=\"color: #993300;\"><a style=\"color: #993300;\" href=\"https:\/\/www.germansuzuki.de\/wp-content\/uploads\/2019\/09\/Bohm_Perpetual_Motion_Vl-1.pdf\">KOSTENLOSER DOWNLOAD (Bohm)<\/a><\/span><\/strong><\/span><\/h3>\n<h3><span style=\"color: #000080;\"><strong><br \/>\n3. <\/strong><\/span><span style=\"color: #000080;\"><strong>VITTORIO MONTI<br \/>\n<\/strong><\/span><\/h3>\n<h3><span style=\"color: #000080;\"><strong>Czardas<\/strong><\/span><\/h3>\n<h3><a href=\"https:\/\/www.germansuzuki.de\/wp-content\/uploads\/2019\/09\/Monti-Csardas_Vl.pdf\"><span style=\"color: #993300;\">KOSTENLOSER DOWNLOAD (Monti)<\/span><\/a><\/h3>\n<p>&nbsp;<\/p>\n<h3><span style=\"color: #000080;\"><strong>4. EDWARD ELGAR<\/strong><\/span><\/h3>\n<h3><span style=\"color: #000080;\">Salut d&#8217;Amour<\/span><\/h3>\n<h3><span style=\"color: #993300;\"><a style=\"color: #993300;\" href=\"https:\/\/www.germansuzuki.de\/wp-content\/uploads\/2019\/09\/Elgar-Salut_dAmour-Vl.pdf\">KOSTENLOSER DOWNLOAD (Elgar)<\/a><\/span><\/h3>\n[\/vc_column_text]<div class=\"divider-wrap\"><div style=\"height: 25px;\" class=\"divider\"><\/div><\/div><div class=\"divider-wrap\"><div style=\"margin-top: 12px; height: 4px; margin-bottom: 12px;\" data-width=\"100%\" data-animate=\"yes\" data-animation-delay=\"\" data-color=\"accent-color\" class=\"divider-border\"><\/div><\/div><div class=\"divider-wrap\"><div style=\"height: 25px;\" class=\"divider\"><\/div><\/div>[vc_column_text]\n<h2><span style=\"color: #000080;\"><strong><span style=\"color: #000000;\">Samstagnachmittag, 2.11.2019: <span style=\"color: #993300;\">Kurs B<\/span><\/span><\/strong><\/span><\/h2>\n<h3><span style=\"color: #000080;\"><strong>5. OSCAR RIEDING<\/strong><\/span><\/h3>\n<h3><span style=\"color: #000080;\"><strong>Violin Concertino in Hungarian Style, Op.21<br \/>\n<\/strong><\/span><\/h3>\n<h3><span style=\"color: #993300;\"><strong><a style=\"color: #993300;\" href=\"https:\/\/www.germansuzuki.de\/wp-content\/uploads\/2019\/09\/ORieding_Hungarian_Concerto_Op.21_violinpart-2.pdf\">KOSTENLOSER DOWNLOAD (Rieding)<\/a>\u00a0<\/strong><\/span><\/h3>\n[\/vc_column_text]<div class=\"divider-wrap\"><div style=\"height: 25px;\" class=\"divider\"><\/div><\/div><div class=\"divider-wrap\"><div style=\"height: 25px;\" class=\"divider\"><\/div><\/div>[vc_column_text]\n<h2>Einzelunterricht mit Sch\u00fclern<\/h2>\n<h3><span style=\"color: #000080;\"><span style=\"text-transform: uppercase;\">Ezra Jenkinson<br \/>\n<\/span>Elfentanz \/ Elves&#8216; Dance<\/span><\/h3>\n<h3><span style=\"color: #993300;\"><a href=\"https:\/\/www.germansuzuki.de\/wp-content\/uploads\/2019\/09\/Jenkinson-Elfentanz_Vl.pdf\"><span style=\"color: #993300;\">KOSTENLOSER DOWNLOAD (Jenkinson)<\/span><\/a><\/span><\/h3>\n<h3><span style=\"color: #000080;\"><span style=\"text-transform: uppercase;\"><br \/>\nB\u00e9la Bart\u00f3k<br \/>\n<\/span>Rum\u00e4nische Volkst\u00e4nze f\u00fcr Violine und Klavier<\/span><\/h3>\n<h3><span style=\"color: #993300;\"><a style=\"color: #993300;\" href=\"https:\/\/www.germansuzuki.de\/wp-content\/uploads\/2019\/09\/Bartok-Romanian-Dances-Vl.pdf\">KOSTENLOSER DOWNLOAD (Bartok)<\/a><\/span><\/h3>\n[\/vc_column_text]<div class=\"divider-wrap\"><div style=\"margin-top: 12px; height: 4px; margin-bottom: 12px;\" data-width=\"100%\" data-animate=\"yes\" data-animation-delay=\"\" data-color=\"accent-color\" class=\"divider-border\"><\/div><\/div><div class=\"divider-wrap\"><div style=\"height: 25px;\" class=\"divider\"><\/div><\/div>[vc_column_text]\n<h3><span style=\"color: #000000;\"><strong>Ich w\u00fcnsche Ihnen viel Freude bei der Vorbereitung der St\u00fccke! <b><br \/>\nBitte bringen Sie Ihre Noten zur Konferenz mit.<\/b><\/strong><\/span><\/h3>\n<h3><span style=\"color: #000000;\">Beste Gr\u00fc\u00dfe<\/span><br \/>\n<span style=\"color: #000000;\">Kerstin Wartberg<\/span><\/h3>\n[\/vc_column_text]<div class=\"divider-wrap\"><div style=\"height: 25px;\" class=\"divider\"><\/div><\/div><div class=\"divider-wrap\"><div style=\"height: 25px;\" class=\"divider\"><\/div><\/div>[vc_column_text][\/vc_column_text]<div class=\"divider-wrap\"><div style=\"height: 25px;\" class=\"divider\"><\/div><\/div>[vc_column_text][\/vc_column_text]<div class=\"divider-wrap\"><div style=\"height: 25px;\" class=\"divider\"><\/div><\/div>[vc_column_text][\/vc_column_text][\/vc_column][\/vc_row]\n","protected":false},"excerpt":{"rendered":"<p>[vc_row type=&#8220;in_container&#8220; full_screen_row_position=&#8220;middle&#8220; scene_position=&#8220;center&#8220; text_color=&#8220;dark&#8220; text_align=&#8220;left&#8220; overlay_strength=&#8220;0.3&#8243; shape_divider_position=&#8220;bottom&#8220;][vc_column column_padding=&#8220;no-extra-padding&#8220; column_padding_position=&#8220;all&#8220; background_color_opacity=&#8220;1&#8243; background_hover_color_opacity=&#8220;1&#8243; column_shadow=&#8220;none&#8220; column_border_radius=&#8220;none&#8220; width=&#8220;1\/1&#8243; tablet_text_alignment=&#8220;default&#8220; phone_text_alignment=&#8220;default&#8220; column_border_width=&#8220;none&#8220; column_border_style=&#8220;solid&#8220;][vc_column_text] Liebe Kolleginnen und Kollegen! In einigen Wochen werden wir uns in&#8230;<\/p>\n","protected":false},"author":2,"featured_media":9396,"comment_status":"closed","ping_status":"closed","sticky":false,"template":"","format":"standard","meta":[],"categories":[9],"tags":[],"_links":{"self":[{"href":"https:\/\/www.germansuzuki.de\/index.php?rest_route=\/wp\/v2\/posts\/9357"}],"collection":[{"href":"https:\/\/www.germansuzuki.de\/index.php?rest_route=\/wp\/v2\/posts"}],"about":[{"href":"https:\/\/www.germansuzuki.de\/index.php?rest_route=\/wp\/v2\/types\/post"}],"author":[{"embeddable":true,"href":"https:\/\/www.germansuzuki.de\/index.php?rest_route=\/wp\/v2\/users\/2"}],"replies":[{"embeddable":true,"href":"https:\/\/www.germansuzuki.de\/index.php?rest_route=%2Fwp%2Fv2%2Fcomments&post=9357"}],"version-history":[{"count":30,"href":"https:\/\/www.germansuzuki.de\/index.php?rest_route=\/wp\/v2\/posts\/9357\/revisions"}],"predecessor-version":[{"id":9407,"href":"https:\/\/www.germansuzuki.de\/index.php?rest_route=\/wp\/v2\/posts\/9357\/revisions\/9407"}],"wp:featuredmedia":[{"embeddable":true,"href":"https:\/\/www.germansuzuki.de\/index.php?rest_route=\/wp\/v2\/media\/9396"}],"wp:attachment":[{"href":"https:\/\/www.germansuzuki.de\/index.php?rest_route=%2Fwp%2Fv2%2Fmedia&parent=9357"}],"wp:term":[{"taxonomy":"category","embeddable":true,"href":"https:\/\/www.germansuzuki.de\/index.php?rest_route=%2Fwp%2Fv2%2Fcategories&post=9357"},{"taxonomy":"post_tag","embeddable":true,"href":"https:\/\/www.germansuzuki.de\/index.php?rest_route=%2Fwp%2Fv2%2Ftags&post=9357"}],"curies":[{"name":"wp","href":"https:\/\/api.w.org\/{rel}","templated":true}]}}