{"id":9235,"date":"2019-06-18T17:38:13","date_gmt":"2019-06-18T15:38:13","guid":{"rendered":"https:\/\/www.germansuzuki.de\/?p=9235"},"modified":"2019-06-18T17:38:13","modified_gmt":"2019-06-18T15:38:13","slug":"suzuki-festival-2019-fuer-geige-und-klavier-in-muenchen","status":"publish","type":"post","link":"https:\/\/www.germansuzuki.de\/?p=9235","title":{"rendered":"Suzuki-Festival 2019 f\u00fcr Geige und Klavier in M\u00fcnchen"},"content":{"rendered":"<p>Das diesj\u00e4hrige M\u00fcnchner Suzuki-Festival f\u00fcr Geige und Klavier widmet sich schwerpunktm\u00e4\u00dfig dem Musizieren in Ensembles verschiedener Art. Erstmalig haben die Klaviersch\u00fcler Gelegenheit, in gro\u00dfen Gruppen an mehreren Klavieren gemeinsam zu spielen.<br \/>\nZudem werden die Geigen- und Klaviergruppen kooperieren, indem sie St\u00fccke des Suzuki-Repertoires gemeinsam auff\u00fchren. Kleine Geschwister von 0-4 Jahren sind eingeladen, mit einem Elternteil an den SECE (Suzuki Early Childhood Education)-Stunden am Freitag und Samstag teilzunehmen (bitte f\u00fcllen Sie dazu eine gesonderte Anmeldung aus). Hierzu sind keine musikalischen Vorkenntnisse notwendig.<\/p>\n<ul>\n<li><strong>Datum: 18.-20. Oktober 2019<\/strong><\/li>\n<li><strong>Ort: Gemeindezentrum der Adventskirche M\u00fcnchen-Neuaubing, Limesstra\u00dfe 85, 81243 M\u00fcnchen<\/strong><\/li>\n<li><strong>Ansprechpartnerin: Maxi de Buhr-M\u00f6llmann<\/strong><\/li>\n<li><strong>Anmeldeschluss: 30. Juni 2019<\/strong><\/li>\n<\/ul>\n<p>Weitere Infos und ein Anmeldeformular finden Sie <strong><a href=\"https:\/\/www.germansuzuki.de\/wp-content\/uploads\/2019\/06\/kompVersandDeutschSF2019Flyer.pdf\">hier<\/a><\/strong>.<\/p>\n","protected":false},"excerpt":{"rendered":"<p>Das diesj\u00e4hrige M\u00fcnchner Suzuki-Festival f\u00fcr Geige und Klavier widmet sich schwerpunktm\u00e4\u00dfig dem Musizieren in Ensembles verschiedener Art. Erstmalig haben die Klaviersch\u00fcler Gelegenheit, in gro\u00dfen Gruppen an mehreren Klavieren gemeinsam zu&#8230;<\/p>\n","protected":false},"author":2,"featured_media":0,"comment_status":"open","ping_status":"open","sticky":false,"template":"","format":"standard","meta":[],"categories":[9],"tags":[],"_links":{"self":[{"href":"https:\/\/www.germansuzuki.de\/index.php?rest_route=\/wp\/v2\/posts\/9235"}],"collection":[{"href":"https:\/\/www.germansuzuki.de\/index.php?rest_route=\/wp\/v2\/posts"}],"about":[{"href":"https:\/\/www.germansuzuki.de\/index.php?rest_route=\/wp\/v2\/types\/post"}],"author":[{"embeddable":true,"href":"https:\/\/www.germansuzuki.de\/index.php?rest_route=\/wp\/v2\/users\/2"}],"replies":[{"embeddable":true,"href":"https:\/\/www.germansuzuki.de\/index.php?rest_route=%2Fwp%2Fv2%2Fcomments&post=9235"}],"version-history":[{"count":2,"href":"https:\/\/www.germansuzuki.de\/index.php?rest_route=\/wp\/v2\/posts\/9235\/revisions"}],"predecessor-version":[{"id":9255,"href":"https:\/\/www.germansuzuki.de\/index.php?rest_route=\/wp\/v2\/posts\/9235\/revisions\/9255"}],"wp:attachment":[{"href":"https:\/\/www.germansuzuki.de\/index.php?rest_route=%2Fwp%2Fv2%2Fmedia&parent=9235"}],"wp:term":[{"taxonomy":"category","embeddable":true,"href":"https:\/\/www.germansuzuki.de\/index.php?rest_route=%2Fwp%2Fv2%2Fcategories&post=9235"},{"taxonomy":"post_tag","embeddable":true,"href":"https:\/\/www.germansuzuki.de\/index.php?rest_route=%2Fwp%2Fv2%2Ftags&post=9235"}],"curies":[{"name":"wp","href":"https:\/\/api.w.org\/{rel}","templated":true}]}}