{"id":9193,"date":"2019-04-02T17:23:05","date_gmt":"2019-04-02T15:23:05","guid":{"rendered":"https:\/\/www.germansuzuki.de\/?p=9193"},"modified":"2019-04-02T17:45:35","modified_gmt":"2019-04-02T15:45:35","slug":"7-bamberger-suzuki-tage-28-30-06-2019","status":"publish","type":"post","link":"https:\/\/www.germansuzuki.de\/?p=9193","title":{"rendered":"7. Bamberger Suzuki-Tage 28. &#8211; 30.06.2019"},"content":{"rendered":"<p>&nbsp;<\/p>\n<div>\n<h2>Herzliche Einladung an alle Suzuki Streicher- und Fl\u00f6ten- Sch\u00fcler und ihre Eltern!<\/h2>\n<ul>\n<li><span style=\"color: #000000;\"><strong>Ort: <\/strong>St\u00e4dtische Musikschule Bamberg, St.-Getreu-Str. 14, 96049 Bamberg<\/span><\/li>\n<li><span style=\"color: #000000;\"><strong>Kursdauer:<\/strong><\/span>\n<ul>\n<li><span style=\"color: #000000;\">Freitag, 28.06.2019: 15:00 \u2013 18:30 Uhr (Einschreibung ab 13:30 Uhr)<\/span><\/li>\n<li><span style=\"color: #000000;\">Samstag, 29.06. 2019: 09:30 \u2013 12:30 Uhr | 14:30 \u2013 18:00 Uhr<\/span><\/li>\n<li><span style=\"color: #000000;\">Sonntag 30.06. 2019: 11:00 Uhr Abschlusskonzert<\/span><\/li>\n<\/ul>\n<\/li>\n<li><span style=\"color: #000000;\"><strong>Anmeldungen: <\/strong>ab sofort unter <a class=\"csslink_intern\" style=\"color: #000000;\" href=\"http:\/\/stadt.bamberg.de\/Unsere-Stadt\/Kultur-und-Kunst-\/Musik\/7-Bamberger-Suzuki-Tage\" target=\"_self\"><strong><span style=\"color: #000080;\">www.stadt.bamberg.de\/suzuki<\/span><\/strong><\/a><\/span><\/li>\n<li><span style=\"color: #000000;\"><strong>Anmeldeschluss:<\/strong> 14.04.2019. &#8211; Die Teilnehmerzahl ist auf 130 Teilnehmerinnen\/Teilnehmer begrenzt.<\/span><\/li>\n<li><span style=\"color: #000000;\"><strong>Teilnahmegeb\u00fchr:<\/strong> 95, &#8211; \u20ac \/ erm. 85, &#8211; \u20ac f\u00fcr Teilnehmer aus Bamberg\u00a0| bei Ausw\u00e4rtigen ab dem 2. Kind<\/span><\/li>\n<li><span style=\"color: #000000;\"><strong>R\u00fccktrittsgeb\u00fchren:<\/strong> bis 27.05. geb\u00fchrenfrei, bis 13.06.: 50% der Geb\u00fchr, ab 14.6.: 100% der Geb\u00fchr.<\/span><\/li>\n<\/ul>\n<p><span style=\"color: #000000;\">Die Verpflegung ist vor Ort selber zu regeln, es gibt eine Cafeteria. Nach Voranmeldung wird am Samstag ein Mittagessen in der Cafeteria des nahegelegenen Klinikums angeboten.<\/span><\/p>\n<p><span style=\"color: #000000;\">F\u00fcr ausw\u00e4rtige Teilnehmende besteht auf Wunsch und bei entsprechenden Angeboten von Bamberger Familien die M\u00f6glichkeit, in Gastfamilien zu \u00fcbernachten.<\/span><\/p>\n<p><span style=\"color: #000000;\">Die Teilnehmenden erhalten das verbindliche Programm bis Ende April 2019.<\/span><\/p>\n<p><span style=\"color: #000000;\"><strong>Dozenten:<\/strong><\/span><\/p>\n<ul>\n<li><span style=\"color: #000000;\"><strong>Fl\u00f6te:<\/strong> Karen Lavie und Gerda Thorn (beide Amsterdam, Niederlande)<\/span><\/li>\n<li><span style=\"color: #000000;\"><strong>Violine \/ Viola:<\/strong> Yoko Hoshino (Berlin), Isabel Morey Suau (Mallorca\/Kiel), Roc\u00edo Rossi (M\u00fcnchen), Janine Zillmann (Mannheim), Mickey Zirnbauer (K\u00f6ln), Peter Nya (Belgien)<\/span><\/li>\n<li><span style=\"color: #000000;\"><strong>Violoncello:<\/strong> Sara Bethge (Gro\u00dfbritannien), Erika Umanez (Kassel), Friedericke Wilckens (Hof)<\/span><\/li>\n<\/ul>\n<p><span style=\"color: #000000;\"><strong>Ansprechpartner:<\/strong><\/span><\/p>\n<ul>\n<li><span style=\"color: #000000;\">St\u00e4dtische Musikschule<\/span><\/li>\n<li><span style=\"color: #000000;\">Masako Sakai-Hersen: masakaivl@hotmail.com<\/span><\/li>\n<li><span style=\"color: #000000;\">J\u00fcrgen Roeder: juergen.roeder@stadt.bamberg.de<\/span><\/li>\n<\/ul>\n<p><span style=\"color: #000000;\"><strong>Schirmherrschaft:<\/strong><\/span><\/p>\n<p><span style=\"color: #000000;\">Dr. Christian Lange, B\u00fcrgermeister und Kulturreferent<\/span><\/p>\n<\/div>\n","protected":false},"excerpt":{"rendered":"<p>&nbsp; Herzliche Einladung an alle Suzuki Streicher- und Fl\u00f6ten- Sch\u00fcler und ihre Eltern! Ort: St\u00e4dtische Musikschule Bamberg, St.-Getreu-Str. 14, 96049 Bamberg Kursdauer: Freitag, 28.06.2019: 15:00 \u2013 18:30 Uhr (Einschreibung ab&#8230;<\/p>\n","protected":false},"author":2,"featured_media":0,"comment_status":"open","ping_status":"open","sticky":false,"template":"","format":"standard","meta":[],"categories":[9],"tags":[],"_links":{"self":[{"href":"https:\/\/www.germansuzuki.de\/index.php?rest_route=\/wp\/v2\/posts\/9193"}],"collection":[{"href":"https:\/\/www.germansuzuki.de\/index.php?rest_route=\/wp\/v2\/posts"}],"about":[{"href":"https:\/\/www.germansuzuki.de\/index.php?rest_route=\/wp\/v2\/types\/post"}],"author":[{"embeddable":true,"href":"https:\/\/www.germansuzuki.de\/index.php?rest_route=\/wp\/v2\/users\/2"}],"replies":[{"embeddable":true,"href":"https:\/\/www.germansuzuki.de\/index.php?rest_route=%2Fwp%2Fv2%2Fcomments&post=9193"}],"version-history":[{"count":3,"href":"https:\/\/www.germansuzuki.de\/index.php?rest_route=\/wp\/v2\/posts\/9193\/revisions"}],"predecessor-version":[{"id":9197,"href":"https:\/\/www.germansuzuki.de\/index.php?rest_route=\/wp\/v2\/posts\/9193\/revisions\/9197"}],"wp:attachment":[{"href":"https:\/\/www.germansuzuki.de\/index.php?rest_route=%2Fwp%2Fv2%2Fmedia&parent=9193"}],"wp:term":[{"taxonomy":"category","embeddable":true,"href":"https:\/\/www.germansuzuki.de\/index.php?rest_route=%2Fwp%2Fv2%2Fcategories&post=9193"},{"taxonomy":"post_tag","embeddable":true,"href":"https:\/\/www.germansuzuki.de\/index.php?rest_route=%2Fwp%2Fv2%2Ftags&post=9193"}],"curies":[{"name":"wp","href":"https:\/\/api.w.org\/{rel}","templated":true}]}}