{"id":8730,"date":"2019-02-04T19:34:20","date_gmt":"2019-02-04T17:34:20","guid":{"rendered":"https:\/\/www.germansuzuki.de\/?p=8730"},"modified":"2019-02-04T19:50:12","modified_gmt":"2019-02-04T17:50:12","slug":"mai-2019-suzuki-freizeit-in-hochspeyer","status":"publish","type":"post","link":"https:\/\/www.germansuzuki.de\/?p=8730","title":{"rendered":"Mai 2019: Suzuki-Freizeit in Hochspeyer"},"content":{"rendered":"[vc_row type=&#8220;in_container&#8220; full_screen_row_position=&#8220;middle&#8220; scene_position=&#8220;center&#8220; text_color=&#8220;dark&#8220; text_align=&#8220;left&#8220; overlay_strength=&#8220;0.3&#8243; shape_divider_position=&#8220;bottom&#8220;][vc_column column_padding=&#8220;no-extra-padding&#8220; column_padding_position=&#8220;all&#8220; background_color_opacity=&#8220;1&#8243; background_hover_color_opacity=&#8220;1&#8243; column_shadow=&#8220;none&#8220; column_border_radius=&#8220;none&#8220; width=&#8220;1\/1&#8243; tablet_text_alignment=&#8220;default&#8220; phone_text_alignment=&#8220;default&#8220; column_border_width=&#8220;none&#8220; column_border_style=&#8220;solid&#8220;][vc_column_text]\n<h3><span style=\"color: #000080;\">Liebe Eltern, liebe Sch\u00fclerinnen und Sch\u00fcler,<\/span><\/h3>\n<p><span style=\"color: #000000;\">bald ist es wieder soweit: Die diesj\u00e4hrige Suzuki-Freizeit findet vom 24. &#8211; 26. Mai in der Jugendherberge der Stadt Hochspeyer statt. Neben den Suzuki-St\u00fccken geh\u00f6rt dieses Mal das Thema &#8222;Karneval der Tiere&#8220; zum Programm. <\/span><\/p>\n<p><span style=\"color: #000000;\">Die Freizeit beginnt mit einem gemeinsamen Musizieren. Wir bitten Sie darum, mindestens eine halbe Stunde davor anzureisen, damit wir p\u00fcnktlich beginnen k\u00f6nnen. Nach dem Abendessen findet eine gemeinsame Veranstaltung statt, die noch bekannt gegeben wird. <\/span><\/p>\n<p><span style=\"color: #000000;\">Am Samstag beginnt der Unterricht nach dem Fr\u00fchst\u00fcck. F\u00fcr jeden Teilnehmer sind Einzel- und Gruppenstunden vorgesehen. F\u00fcr die begleitenden Eltern besteht die M\u00f6glichkeit in einem &#8222;Elternorchester&#8220; geb\u00fchrenfrei mitzuwirken. Nach dem Abendessen gibt es einen Bunten Abend zum Thema &#8222;Karneval der Tiere&#8220;. <\/span><\/p>\n<p><span style=\"color: #000000;\">Am Sonntag finden weitere Gruppen- und Einzelstunden, eine Generalprobe und das Abschlusskonzert statt. Wie schon das Jahr zuvor, bieten wir auch dieses Jahr einen musikalischen Fr\u00fcherziehungs-Kurs f\u00fcr die Geschwister der Teilnehmer, im Alter von drei bis sechs Jahren, kostenlos an.<\/span><\/p>\n<p><span style=\"color: #000000;\">Die Anmeldung ist m\u00f6glich ab Anfang Februar 2019, Anmeldeschluss ist der 15. M\u00e4rz 2019.<\/span><\/p>\n<p><span style=\"color: #000000;\">Informationen und das Anmeldungsformular finden Sie unter folgendem Link: <strong><span style=\"color: #000080;\"><a style=\"color: #000080;\" href=\"http:\/\/tonebird.org\/Suzuki\/\">http:\/\/tonebird.org\/Suzuki\/<\/a><\/span><\/strong> .<\/span><\/p>\n<p><span style=\"color: #000000;\">Bei Fragen k\u00f6nnen Sie sich gerne an mich, <strong>Anna Mogilevskaja<\/strong>, wenden.<br \/>\nSie k\u00f6nnen mich unter meiner Handynummer (<span style=\"color: #000080;\"><strong>0157\/39344809<\/strong><\/span>) oder meiner E-Mail-Adresse ( <strong><span style=\"color: #000080;\"><a style=\"color: #000080;\" href=\"mailto:ig.rheinneckar@gmail.com\">ig.rheinneckar@gmail.com<\/a><\/span><\/strong> ) erreichen.<\/span>[\/vc_column_text][\/vc_column][\/vc_row][vc_row type=&#8220;in_container&#8220; full_screen_row_position=&#8220;middle&#8220; scene_position=&#8220;center&#8220; text_color=&#8220;dark&#8220; text_align=&#8220;left&#8220; overlay_strength=&#8220;0.3&#8243; shape_divider_position=&#8220;bottom&#8220;][vc_column column_padding=&#8220;no-extra-padding&#8220; column_padding_position=&#8220;all&#8220; background_color_opacity=&#8220;1&#8243; background_hover_color_opacity=&#8220;1&#8243; column_shadow=&#8220;none&#8220; column_border_radius=&#8220;none&#8220; width=&#8220;1\/2&#8243; tablet_text_alignment=&#8220;default&#8220; phone_text_alignment=&#8220;default&#8220; column_border_width=&#8220;none&#8220; column_border_style=&#8220;solid&#8220;][vc_column_text]<img decoding=\"async\" loading=\"lazy\" class=\"alignnone size-large\" src=\"https:\/\/media-cdn.holidaycheck.com\/w_1280,h_720,c_fill,q_80\/ugc\/images\/0c2d684e-4b5c-3f2e-a5ca-fd654a273f25\" width=\"1280\" height=\"720\" \/>[\/vc_column_text][\/vc_column][vc_column column_padding=&#8220;no-extra-padding&#8220; column_padding_position=&#8220;all&#8220; background_color_opacity=&#8220;1&#8243; background_hover_color_opacity=&#8220;1&#8243; column_shadow=&#8220;none&#8220; column_border_radius=&#8220;none&#8220; width=&#8220;1\/2&#8243; tablet_text_alignment=&#8220;default&#8220; phone_text_alignment=&#8220;default&#8220; column_border_width=&#8220;none&#8220; column_border_style=&#8220;solid&#8220;][vc_column_text]<img decoding=\"async\" loading=\"lazy\" class=\"alignnone size-large\" src=\"https:\/\/www.gruppenunterkuenfte.de\/img-gruppenhaus\/n600x400\/Naturpark-Jugendherberge-Hochspeyer__t3739d.jpg\" width=\"600\" height=\"400\" \/>[\/vc_column_text][\/vc_column][\/vc_row]\n","protected":false},"excerpt":{"rendered":"<p>[vc_row type=&#8220;in_container&#8220; full_screen_row_position=&#8220;middle&#8220; scene_position=&#8220;center&#8220; text_color=&#8220;dark&#8220; text_align=&#8220;left&#8220; overlay_strength=&#8220;0.3&#8243; shape_divider_position=&#8220;bottom&#8220;][vc_column column_padding=&#8220;no-extra-padding&#8220; column_padding_position=&#8220;all&#8220; background_color_opacity=&#8220;1&#8243; background_hover_color_opacity=&#8220;1&#8243; column_shadow=&#8220;none&#8220; column_border_radius=&#8220;none&#8220; width=&#8220;1\/1&#8243; tablet_text_alignment=&#8220;default&#8220; phone_text_alignment=&#8220;default&#8220; column_border_width=&#8220;none&#8220; column_border_style=&#8220;solid&#8220;][vc_column_text] Liebe Eltern, liebe Sch\u00fclerinnen und Sch\u00fcler, bald ist es wieder soweit:&#8230;<\/p>\n","protected":false},"author":2,"featured_media":8743,"comment_status":"open","ping_status":"open","sticky":false,"template":"","format":"standard","meta":[],"categories":[9],"tags":[],"_links":{"self":[{"href":"https:\/\/www.germansuzuki.de\/index.php?rest_route=\/wp\/v2\/posts\/8730"}],"collection":[{"href":"https:\/\/www.germansuzuki.de\/index.php?rest_route=\/wp\/v2\/posts"}],"about":[{"href":"https:\/\/www.germansuzuki.de\/index.php?rest_route=\/wp\/v2\/types\/post"}],"author":[{"embeddable":true,"href":"https:\/\/www.germansuzuki.de\/index.php?rest_route=\/wp\/v2\/users\/2"}],"replies":[{"embeddable":true,"href":"https:\/\/www.germansuzuki.de\/index.php?rest_route=%2Fwp%2Fv2%2Fcomments&post=8730"}],"version-history":[{"count":2,"href":"https:\/\/www.germansuzuki.de\/index.php?rest_route=\/wp\/v2\/posts\/8730\/revisions"}],"predecessor-version":[{"id":8741,"href":"https:\/\/www.germansuzuki.de\/index.php?rest_route=\/wp\/v2\/posts\/8730\/revisions\/8741"}],"wp:featuredmedia":[{"embeddable":true,"href":"https:\/\/www.germansuzuki.de\/index.php?rest_route=\/wp\/v2\/media\/8743"}],"wp:attachment":[{"href":"https:\/\/www.germansuzuki.de\/index.php?rest_route=%2Fwp%2Fv2%2Fmedia&parent=8730"}],"wp:term":[{"taxonomy":"category","embeddable":true,"href":"https:\/\/www.germansuzuki.de\/index.php?rest_route=%2Fwp%2Fv2%2Fcategories&post=8730"},{"taxonomy":"post_tag","embeddable":true,"href":"https:\/\/www.germansuzuki.de\/index.php?rest_route=%2Fwp%2Fv2%2Ftags&post=8730"}],"curies":[{"name":"wp","href":"https:\/\/api.w.org\/{rel}","templated":true}]}}