{"id":8720,"date":"2019-01-27T19:57:10","date_gmt":"2019-01-27T17:57:10","guid":{"rendered":"https:\/\/www.germansuzuki.de\/?p=8720"},"modified":"2024-12-17T11:14:18","modified_gmt":"2024-12-17T09:14:18","slug":"jugend-musiziert-2019","status":"publish","type":"post","link":"https:\/\/www.germansuzuki.de\/?p=8720","title":{"rendered":"Jugend Musiziert 2019"},"content":{"rendered":"[vc_row type=&#8220;in_container&#8220; full_screen_row_position=&#8220;middle&#8220; scene_position=&#8220;center&#8220; text_color=&#8220;dark&#8220; text_align=&#8220;left&#8220; overlay_strength=&#8220;0.3&#8243; shape_divider_position=&#8220;bottom&#8220;][vc_column column_padding=&#8220;no-extra-padding&#8220; column_padding_position=&#8220;all&#8220; background_color_opacity=&#8220;1&#8243; background_hover_color_opacity=&#8220;1&#8243; column_shadow=&#8220;none&#8220; column_border_radius=&#8220;none&#8220; width=&#8220;1\/1&#8243; tablet_text_alignment=&#8220;default&#8220; phone_text_alignment=&#8220;default&#8220; column_border_width=&#8220;none&#8220; column_border_style=&#8220;solid&#8220;][vc_column_text]<a href=\"http:\/\/www.germansuzuki.com\/wp-content\/uploads\/2010\/05\/logo_JuMu1.jpg\"><img decoding=\"async\" loading=\"lazy\" class=\"size-full wp-image-1144 alignnone\" title=\"logo_JuMu\" src=\"http:\/\/www.germansuzuki.com\/wp-content\/uploads\/2010\/05\/logo_JuMu1.jpg\" alt=\"\" width=\"198\" height=\"46\" \/><\/a><\/p>\n<h4><span style=\"color: #000080;\">Liebe Freunde, liebe Lehrerinnen und Lehrer der DSG!<\/span><br \/>\n<span style=\"color: #000080;\">Liebe Sch\u00fclereltern!<\/span><\/h4>\n<h4><span style=\"color: #000000;\"><b>In den letzten Tagen erreichten uns zahlreiche positive Nachrichten von Suzuki-Lehrern, die uns voller Freude von der erfolgreichen Teilnahme ihrer Sch\u00fcler beim Regionalwettbewerb \u201e<span class=\"m_-5574081543936161878m_-7135715968971855824gmail-il\">Jugend<\/span> <span class=\"m_-5574081543936161878m_-7135715968971855824gmail-il\">Musiziert<\/span>\u201c berichteten.<br \/>\n<\/b><\/span><\/h4>\n<h4><span style=\"color: #000000;\"><b>Wir w\u00fcrden uns sehr freuen, wenn Sie uns \u00fcber die Teilnahme Ihrer Sch\u00fcler\/Kinder am diesj\u00e4hrigen Wettbewerb berichten und <strong>Ihre Kommentare sowie <\/strong>die Ergebnisse in das unten stehende Textfeld <span style=\"color: #000080;\">&#8222;<\/span><\/b><\/span><span style=\"color: #000080;\">Leave a Reply&#8220; <\/span><span style=\"color: #000000;\"><b><\/b><b>eintragen k\u00f6nnten.<br \/>\nWir ben\u00f6tigen dazu Ihren Namen und Ihre Email-Adresse. Diese wird aber nicht ver\u00f6ffentlicht.<br \/>\n<\/b><\/span><\/h4>\n<h4><span style=\"color: #000080;\"><strong>Vielen Dank! Wir sind auf Ihre Beitr\u00e4ge gespannt!<\/strong><\/span><\/h4>\n[\/vc_column_text][\/vc_column][\/vc_row][vc_row type=&#8220;in_container&#8220; full_screen_row_position=&#8220;middle&#8220; scene_position=&#8220;center&#8220; text_color=&#8220;dark&#8220; text_align=&#8220;left&#8220; overlay_strength=&#8220;0.3&#8243; shape_divider_position=&#8220;bottom&#8220;][vc_column column_padding=&#8220;no-extra-padding&#8220; column_padding_position=&#8220;all&#8220; background_color_opacity=&#8220;1&#8243; background_hover_color_opacity=&#8220;1&#8243; column_shadow=&#8220;none&#8220; column_border_radius=&#8220;none&#8220; width=&#8220;1\/1&#8243; tablet_text_alignment=&#8220;default&#8220; phone_text_alignment=&#8220;default&#8220; column_border_width=&#8220;none&#8220; column_border_style=&#8220;solid&#8220;]<div class=\"divider-wrap\"><div style=\"margin-top: 12px; height: 1px; margin-bottom: 12px;\" data-width=\"100%\" data-animate=\"yes\" data-animation-delay=\"\" data-color=\"accent-color\" class=\"divider-border\"><\/div><\/div>[\/vc_column][\/vc_row][vc_row type=&#8220;in_container&#8220; full_screen_row_position=&#8220;middle&#8220; scene_position=&#8220;center&#8220; text_color=&#8220;dark&#8220; text_align=&#8220;left&#8220; overlay_strength=&#8220;0.3&#8243; shape_divider_position=&#8220;bottom&#8220;][vc_column column_padding=&#8220;no-extra-padding&#8220; column_padding_position=&#8220;all&#8220; background_color_opacity=&#8220;1&#8243; background_hover_color_opacity=&#8220;1&#8243; column_shadow=&#8220;none&#8220; column_border_radius=&#8220;none&#8220; width=&#8220;1\/3&#8243; tablet_text_alignment=&#8220;default&#8220; phone_text_alignment=&#8220;default&#8220; column_border_width=&#8220;none&#8220; column_border_style=&#8220;solid&#8220;][vc_column_text]\n<h3><span style=\"color: #000080;\"><strong>Liebe Kolleginnen und Kollegen,<\/strong><\/span><\/h3>\n<h4><span style=\"color: #000000;\"><strong>mittlerweile sind 17 R\u00fcckmeldungen eingetroffen &#8211; alle mit sehr guten, teilweise mit \u00fcberragenden Ergebnissen.<\/strong><\/span><br \/>\n<span style=\"color: #000000;\"><strong>Ich gratuliere allen flei\u00dfigen Sch\u00fclern und ihren Eltern ganz herzlich, aber ganz besonders Ihnen, liebe Kolleginnen und Kollegen, die Sie Ihre Sch\u00fcler mit Kompetenz und Liebe zu diesen hervorragenden Leistungen gef\u00fchrt haben.<br \/>\n<em><span style=\"color: #000080;\">Kerstin Wartberg<\/span><\/em><br \/>\n<\/strong><\/span><\/h4>\n[\/vc_column_text][\/vc_column][vc_column column_padding=&#8220;no-extra-padding&#8220; column_padding_position=&#8220;all&#8220; background_color_opacity=&#8220;1&#8243; background_hover_color_opacity=&#8220;1&#8243; column_shadow=&#8220;none&#8220; column_border_radius=&#8220;none&#8220; width=&#8220;2\/3&#8243; tablet_text_alignment=&#8220;default&#8220; phone_text_alignment=&#8220;default&#8220; column_border_width=&#8220;none&#8220; column_border_style=&#8220;solid&#8220;][vc_video link=&#8220;https:\/\/www.youtube.com\/watch?v=enAhtxDHEZ4&amp;feature=youtu.be&amp;fbclid=IwAR19vLn_nNn9dIfBNZdLhd9FDLcZPsT3D31iDcJwTtthF9te5QtXWaOdjN0&#8243;][vc_column_text]\n<p class=\"title style-scope ytd-video-primary-info-renderer\"><span style=\"color: #000000;\">Auf dem Video sehen Sie einen Ausschnitt aus dem Preistr\u00e4gerkonzert \u201eJugend Musiziert\u201c.\u00a0 Arnhild, John, Joselin (Klasse Isabel Morey Suau) spielen die <strong>Tarantella aus der Suite f\u00fcr 2 Violinen und Klavier von Ante Bo\u017ei\u0107 Kudri\u0107.<\/strong><\/span><\/p>\n[\/vc_column_text][\/vc_column][\/vc_row][vc_row type=&#8220;in_container&#8220; full_screen_row_position=&#8220;middle&#8220; scene_position=&#8220;center&#8220; text_color=&#8220;dark&#8220; text_align=&#8220;left&#8220; overlay_strength=&#8220;0.3&#8243; shape_divider_position=&#8220;bottom&#8220;][vc_column column_padding=&#8220;no-extra-padding&#8220; column_padding_position=&#8220;all&#8220; background_color=&#8220;#dbdbdb&#8220; background_color_opacity=&#8220;1&#8243; background_hover_color_opacity=&#8220;1&#8243; column_shadow=&#8220;none&#8220; column_border_radius=&#8220;none&#8220; width=&#8220;1\/3&#8243; tablet_text_alignment=&#8220;default&#8220; phone_text_alignment=&#8220;default&#8220; column_border_width=&#8220;none&#8220; column_border_style=&#8220;solid&#8220;][vc_column_text]<a href=\"https:\/\/www.germansuzuki.de\/wp-content\/uploads\/2019\/01\/JM_2019.jpg\"><img decoding=\"async\" loading=\"lazy\" class=\"alignleft size-full wp-image-8952\" src=\"https:\/\/www.germansuzuki.de\/wp-content\/uploads\/2019\/01\/JM_2019.jpg\" alt=\"\" width=\"600\" height=\"800\" srcset=\"https:\/\/www.germansuzuki.de\/wp-content\/uploads\/2019\/01\/JM_2019.jpg 600w, https:\/\/www.germansuzuki.de\/wp-content\/uploads\/2019\/01\/JM_2019-225x300.jpg 225w\" sizes=\"(max-width: 600px) 100vw, 600px\" \/><\/a>[\/vc_column_text][vc_column_text]\n<p class=\"title\" style=\"text-align: center;\"><span style=\"color: #000000;\">Unser j\u00fcngster Geigenteilnehmer, der 5j\u00e4hrige Benedikt, AG 1a, erhielt einen 1. Preis mit der H\u00f6chstpunktzahl. Hier zeigt er sich ganz gl\u00fccklich mit seiner Lehrerin Andrea Agotha-Vajer, Suzuki-Musikkreis der Johann-Michael-Sailer-Schule Ingolstadt.<\/span><\/p>\n<div class=\"entry-detail-photo entry-detail__main-column--right\">\n<div class=\"entry-logo\"><\/div>\n<\/div>\n[\/vc_column_text][\/vc_column][vc_column column_padding=&#8220;no-extra-padding&#8220; column_padding_position=&#8220;all&#8220; background_color=&#8220;#dbdbdb&#8220; background_color_opacity=&#8220;1&#8243; background_hover_color_opacity=&#8220;1&#8243; column_shadow=&#8220;none&#8220; column_border_radius=&#8220;none&#8220; width=&#8220;2\/3&#8243; tablet_text_alignment=&#8220;default&#8220; phone_text_alignment=&#8220;default&#8220; column_border_width=&#8220;none&#8220; column_border_style=&#8220;solid&#8220;][vc_column_text]<a href=\"https:\/\/www.germansuzuki.de\/wp-content\/uploads\/2019\/01\/JM_Cello_2019.jpg\"><img decoding=\"async\" loading=\"lazy\" class=\"alignleft size-large wp-image-8953\" src=\"https:\/\/www.germansuzuki.de\/wp-content\/uploads\/2019\/01\/JM_Cello_2019-1024x576.jpg\" alt=\"\" width=\"1024\" height=\"576\" srcset=\"https:\/\/www.germansuzuki.de\/wp-content\/uploads\/2019\/01\/JM_Cello_2019-1024x576.jpg 1024w, https:\/\/www.germansuzuki.de\/wp-content\/uploads\/2019\/01\/JM_Cello_2019-300x169.jpg 300w, https:\/\/www.germansuzuki.de\/wp-content\/uploads\/2019\/01\/JM_Cello_2019-768x432.jpg 768w, https:\/\/www.germansuzuki.de\/wp-content\/uploads\/2019\/01\/JM_Cello_2019.jpg 1536w\" sizes=\"(max-width: 1024px) 100vw, 1024px\" \/><\/a>[\/vc_column_text][vc_column_text]\n<p style=\"text-align: center;\"><span style=\"color: #000000;\">Auch unser j\u00fcngster Celloteilnehmer, der 6j\u00e4hrige Frederik, AG 1A, erhielt einen 1. Preis. Seine Lehrerin Erika Umanez, der Musikschulleiter Simon van Zoest (Musikschule Hofgeismar) und seine Mutter Karolin Weidmann (von links nach rechts) freuen sich sehr \u00fcber seinen Erfolg. \u00a9 Tanja Temme<br \/>\n<\/span><\/p>\n[\/vc_column_text][\/vc_column][\/vc_row]\n","protected":false},"excerpt":{"rendered":"<p>[vc_row type=&#8220;in_container&#8220; full_screen_row_position=&#8220;middle&#8220; scene_position=&#8220;center&#8220; text_color=&#8220;dark&#8220; text_align=&#8220;left&#8220; overlay_strength=&#8220;0.3&#8243; shape_divider_position=&#8220;bottom&#8220;][vc_column column_padding=&#8220;no-extra-padding&#8220; column_padding_position=&#8220;all&#8220; background_color_opacity=&#8220;1&#8243; background_hover_color_opacity=&#8220;1&#8243; column_shadow=&#8220;none&#8220; column_border_radius=&#8220;none&#8220; width=&#8220;1\/1&#8243; tablet_text_alignment=&#8220;default&#8220; phone_text_alignment=&#8220;default&#8220; column_border_width=&#8220;none&#8220; column_border_style=&#8220;solid&#8220;][vc_column_text] Liebe Freunde, liebe Lehrerinnen und Lehrer der DSG! Liebe Sch\u00fclereltern! In&#8230;<\/p>\n","protected":false},"author":2,"featured_media":8722,"comment_status":"closed","ping_status":"closed","sticky":false,"template":"","format":"standard","meta":[],"categories":[1],"tags":[],"_links":{"self":[{"href":"https:\/\/www.germansuzuki.de\/index.php?rest_route=\/wp\/v2\/posts\/8720"}],"collection":[{"href":"https:\/\/www.germansuzuki.de\/index.php?rest_route=\/wp\/v2\/posts"}],"about":[{"href":"https:\/\/www.germansuzuki.de\/index.php?rest_route=\/wp\/v2\/types\/post"}],"author":[{"embeddable":true,"href":"https:\/\/www.germansuzuki.de\/index.php?rest_route=\/wp\/v2\/users\/2"}],"replies":[{"embeddable":true,"href":"https:\/\/www.germansuzuki.de\/index.php?rest_route=%2Fwp%2Fv2%2Fcomments&post=8720"}],"version-history":[{"count":17,"href":"https:\/\/www.germansuzuki.de\/index.php?rest_route=\/wp\/v2\/posts\/8720\/revisions"}],"predecessor-version":[{"id":9220,"href":"https:\/\/www.germansuzuki.de\/index.php?rest_route=\/wp\/v2\/posts\/8720\/revisions\/9220"}],"wp:featuredmedia":[{"embeddable":true,"href":"https:\/\/www.germansuzuki.de\/index.php?rest_route=\/wp\/v2\/media\/8722"}],"wp:attachment":[{"href":"https:\/\/www.germansuzuki.de\/index.php?rest_route=%2Fwp%2Fv2%2Fmedia&parent=8720"}],"wp:term":[{"taxonomy":"category","embeddable":true,"href":"https:\/\/www.germansuzuki.de\/index.php?rest_route=%2Fwp%2Fv2%2Fcategories&post=8720"},{"taxonomy":"post_tag","embeddable":true,"href":"https:\/\/www.germansuzuki.de\/index.php?rest_route=%2Fwp%2Fv2%2Ftags&post=8720"}],"curies":[{"name":"wp","href":"https:\/\/api.w.org\/{rel}","templated":true}]}}