{"id":8714,"date":"2019-01-27T19:34:37","date_gmt":"2019-01-27T17:34:37","guid":{"rendered":"https:\/\/www.germansuzuki.de\/?p=8714"},"modified":"2019-01-27T20:55:33","modified_gmt":"2019-01-27T18:55:33","slug":"7-weimarer-suzuki-workshop","status":"publish","type":"post","link":"https:\/\/www.germansuzuki.de\/?p=8714","title":{"rendered":"7. Weimarer Suzuki-Workshop"},"content":{"rendered":"[vc_row type=&#8220;in_container&#8220; full_screen_row_position=&#8220;middle&#8220; scene_position=&#8220;center&#8220; text_color=&#8220;dark&#8220; text_align=&#8220;left&#8220; overlay_strength=&#8220;0.3&#8243; shape_divider_position=&#8220;bottom&#8220;][vc_column column_padding=&#8220;no-extra-padding&#8220; column_padding_position=&#8220;all&#8220; background_color_opacity=&#8220;1&#8243; background_hover_color_opacity=&#8220;1&#8243; column_shadow=&#8220;none&#8220; column_border_radius=&#8220;none&#8220; width=&#8220;1\/1&#8243; tablet_text_alignment=&#8220;default&#8220; phone_text_alignment=&#8220;default&#8220; column_border_width=&#8220;none&#8220; column_border_style=&#8220;solid&#8220;][vc_column_text]<a href=\"https:\/\/www.germansuzuki.de\/wp-content\/uploads\/2019\/01\/Weimar_Flyer-1.-Korr-1.jpg\"><img decoding=\"async\" loading=\"lazy\" class=\"alignleft size-large wp-image-8718\" src=\"https:\/\/www.germansuzuki.de\/wp-content\/uploads\/2019\/01\/Weimar_Flyer-1.-Korr-1-1024x509.jpg\" alt=\"\" width=\"1024\" height=\"509\" srcset=\"https:\/\/www.germansuzuki.de\/wp-content\/uploads\/2019\/01\/Weimar_Flyer-1.-Korr-1-1024x509.jpg 1024w, https:\/\/www.germansuzuki.de\/wp-content\/uploads\/2019\/01\/Weimar_Flyer-1.-Korr-1-300x149.jpg 300w, https:\/\/www.germansuzuki.de\/wp-content\/uploads\/2019\/01\/Weimar_Flyer-1.-Korr-1-768x382.jpg 768w\" sizes=\"(max-width: 1024px) 100vw, 1024px\" \/><\/a>[\/vc_column_text][\/vc_column][\/vc_row][vc_row type=&#8220;in_container&#8220; full_screen_row_position=&#8220;middle&#8220; scene_position=&#8220;center&#8220; text_color=&#8220;dark&#8220; text_align=&#8220;left&#8220; overlay_strength=&#8220;0.3&#8243; shape_divider_position=&#8220;bottom&#8220;][vc_column column_padding=&#8220;no-extra-padding&#8220; column_padding_position=&#8220;all&#8220; background_color_opacity=&#8220;1&#8243; background_hover_color_opacity=&#8220;1&#8243; column_shadow=&#8220;none&#8220; column_border_radius=&#8220;none&#8220; width=&#8220;1\/1&#8243; tablet_text_alignment=&#8220;default&#8220; phone_text_alignment=&#8220;default&#8220; column_border_width=&#8220;none&#8220; column_border_style=&#8220;solid&#8220;][vc_column_text]\n<h3><strong>K\u00fcnstlerisch-p\u00e4dagogische Gesamtleitung: Dorothea-Friederike Gruppe<\/strong><\/h3>\n<p><span style=\"color: #000000;\">Vom 5. bis 7. April 2019 l\u00e4dt die Musikschule \u201eJohann Nepomuk Hummel\u201c Weimar zum 7. Suzuki-Workshop ein. Dieser richtet sich an Kinder, die ihre Ausbildung auf der Violine nach der Muttersprachenmethode Dr. Shinichi Suzukis erhalten.<\/span><\/p>\n<p><span style=\"color: #000000;\">Ein vielf\u00e4ltiges Programm mit Einzel-, Gruppen- und Orchesterunterricht &#8211; geleitet durch ein erfahrenes Dozententeam &#8211; lassen die zwei Tage wie im Fluge vergehen.<\/span><\/p>\n<p><span style=\"color: #000080;\"><strong>Kurslehrer:<\/strong><\/span><br \/>\n<span style=\"color: #000000;\">C\u00e9sar Avil\u00e9s, D\u00fcren<\/span><br \/>\n<span style=\"color: #000000;\">Hartmut Geppert, Weimar<\/span><br \/>\n<span style=\"color: #000000;\">Sabine Hartmann, Jena<\/span><br \/>\n<span style=\"color: #000000;\">Iokine Iturriagagoitia, Leipzig<\/span><br \/>\n<span style=\"color: #000000;\">Gino Romero Ramirez, Hamburg<\/span><br \/>\n<span style=\"color: #000000;\">Susanne Salzmann, Weimar<\/span><br \/>\n<span style=\"color: #000000;\">Dorothee Schmidt, Erfurt<\/span><\/p>\n<p><span style=\"color: #000000;\">Lunchkonzerte, Spazierg\u00e4nge durch die Klassikerstadt Weimar sowie ein gro\u00dfes Abschlusskonzert am 7. April um 14:00 Uhr im Rathaussaal in Erfurt pr\u00e4gen das einzigartige Flair dieses Th\u00fcringer Suzukiworkshops.<\/span><\/p>\n<p><span style=\"color: #000000;\">Anmeldeschluss ist der 23. Februar 2019.<\/span><\/p>\n<h3><strong><span style=\"color: #000000;\">Download:<\/span> <\/strong><a href=\"https:\/\/www.germansuzuki.de\/wp-content\/uploads\/2019\/01\/Flyer-1.-Korr.pdf\"><span style=\"color: #000080;\"><strong>Anmeldeformular<\/strong><\/span><\/a><\/h3>\n[\/vc_column_text][\/vc_column][\/vc_row]\n","protected":false},"excerpt":{"rendered":"<p>[vc_row type=&#8220;in_container&#8220; full_screen_row_position=&#8220;middle&#8220; scene_position=&#8220;center&#8220; text_color=&#8220;dark&#8220; text_align=&#8220;left&#8220; overlay_strength=&#8220;0.3&#8243; shape_divider_position=&#8220;bottom&#8220;][vc_column column_padding=&#8220;no-extra-padding&#8220; column_padding_position=&#8220;all&#8220; background_color_opacity=&#8220;1&#8243; background_hover_color_opacity=&#8220;1&#8243; column_shadow=&#8220;none&#8220; column_border_radius=&#8220;none&#8220; width=&#8220;1\/1&#8243; tablet_text_alignment=&#8220;default&#8220; phone_text_alignment=&#8220;default&#8220; column_border_width=&#8220;none&#8220; column_border_style=&#8220;solid&#8220;][vc_column_text][\/vc_column_text][\/vc_column][\/vc_row][vc_row type=&#8220;in_container&#8220; full_screen_row_position=&#8220;middle&#8220; scene_position=&#8220;center&#8220; text_color=&#8220;dark&#8220; text_align=&#8220;left&#8220; overlay_strength=&#8220;0.3&#8243; shape_divider_position=&#8220;bottom&#8220;][vc_column column_padding=&#8220;no-extra-padding&#8220; column_padding_position=&#8220;all&#8220; background_color_opacity=&#8220;1&#8243; background_hover_color_opacity=&#8220;1&#8243;&#8230;<\/p>\n","protected":false},"author":2,"featured_media":8718,"comment_status":"open","ping_status":"open","sticky":false,"template":"","format":"standard","meta":[],"categories":[9],"tags":[],"_links":{"self":[{"href":"https:\/\/www.germansuzuki.de\/index.php?rest_route=\/wp\/v2\/posts\/8714"}],"collection":[{"href":"https:\/\/www.germansuzuki.de\/index.php?rest_route=\/wp\/v2\/posts"}],"about":[{"href":"https:\/\/www.germansuzuki.de\/index.php?rest_route=\/wp\/v2\/types\/post"}],"author":[{"embeddable":true,"href":"https:\/\/www.germansuzuki.de\/index.php?rest_route=\/wp\/v2\/users\/2"}],"replies":[{"embeddable":true,"href":"https:\/\/www.germansuzuki.de\/index.php?rest_route=%2Fwp%2Fv2%2Fcomments&post=8714"}],"version-history":[{"count":3,"href":"https:\/\/www.germansuzuki.de\/index.php?rest_route=\/wp\/v2\/posts\/8714\/revisions"}],"predecessor-version":[{"id":8728,"href":"https:\/\/www.germansuzuki.de\/index.php?rest_route=\/wp\/v2\/posts\/8714\/revisions\/8728"}],"wp:featuredmedia":[{"embeddable":true,"href":"https:\/\/www.germansuzuki.de\/index.php?rest_route=\/wp\/v2\/media\/8718"}],"wp:attachment":[{"href":"https:\/\/www.germansuzuki.de\/index.php?rest_route=%2Fwp%2Fv2%2Fmedia&parent=8714"}],"wp:term":[{"taxonomy":"category","embeddable":true,"href":"https:\/\/www.germansuzuki.de\/index.php?rest_route=%2Fwp%2Fv2%2Fcategories&post=8714"},{"taxonomy":"post_tag","embeddable":true,"href":"https:\/\/www.germansuzuki.de\/index.php?rest_route=%2Fwp%2Fv2%2Ftags&post=8714"}],"curies":[{"name":"wp","href":"https:\/\/api.w.org\/{rel}","templated":true}]}}