{"id":8649,"date":"2019-01-09T10:39:16","date_gmt":"2019-01-09T08:39:16","guid":{"rendered":"https:\/\/www.germansuzuki.de\/?p=8649"},"modified":"2019-01-09T11:00:03","modified_gmt":"2019-01-09T09:00:03","slug":"suzuki-early-childhood-education-sece-ab-sofort-in-muenchen","status":"publish","type":"post","link":"https:\/\/www.germansuzuki.de\/?p=8649","title":{"rendered":"Suzuki Early Childhood Education (SECE) ab sofort in M\u00fcnchen!"},"content":{"rendered":"[vc_row type=&#8220;in_container&#8220; full_screen_row_position=&#8220;middle&#8220; scene_position=&#8220;center&#8220; text_color=&#8220;dark&#8220; text_align=&#8220;left&#8220; overlay_strength=&#8220;0.3&#8243; shape_divider_position=&#8220;bottom&#8220;][vc_column column_padding=&#8220;no-extra-padding&#8220; column_padding_position=&#8220;all&#8220; background_color_opacity=&#8220;1&#8243; background_hover_color_opacity=&#8220;1&#8243; column_shadow=&#8220;none&#8220; column_border_radius=&#8220;none&#8220; width=&#8220;1\/2&#8243; tablet_text_alignment=&#8220;default&#8220; phone_text_alignment=&#8220;default&#8220; column_border_width=&#8220;none&#8220; column_border_style=&#8220;solid&#8220;][vc_column_text]<a href=\"https:\/\/www.germansuzuki.de\/wp-content\/uploads\/2019\/01\/familienmusik.jpg\"><img decoding=\"async\" loading=\"lazy\" class=\"wp-image-8650 alignleft\" src=\"https:\/\/www.germansuzuki.de\/wp-content\/uploads\/2019\/01\/familienmusik-733x1024.jpg\" alt=\"\" width=\"359\" height=\"502\" \/><\/a>[\/vc_column_text][\/vc_column][vc_column column_padding=&#8220;no-extra-padding&#8220; column_padding_position=&#8220;all&#8220; background_color_opacity=&#8220;1&#8243; background_hover_color_opacity=&#8220;1&#8243; column_shadow=&#8220;none&#8220; column_border_radius=&#8220;none&#8220; width=&#8220;1\/2&#8243; tablet_text_alignment=&#8220;default&#8220; phone_text_alignment=&#8220;default&#8220; column_border_width=&#8220;none&#8220; column_border_style=&#8220;solid&#8220;][vc_column_text]<span style=\"color: #000000;\">Die langj\u00e4hrige Suzuki-Klavierlehrerin Maxi de Buhr-M\u00f6llmann bietet ab dem 16. Januar 2019 einen Kurs in SECE (Suzuki Early Childhood Education) f\u00fcr Kinder von 0 bis 4 Jahren an.<\/span><br \/>\n<span style=\"color: #000000;\">Nach ihrer Zusatzausbildung zur SECE-Lehrerin beim Schweizerischen Suzuki-Institut im vergangenen Jahr bietet Frau de Buhr-M\u00f6llmann interessierten Eltern mit ihren Kleinkindern die M\u00f6glichkeit, die Welt der Kinderlieder, des Tanzes und der Reime auf bew\u00e4hrte Suzuki-Art zu erkunden. Der Kurs findet w\u00f6chentlich am Mittwochvormittag in M\u00fcnchen Aubing (M\u00fcnchen West) in den wunderbaren R\u00e4umlichkeiten des neuen Gemeindehauses der Adventskirche Neuaubing (Limesstra\u00dfe 85, 81243 M\u00fcnchen) statt.<\/span><br \/>\n<span style=\"color: #000000;\">Der Einstieg f\u00fcr Eltern-Kind-Paare ist jederzeit m\u00f6glich, der neue Kurs beginnt mit einem Orientierungstreffen am 16. Januar 2019.<\/span><\/p>\n<p><span style=\"color: #000000;\">Genaue Infos zum Kurs finden interessierte Familien auf der Internetseite<\/span> <a href=\"http:\/\/www.klavierunterricht-muenchen.com\">www.klavierunterricht-muenchen.com<\/a>.<\/p>\n<p><span style=\"color: #000000;\">Unter dem Link<\/span> <u><a href=\"https:\/\/www.youtube.com\/watch?v=OOVPLC9eVEA\">https:\/\/www.youtube.com\/watch?v=OOVPLC9eVEA<\/a><\/u> <span style=\"color: #000000;\">gewinnen Eltern einen Eindruck vom SECE-Konzept (in englischer Sprache).<\/span>[\/vc_column_text][\/vc_column][\/vc_row]\n","protected":false},"excerpt":{"rendered":"<p>[vc_row type=&#8220;in_container&#8220; full_screen_row_position=&#8220;middle&#8220; scene_position=&#8220;center&#8220; text_color=&#8220;dark&#8220; text_align=&#8220;left&#8220; overlay_strength=&#8220;0.3&#8243; shape_divider_position=&#8220;bottom&#8220;][vc_column column_padding=&#8220;no-extra-padding&#8220; column_padding_position=&#8220;all&#8220; background_color_opacity=&#8220;1&#8243; background_hover_color_opacity=&#8220;1&#8243; column_shadow=&#8220;none&#8220; column_border_radius=&#8220;none&#8220; width=&#8220;1\/2&#8243; tablet_text_alignment=&#8220;default&#8220; phone_text_alignment=&#8220;default&#8220; column_border_width=&#8220;none&#8220; column_border_style=&#8220;solid&#8220;][vc_column_text][\/vc_column_text][\/vc_column][vc_column column_padding=&#8220;no-extra-padding&#8220; column_padding_position=&#8220;all&#8220; background_color_opacity=&#8220;1&#8243; background_hover_color_opacity=&#8220;1&#8243; column_shadow=&#8220;none&#8220; column_border_radius=&#8220;none&#8220; width=&#8220;1\/2&#8243; tablet_text_alignment=&#8220;default&#8220; phone_text_alignment=&#8220;default&#8220; column_border_width=&#8220;none&#8220; column_border_style=&#8220;solid&#8220;][vc_column_text]Die&#8230;<\/p>\n","protected":false},"author":2,"featured_media":8657,"comment_status":"open","ping_status":"open","sticky":false,"template":"","format":"standard","meta":[],"categories":[3],"tags":[],"_links":{"self":[{"href":"https:\/\/www.germansuzuki.de\/index.php?rest_route=\/wp\/v2\/posts\/8649"}],"collection":[{"href":"https:\/\/www.germansuzuki.de\/index.php?rest_route=\/wp\/v2\/posts"}],"about":[{"href":"https:\/\/www.germansuzuki.de\/index.php?rest_route=\/wp\/v2\/types\/post"}],"author":[{"embeddable":true,"href":"https:\/\/www.germansuzuki.de\/index.php?rest_route=\/wp\/v2\/users\/2"}],"replies":[{"embeddable":true,"href":"https:\/\/www.germansuzuki.de\/index.php?rest_route=%2Fwp%2Fv2%2Fcomments&post=8649"}],"version-history":[{"count":4,"href":"https:\/\/www.germansuzuki.de\/index.php?rest_route=\/wp\/v2\/posts\/8649\/revisions"}],"predecessor-version":[{"id":8654,"href":"https:\/\/www.germansuzuki.de\/index.php?rest_route=\/wp\/v2\/posts\/8649\/revisions\/8654"}],"wp:featuredmedia":[{"embeddable":true,"href":"https:\/\/www.germansuzuki.de\/index.php?rest_route=\/wp\/v2\/media\/8657"}],"wp:attachment":[{"href":"https:\/\/www.germansuzuki.de\/index.php?rest_route=%2Fwp%2Fv2%2Fmedia&parent=8649"}],"wp:term":[{"taxonomy":"category","embeddable":true,"href":"https:\/\/www.germansuzuki.de\/index.php?rest_route=%2Fwp%2Fv2%2Fcategories&post=8649"},{"taxonomy":"post_tag","embeddable":true,"href":"https:\/\/www.germansuzuki.de\/index.php?rest_route=%2Fwp%2Fv2%2Ftags&post=8649"}],"curies":[{"name":"wp","href":"https:\/\/api.w.org\/{rel}","templated":true}]}}