{"id":8313,"date":"2018-09-14T20:01:17","date_gmt":"2018-09-14T18:01:17","guid":{"rendered":"https:\/\/www.germansuzuki.de\/?p=8313"},"modified":"2018-09-16T19:52:34","modified_gmt":"2018-09-16T17:52:34","slug":"imtex-konferenz-material-2018","status":"publish","type":"post","link":"https:\/\/www.germansuzuki.de\/?p=8313","title":{"rendered":"IMTEX Konferenz-Material 2018"},"content":{"rendered":"[vc_row type=&#8220;in_container&#8220; full_screen_row_position=&#8220;middle&#8220; scene_position=&#8220;center&#8220; text_color=&#8220;dark&#8220; text_align=&#8220;left&#8220; overlay_strength=&#8220;0.3&#8243; shape_divider_position=&#8220;bottom&#8220;][vc_column column_padding=&#8220;no-extra-padding&#8220; column_padding_position=&#8220;all&#8220; background_color_opacity=&#8220;1&#8243; background_hover_color_opacity=&#8220;1&#8243; column_shadow=&#8220;none&#8220; column_border_radius=&#8220;none&#8220; width=&#8220;1\/1&#8243; tablet_text_alignment=&#8220;default&#8220; phone_text_alignment=&#8220;default&#8220; column_border_width=&#8220;none&#8220; column_border_style=&#8220;solid&#8220;][vc_column_text]\n<h2><span style=\"color: #000080;\"><strong><b>Liebe Kolleginnen und Kollegen<\/b>!<\/strong><\/span><\/h2>\n<h3>In einigen Wochen werden wir uns in Remscheid zur Internationalen Lehrer-Konferenz treffen. Ich freue mich schon SEHR, Sie dort begr\u00fc\u00dfen zu k\u00f6nnen.<\/h3>\n<h3>Bitte bringen Sie Ihre Geigen mit.<\/h3>\n[\/vc_column_text]<div class=\"divider-wrap\"><div style=\"height: 25px;\" class=\"divider\"><\/div><\/div><div class=\"divider-wrap\"><div style=\"height: 25px;\" class=\"divider\"><\/div><\/div>[vc_column_text]\n<h3><span style=\"color: #000080;\"><strong><span style=\"color: #993300;\">F\u00fcr die Lehrerkurse A &amp; B mit Mimi Zweig stehen folgende St\u00fccke auf dem Programm:<\/span><br \/>\n<\/strong><\/span><\/h3>\n[\/vc_column_text]<div class=\"divider-wrap\"><div style=\"margin-top: 12px; height: 4px; margin-bottom: 12px;\" data-width=\"100%\" data-animate=\"yes\" data-animation-delay=\"\" data-color=\"accent-color\" class=\"divider-border\"><\/div><\/div>[vc_column_text]\n<h3><span style=\"color: #000080;\">1. KREUTZER-Et\u00fcden<\/span><\/h3>\n<p><img decoding=\"async\" loading=\"lazy\" class=\"size-large wp-image-4008 alignnone\" src=\"https:\/\/en.germansuzuki.com\/wp-content\/uploads\/2018\/09\/Kreutzer-Etudes-987x1024.jpg\" alt=\"\" width=\"987\" height=\"1024\" \/><\/p>\n<h3><b>Bitte bringen Sie Ihre <\/b>KREUTZER-Et\u00fcden <b>zur Konferenz mit.<\/b><\/h3>\n[\/vc_column_text]<div class=\"divider-wrap\"><div style=\"margin-top: 12px; height: 4px; margin-bottom: 12px;\" data-width=\"100%\" data-animate=\"yes\" data-animation-delay=\"\" data-color=\"accent-color\" class=\"divider-border\"><\/div><\/div>[vc_column_text]\n<h3><span style=\"color: #993300;\"><span id=\"result_box\" class=\"\" lang=\"de\"><span class=\"\">Mimi Zweig hat f\u00fcr Sie weitere Noten ausgesucht.<br \/>\nSie k\u00f6nnen diese hier kostenfrei herunterladen. <\/span><\/span><\/span><\/h3>\n<h3><span style=\"color: #993300;\"><span id=\"result_box\" class=\"\" lang=\"de\"><span class=\"\">Bitte bringen Sie diese zur Konferenz<\/span><\/span> mit.<br \/>\n<\/span><\/h3>\n[\/vc_column_text]<div class=\"divider-wrap\"><div style=\"height: 25px;\" class=\"divider\"><\/div><\/div>[vc_column_text]\n<h3><span style=\"color: #000080;\"><strong>2. SCARY PIECES \/ Furchterregende St\u00fccke<br \/>\n<\/strong><\/span><\/h3>\n<p><span style=\"color: #000000;\"><strong>Behzad Ranjbaran<br \/>\n<\/strong>A Duet for two little witches<br \/>\n<em>(Dieses Duo wird von zwei Teilnehmern solistisch vorgetragen.)<\/em><br \/>\n<\/span><\/p>\n<p><span style=\"color: #000000;\"><strong>Glen Tarachow<br \/>\n<\/strong>AFRAID OF THE DARK<br \/>\n<em>(Auch dieses Duo wird von zwei Teilnehmern solistisch vorgetragen.)<\/em><br \/>\n<\/span><\/p>\n<p><strong>B<\/strong><strong>lake Lewin<br \/>\n<\/strong>THE WITCH\u2019S THINGS[\/vc_column_text]<div class=\"divider-wrap\"><div style=\"height: 25px;\" class=\"divider\"><\/div><\/div>[vc_column_text]\n<h3><a href=\"https:\/\/en.germansuzuki.com\/wp-content\/uploads\/2018\/09\/Scarry-Pieces.pdf\"><span style=\"color: #993300;\">KOSTENLOSER DOWNLOAD<\/span><\/a><br \/>\n<span style=\"color: #993300;\">Scary Pieces<\/span><\/h3>\n[\/vc_column_text]<div class=\"divider-wrap\"><div style=\"margin-top: 12px; height: 4px; margin-bottom: 12px;\" data-width=\"100%\" data-animate=\"yes\" data-animation-delay=\"\" data-color=\"accent-color\" class=\"divider-border\"><\/div><\/div>[vc_column_text]\n<h3><span style=\"color: #000080;\"><strong>3. Kompositionen und Arrangements von Bonnie Greene<\/strong><\/span><\/h3>\n<p><span style=\"color: #993300;\"><strong>Ungarisches Volkslied<\/strong><\/span><br \/>\n<span style=\"color: #000000;\"><strong><span style=\"color: #000080;\">FRISS CZARDAS (Fast Dance)<\/span><br \/>\nVioline 1:<\/strong> Melody &#8211; page\/Seite 8<\/span><br \/>\n<span style=\"color: #000000;\"><strong>Violine 2:<\/strong> Harmony &#8211; page\/Seite 9<\/span><\/p>\n<p><span style=\"color: #993300;\"><strong>American Fiddle Tune<\/strong><\/span><br \/>\n<span style=\"color: #000000;\"><strong><span style=\"color: #000080;\">Redwing<\/span><br \/>\nVioline 1:<\/strong> Melody &#8211; page\/Seite 10<\/span><br \/>\n<span style=\"color: #000000;\"><strong>Violine 2:<\/strong> Harmony &#8211; page\/Seite 11<\/span><\/p>\n<p><span style=\"color: #993300;\"><strong>Israelisches Volkslied<\/strong><\/span><br \/>\n<span style=\"color: #000000;\"><strong><span style=\"color: #000080;\">Tzena (A three-part round \/ Ein dreistimmiger Kanon)<\/span><br \/>\n<\/strong>page\/Seite 16<\/span>[\/vc_column_text]<div class=\"divider-wrap\"><div style=\"height: 25px;\" class=\"divider\"><\/div><\/div>[vc_column_text]\n<h3><a href=\"https:\/\/en.germansuzuki.com\/wp-content\/uploads\/2018\/09\/Bonnie-Greene_Vl.pdf\"><span style=\"color: #993300;\">KOSTENLOSER DOWNLOAD<\/span><\/a><br \/>\n<span style=\"color: #993300;\">Bonnie Greene<\/span><\/h3>\n[\/vc_column_text]<div class=\"divider-wrap\"><div style=\"margin-top: 12px; height: 4px; margin-bottom: 12px;\" data-width=\"100%\" data-animate=\"yes\" data-animation-delay=\"\" data-color=\"accent-color\" class=\"divider-border\"><\/div><\/div><div class=\"divider-wrap\"><div style=\"height: 25px;\" class=\"divider\"><\/div><\/div>[vc_column_text]\n<h3><span style=\"color: #000080;\"><strong>4. Komposition von Kathryn A. Oyer<br \/>\n<\/strong><\/span><\/h3>\n<p><span style=\"color: #000000;\">PAGANINI VARIATIONS FOR YOUNG VIOLINISTS<\/span>[\/vc_column_text]<div class=\"divider-wrap\"><div style=\"height: 25px;\" class=\"divider\"><\/div><\/div>[vc_column_text]\n<h3><a href=\"https:\/\/en.germansuzuki.com\/wp-content\/uploads\/2018\/09\/Paganini-Variations-Oyer_Vl.pdf\"><span style=\"color: #993300;\">KOSTENLOSER DOWNLOAD<\/span><\/a><span style=\"color: #000000;\"><br \/>\n<span style=\"color: #993300;\">Kathryn A. Oyer<\/span><\/span><\/h3>\n[\/vc_column_text]<div class=\"divider-wrap\"><div style=\"height: 25px;\" class=\"divider\"><\/div><\/div><div class=\"divider-wrap\"><div style=\"margin-top: 12px; height: 4px; margin-bottom: 12px;\" data-width=\"100%\" data-animate=\"yes\" data-animation-delay=\"\" data-color=\"accent-color\" class=\"divider-border\"><\/div><\/div>[vc_column_text]\n<h2><span style=\"color: #000080;\"><strong>Unterrichtsveranstaltungen bei Isabel Morey Suau und Kathrin Averdung <\/strong><\/span><\/h2>\n<p><span style=\"color: #000080;\"><strong><span style=\"color: #000000;\">(Kurs B und C)<\/span><\/strong><\/span><\/p>\n<p><span style=\"color: #000000;\">Es wird mehrere parallele Veranstaltungen in getrennten R\u00e4umen geben, in denen gleichzeitig Vortr\u00e4ge gehalten werden. Die Themen reichen von Pre-Twinkle bis hin zu fortgeschrittener Literatur. Wenn Sie sich f\u00fcr <em>La Folia<\/em> und <em>Bach a-Moll<\/em> interessieren, laden Sie bitte die folgenden Noten herunter und bringen sie zur Konferenz mit.<\/span>[\/vc_column_text]<div class=\"divider-wrap\"><div style=\"height: 25px;\" class=\"divider\"><\/div><\/div>[vc_column_text]\n<div class=\"wpb_text_column wpb_content_element \">\n<div class=\"wpb_wrapper\">\n<h3><span style=\"color: #000080;\"><strong>5. <\/strong>La Folia von A. Corelli<\/span><br \/>\nAuswahl der wichtigsten Unterrichtspunkte<\/h3>\n<\/div>\n<\/div>\n<div class=\"divider-wrap\">\n<div class=\"divider\"><span style=\"color: #ffffff;\">1<\/span><\/div>\n<\/div>\n<div class=\"wpb_text_column wpb_content_element \">\n<div class=\"wpb_wrapper\">\n<h3><span style=\"color: #993300;\"><a style=\"color: #993300;\" href=\"https:\/\/en.germansuzuki.com\/wp-content\/uploads\/2018\/09\/La_Folia_teaching_points.pdf\">FREE DOWNLOAD<\/a><\/span><br \/>\n<span style=\"color: #993300;\">La Folia \/ Unterrichtspunkte von Kerstin Wartberg<\/span><\/h3>\n<\/div>\n<\/div>\n[\/vc_column_text]<div class=\"divider-wrap\"><div style=\"margin-top: 12px; height: 4px; margin-bottom: 12px;\" data-width=\"100%\" data-animate=\"yes\" data-animation-delay=\"\" data-color=\"accent-color\" class=\"divider-border\"><\/div><\/div><div class=\"divider-wrap\"><div style=\"height: 25px;\" class=\"divider\"><\/div><\/div>[vc_column_text]\n<h3><span style=\"color: #000080;\"><strong>6. Bach Violinkonzert in a-Moll, 1. Satz<br \/>\n<\/strong><\/span><\/h3>\n<p><span style=\"color: #ffffff;\">\u00a0<\/span><\/p>\n<h3><span style=\"color: #993300;\"><a style=\"color: #993300;\" href=\"https:\/\/en.germansuzuki.com\/wp-content\/uploads\/2018\/09\/Bach_a-Minor.pdf\">FREE DOWNLOAD<\/a><\/span><br \/>\n<span style=\"color: #993300;\">Bach a-Moll<\/span><\/h3>\n[\/vc_column_text]<div class=\"divider-wrap\"><div style=\"margin-top: 12px; height: 4px; margin-bottom: 12px;\" data-width=\"100%\" data-animate=\"yes\" data-animation-delay=\"\" data-color=\"accent-color\" class=\"divider-border\"><\/div><\/div>[\/vc_column][\/vc_row][vc_row type=&#8220;in_container&#8220; full_screen_row_position=&#8220;middle&#8220; scene_position=&#8220;center&#8220; text_color=&#8220;dark&#8220; text_align=&#8220;left&#8220; overlay_strength=&#8220;0.3&#8243; shape_divider_position=&#8220;bottom&#8220;][vc_column column_padding=&#8220;no-extra-padding&#8220; column_padding_position=&#8220;all&#8220; background_color=&#8220;#f7f7f7&#8243; background_color_opacity=&#8220;1&#8243; background_hover_color_opacity=&#8220;1&#8243; column_shadow=&#8220;none&#8220; column_border_radius=&#8220;none&#8220; width=&#8220;1\/1&#8243; tablet_text_alignment=&#8220;default&#8220; phone_text_alignment=&#8220;default&#8220; column_border_width=&#8220;none&#8220; column_border_style=&#8220;solid&#8220;][vc_column_text]\n<h3><span style=\"color: #000000;\"><strong>Ich w\u00fcnsche Ihnen viel Freude bei der Vorbereitung der St\u00fccke! <b><br \/>\nBitte bringen Sie Ihre Noten zur Konferenz mit.<\/b><\/strong><\/span><\/h3>\n<h3><span style=\"color: #000000;\">Beste Gr\u00fc\u00dfe<\/span><br \/>\n<span style=\"color: #000000;\">Kerstin Wartberg<\/span><\/h3>\n[\/vc_column_text][\/vc_column][\/vc_row][vc_row type=&#8220;in_container&#8220; full_screen_row_position=&#8220;middle&#8220; scene_position=&#8220;center&#8220; text_color=&#8220;dark&#8220; text_align=&#8220;left&#8220; overlay_strength=&#8220;0.3&#8243; shape_divider_position=&#8220;bottom&#8220;][vc_column column_padding=&#8220;no-extra-padding&#8220; column_padding_position=&#8220;all&#8220; background_color_opacity=&#8220;1&#8243; background_hover_color_opacity=&#8220;1&#8243; column_shadow=&#8220;none&#8220; column_border_radius=&#8220;none&#8220; width=&#8220;1\/2&#8243; tablet_text_alignment=&#8220;default&#8220; phone_text_alignment=&#8220;default&#8220; column_border_width=&#8220;none&#8220; column_border_style=&#8220;solid&#8220;][vc_column_text]<img decoding=\"async\" loading=\"lazy\" class=\"alignleft size-large wp-image-8334\" src=\"https:\/\/www.germansuzuki.de\/wp-content\/uploads\/2018\/09\/Technik_Titel_12_2018_final_Seite_1-774x1024.jpg\" alt=\"\" width=\"774\" height=\"1024\" srcset=\"https:\/\/www.germansuzuki.de\/wp-content\/uploads\/2018\/09\/Technik_Titel_12_2018_final_Seite_1-774x1024.jpg 774w, https:\/\/www.germansuzuki.de\/wp-content\/uploads\/2018\/09\/Technik_Titel_12_2018_final_Seite_1-227x300.jpg 227w, https:\/\/www.germansuzuki.de\/wp-content\/uploads\/2018\/09\/Technik_Titel_12_2018_final_Seite_1-768x1016.jpg 768w, https:\/\/www.germansuzuki.de\/wp-content\/uploads\/2018\/09\/Technik_Titel_12_2018_final_Seite_1.jpg 1371w\" sizes=\"(max-width: 774px) 100vw, 774px\" \/>[\/vc_column_text][\/vc_column][vc_column column_padding=&#8220;no-extra-padding&#8220; column_padding_position=&#8220;all&#8220; background_color_opacity=&#8220;1&#8243; background_hover_color_opacity=&#8220;1&#8243; column_shadow=&#8220;none&#8220; column_border_radius=&#8220;none&#8220; width=&#8220;1\/2&#8243; tablet_text_alignment=&#8220;default&#8220; phone_text_alignment=&#8220;default&#8220; column_border_width=&#8220;none&#8220; column_border_style=&#8220;solid&#8220;][vc_column_text]<img decoding=\"async\" loading=\"lazy\" class=\"alignleft size-large wp-image-8335\" src=\"https:\/\/www.germansuzuki.de\/wp-content\/uploads\/2018\/09\/Technik_Titel_12_2018_final_Seite_2-769x1024.jpg\" alt=\"\" width=\"769\" height=\"1024\" srcset=\"https:\/\/www.germansuzuki.de\/wp-content\/uploads\/2018\/09\/Technik_Titel_12_2018_final_Seite_2-769x1024.jpg 769w, https:\/\/www.germansuzuki.de\/wp-content\/uploads\/2018\/09\/Technik_Titel_12_2018_final_Seite_2-225x300.jpg 225w, https:\/\/www.germansuzuki.de\/wp-content\/uploads\/2018\/09\/Technik_Titel_12_2018_final_Seite_2-768x1023.jpg 768w, https:\/\/www.germansuzuki.de\/wp-content\/uploads\/2018\/09\/Technik_Titel_12_2018_final_Seite_2.jpg 1371w\" sizes=\"(max-width: 769px) 100vw, 769px\" \/>[\/vc_column_text][\/vc_column][\/vc_row][vc_row type=&#8220;in_container&#8220; full_screen_row_position=&#8220;middle&#8220; scene_position=&#8220;center&#8220; text_color=&#8220;dark&#8220; text_align=&#8220;left&#8220; overlay_strength=&#8220;0.3&#8243; shape_divider_position=&#8220;bottom&#8220;][vc_column column_padding=&#8220;no-extra-padding&#8220; column_padding_position=&#8220;all&#8220; background_color_opacity=&#8220;1&#8243; background_hover_color_opacity=&#8220;1&#8243; column_shadow=&#8220;none&#8220; column_border_radius=&#8220;none&#8220; width=&#8220;1\/1&#8243; tablet_text_alignment=&#8220;default&#8220; phone_text_alignment=&#8220;default&#8220; column_border_width=&#8220;none&#8220; column_border_style=&#8220;solid&#8220;][vc_column_text]\n<h3 style=\"text-align: center;\"><span class=\"\" lang=\"de\"><span class=\"\">W\u00e4hrend der Konferenz werden wir die neuesten ISTEX MUSIC PUBLICATIONS vorstellen:<\/span><\/span><\/h3>\n<h2 style=\"text-align: center;\"><span class=\"\" lang=\"de\"><br \/>\n<span class=\"\" style=\"color: #000080;\">Mein erstes Technikbuch und mein zweites Technikbuch<br \/>\n<\/span><\/span><\/h2>\n<h3 style=\"text-align: center;\"><span class=\"\" lang=\"de\"><span style=\"color: #993300;\">mit CD, MP3 Download, Videos und Smiley-Klebepunkten<\/span><br \/>\n<\/span><\/h3>\n<h3 style=\"text-align: center;\"><span id=\"result_box\" class=\"\" lang=\"de\"><\/span><span style=\"color: #000080;\"><strong>Geeignet f\u00fcr traditionelle Geigenanf\u00e4nger und Suzuki-Geigensch\u00fcler (Heft 1-3)<\/strong><\/span><\/h3>\n<h3 style=\"text-align: center;\"><span style=\"color: #000000;\"><strong><br \/>\n<\/strong>Alle hier vorgestellten \u00dcbungen werden von Klavierarrangements begleitet. Diese beleben die Spielfreude der Sch\u00fcler so sehr, dass sie mehr \u00fcben und sich sowohl ihre technische als auch ihre klangliche Qualit\u00e4t verbessert. Durch die unterschiedliche Gestaltung der Klavierbegleitungen werden die spezifischen geigentechnischen Lernschritte musikalisch unterst\u00fctzt. Das Lerntempo der Sch\u00fcler beschleunigt sich und somit wird der gezielte Aufbau einer soliden Geigentechnik gef\u00f6rdert.<\/span><\/h3>\n<h3 style=\"text-align: center;\"><span style=\"color: #000080;\"><strong><br \/>\nJeder Kursteilnehmer erh\u00e4lt diese Notenhefte und CDs als kostenfreies Kursmaterial. <\/strong><\/span><\/h3>\n[\/vc_column_text][\/vc_column][\/vc_row]\n","protected":false},"excerpt":{"rendered":"<p>[vc_row type=&#8220;in_container&#8220; full_screen_row_position=&#8220;middle&#8220; scene_position=&#8220;center&#8220; text_color=&#8220;dark&#8220; text_align=&#8220;left&#8220; overlay_strength=&#8220;0.3&#8243; shape_divider_position=&#8220;bottom&#8220;][vc_column column_padding=&#8220;no-extra-padding&#8220; column_padding_position=&#8220;all&#8220; background_color_opacity=&#8220;1&#8243; background_hover_color_opacity=&#8220;1&#8243; column_shadow=&#8220;none&#8220; column_border_radius=&#8220;none&#8220; width=&#8220;1\/1&#8243; tablet_text_alignment=&#8220;default&#8220; phone_text_alignment=&#8220;default&#8220; column_border_width=&#8220;none&#8220; column_border_style=&#8220;solid&#8220;][vc_column_text] Liebe Kolleginnen und Kollegen! In einigen Wochen werden wir uns in&#8230;<\/p>\n","protected":false},"author":2,"featured_media":8315,"comment_status":"closed","ping_status":"open","sticky":false,"template":"","format":"standard","meta":[],"categories":[12],"tags":[],"_links":{"self":[{"href":"https:\/\/www.germansuzuki.de\/index.php?rest_route=\/wp\/v2\/posts\/8313"}],"collection":[{"href":"https:\/\/www.germansuzuki.de\/index.php?rest_route=\/wp\/v2\/posts"}],"about":[{"href":"https:\/\/www.germansuzuki.de\/index.php?rest_route=\/wp\/v2\/types\/post"}],"author":[{"embeddable":true,"href":"https:\/\/www.germansuzuki.de\/index.php?rest_route=\/wp\/v2\/users\/2"}],"replies":[{"embeddable":true,"href":"https:\/\/www.germansuzuki.de\/index.php?rest_route=%2Fwp%2Fv2%2Fcomments&post=8313"}],"version-history":[{"count":19,"href":"https:\/\/www.germansuzuki.de\/index.php?rest_route=\/wp\/v2\/posts\/8313\/revisions"}],"predecessor-version":[{"id":8336,"href":"https:\/\/www.germansuzuki.de\/index.php?rest_route=\/wp\/v2\/posts\/8313\/revisions\/8336"}],"wp:featuredmedia":[{"embeddable":true,"href":"https:\/\/www.germansuzuki.de\/index.php?rest_route=\/wp\/v2\/media\/8315"}],"wp:attachment":[{"href":"https:\/\/www.germansuzuki.de\/index.php?rest_route=%2Fwp%2Fv2%2Fmedia&parent=8313"}],"wp:term":[{"taxonomy":"category","embeddable":true,"href":"https:\/\/www.germansuzuki.de\/index.php?rest_route=%2Fwp%2Fv2%2Fcategories&post=8313"},{"taxonomy":"post_tag","embeddable":true,"href":"https:\/\/www.germansuzuki.de\/index.php?rest_route=%2Fwp%2Fv2%2Ftags&post=8313"}],"curies":[{"name":"wp","href":"https:\/\/api.w.org\/{rel}","templated":true}]}}