{"id":8277,"date":"2018-08-06T19:05:21","date_gmt":"2018-08-06T17:05:21","guid":{"rendered":"https:\/\/www.germansuzuki.de\/?p=8277"},"modified":"2018-10-26T10:05:47","modified_gmt":"2018-10-26T08:05:47","slug":"informationen-zur-handelsmarke-suzuki","status":"publish","type":"post","link":"https:\/\/www.germansuzuki.de\/?p=8277","title":{"rendered":"Informationen zur Handelsmarke SUZUKI"},"content":{"rendered":"[vc_row type=&#8220;in_container&#8220; full_screen_row_position=&#8220;middle&#8220; scene_position=&#8220;center&#8220; text_color=&#8220;dark&#8220; text_align=&#8220;left&#8220; id=&#8220;quote&#8220; overlay_strength=&#8220;0.3&#8243; shape_divider_position=&#8220;bottom&#8220; shape_type=&#8220;&#8220;][vc_column column_padding=&#8220;no-extra-padding&#8220; column_padding_position=&#8220;all&#8220; background_color=&#8220;#eaeaea&#8220; background_color_opacity=&#8220;1&#8243; background_hover_color_opacity=&#8220;1&#8243; column_shadow=&#8220;none&#8220; column_border_radius=&#8220;none&#8220; width=&#8220;1\/1&#8243; tablet_text_alignment=&#8220;default&#8220; phone_text_alignment=&#8220;default&#8220; column_border_width=&#8220;none&#8220; column_border_style=&#8220;solid&#8220;]<div class=\"divider-wrap\"><div style=\"margin-top: 12px; height: 4px; margin-bottom: 12px;\" data-width=\"100%\" data-animate=\"yes\" data-animation-delay=\"\" data-color=\"accent-color\" class=\"divider-border\"><\/div><\/div>[vc_column_text]\n<h2 style=\"text-align: center;\"><span style=\"color: #000080;\">Die Situation in Deutschland<br \/>\n<\/span><\/h2>\n<h4 style=\"text-align: center;\"><span style=\"color: #000000;\">Das <span style=\"color: #993300;\">Bundespatentgericht<\/span> hat mit Beschluss vom 02.07.2013 (Aktenzeichen 24 W (pat) 520\/11) entschieden, dass der Begriff &#8222;SUZUKI&#8220; eine beschreibende Angabe f\u00fcr musikp\u00e4dagogische T\u00e4tigkeiten darstellt und daher <\/span>in Deutschland nicht als Marke durchsetzbar ist.<\/h4>\n<h4 style=\"text-align: center;\"><span style=\"color: #993300;\">Deshalb<\/span><span style=\"color: #000000;\"><span style=\"color: #993300;\"> darf das Wort &#8222;SUZUKI&#8220; von jedermann<br \/>\nim Zusammenhang mit musikalischer Lehrp\u00e4dagogik und Ausbildung<br \/>\nfrei benutzt werden.<\/span><br \/>\n<\/span><\/h4>\n[\/vc_column_text]<div class=\"divider-wrap\"><div style=\"margin-top: 12px; height: 4px; margin-bottom: 12px;\" data-width=\"100%\" data-animate=\"yes\" data-animation-delay=\"\" data-color=\"accent-color\" class=\"divider-border\"><\/div><\/div>[vc_column_text]<img decoding=\"async\" loading=\"lazy\" class=\"alignleft size-large wp-image-8283\" src=\"https:\/\/www.germansuzuki.de\/wp-content\/uploads\/2018\/08\/WhatistheOfficeforHarmonizationintheInternalMarket-1024x768.jpg\" alt=\"\" width=\"1024\" height=\"768\" srcset=\"https:\/\/www.germansuzuki.de\/wp-content\/uploads\/2018\/08\/WhatistheOfficeforHarmonizationintheInternalMarket.jpg 1024w, https:\/\/www.germansuzuki.de\/wp-content\/uploads\/2018\/08\/WhatistheOfficeforHarmonizationintheInternalMarket-300x225.jpg 300w, https:\/\/www.germansuzuki.de\/wp-content\/uploads\/2018\/08\/WhatistheOfficeforHarmonizationintheInternalMarket-768x576.jpg 768w\" sizes=\"(max-width: 1024px) 100vw, 1024px\" \/>[\/vc_column_text][vc_column_text]\n<h2 style=\"text-align: center;\"><span style=\"color: #000080;\">Die Situation in Europa<\/span><\/h2>\n[\/vc_column_text]<div class=\"divider-wrap\"><div style=\"margin-top: 12px; height: 4px; margin-bottom: 12px;\" data-width=\"100%\" data-animate=\"yes\" data-animation-delay=\"\" data-color=\"accent-color\" class=\"divider-border\"><\/div><\/div>[vc_column_text]\n<h4 style=\"text-align: center;\"><span style=\"color: #000000;\">Dar\u00fcber hinaus hat das <span style=\"color: #993300;\">Europ\u00e4ische Markenamt<\/span> mit Beschluss vom 12.11.2014 (Aktenzeichen 000007149C) entschieden,<br \/>\ndass <span style=\"color: #993300;\">die Marke &#8222;SUZUKI&#8220; der ISA in Bezug auf musikalische Erziehung (in Klasse 41) gel\u00f6scht wird<\/span>,<br \/>\nda die ISA das Zeichen &#8222;SUZUKI&#8220; f\u00fcr diese T\u00e4tigkeiten nicht benutzt hat.<\/span><\/h4>\n<h4 style=\"text-align: center;\"><span style=\"color: #000000;\">Beide Entscheidungen k\u00f6nnen von uns in Kopie auf Anfrage zur Verf\u00fcgung gestellt werden.<\/span><\/h4>\n[\/vc_column_text]<div class=\"divider-wrap\"><div style=\"margin-top: 12px; height: 4px; margin-bottom: 12px;\" data-width=\"100%\" data-animate=\"yes\" data-animation-delay=\"\" data-color=\"accent-color\" class=\"divider-border\"><\/div><\/div>[vc_column_text]\n<h2 style=\"text-align: center;\"><img decoding=\"async\" loading=\"lazy\" class=\"aligncenter size-large wp-image-3864\" src=\"https:\/\/en.germansuzuki.com\/wp-content\/uploads\/2018\/07\/Excerpt_revocation_CTM_Suzuki-724x1024.jpg\" alt=\"\" width=\"724\" height=\"1024\" \/><\/h2>\n[\/vc_column_text]<div class=\"divider-wrap\"><div style=\"margin-top: 12px; height: 4px; margin-bottom: 12px;\" data-width=\"100%\" data-animate=\"yes\" data-animation-delay=\"\" data-color=\"accent-color\" class=\"divider-border\"><\/div><\/div>[vc_column_text]\n<h2 style=\"text-align: center;\"><span style=\"color: #000000;\"><span style=\"color: #000080;\"><span style=\"color: #000000;\"><span style=\"color: #000080;\">Im Klartext hei\u00dft dies,<\/span> <\/span><\/span><\/span><\/h2>\n<h3 style=\"text-align: center;\"><span style=\"color: #000000;\"><span style=\"color: #000080;\"><span style=\"color: #000000;\">dass weder die ESA noch die ISA das Recht hat,<br \/>\ndie freie Benutzung der Bezeichnung &#8222;SUZUKI&#8220;<br \/>\nin Verbindung mit musikp\u00e4dagogischen Diensten<br \/>\n<\/span><\/span><span style=\"color: #000080;\"><span style=\"color: #993300;\">in Europa und damit nat\u00fcrlich auch in Deutschland<br \/>\n<\/span><span style=\"color: #000000;\">zu verbieten.<\/span><\/span> <\/span><\/h3>\n<h2 style=\"text-align: center;\"><span style=\"color: #000080;\"><strong>Anderslautende Behauptungen sind unwahr.<\/strong><\/span><\/h2>\n[\/vc_column_text]<div class=\"divider-wrap\"><div style=\"margin-top: 12px; height: 4px; margin-bottom: 12px;\" data-width=\"100%\" data-animate=\"yes\" data-animation-delay=\"\" data-color=\"accent-color\" class=\"divider-border\"><\/div><\/div>[\/vc_column][\/vc_row][vc_row type=&#8220;in_container&#8220; full_screen_row_position=&#8220;middle&#8220; scene_position=&#8220;center&#8220; text_color=&#8220;dark&#8220; text_align=&#8220;left&#8220; overlay_strength=&#8220;0.3&#8243; shape_divider_position=&#8220;bottom&#8220;][vc_column column_padding=&#8220;no-extra-padding&#8220; column_padding_position=&#8220;all&#8220; background_color_opacity=&#8220;1&#8243; background_hover_color_opacity=&#8220;1&#8243; column_shadow=&#8220;none&#8220; column_border_radius=&#8220;none&#8220; width=&#8220;1\/6&#8243; tablet_text_alignment=&#8220;default&#8220; phone_text_alignment=&#8220;default&#8220; column_border_width=&#8220;none&#8220; column_border_style=&#8220;solid&#8220;]<div class=\"divider-wrap\"><div style=\"height: 25px;\" class=\"divider\"><\/div><\/div>[\/vc_column][vc_column column_padding=&#8220;no-extra-padding&#8220; column_padding_position=&#8220;all&#8220; background_color_opacity=&#8220;1&#8243; background_hover_color_opacity=&#8220;1&#8243; column_shadow=&#8220;none&#8220; column_border_radius=&#8220;none&#8220; width=&#8220;1\/6&#8243; tablet_text_alignment=&#8220;default&#8220; phone_text_alignment=&#8220;default&#8220; column_border_width=&#8220;none&#8220; column_border_style=&#8220;solid&#8220;][vc_column_text]<a href=\"https:\/\/en.germansuzuki.com\/?page_id=3885\"><img decoding=\"async\" loading=\"lazy\" class=\" wp-image-3628 alignright\" src=\"https:\/\/en.germansuzuki.com\/wp-content\/uploads\/2018\/03\/america-flag.png\" alt=\"\" width=\"449\" height=\"279\" \/><\/a>[\/vc_column_text][\/vc_column][vc_column column_padding=&#8220;no-extra-padding&#8220; column_padding_position=&#8220;all&#8220; background_color_opacity=&#8220;1&#8243; background_hover_color_opacity=&#8220;1&#8243; column_shadow=&#8220;none&#8220; column_border_radius=&#8220;none&#8220; width=&#8220;2\/3&#8243; tablet_text_alignment=&#8220;default&#8220; phone_text_alignment=&#8220;default&#8220; column_border_width=&#8220;none&#8220; column_border_style=&#8220;solid&#8220;][vc_column_text]\n<h3 style=\"text-align: left;\"><a href=\"https:\/\/en.germansuzuki.com\/?page_id=3885\"><span style=\"color: #000080;\">English Version<\/span><\/a><\/h3>\n<h3 style=\"text-align: left;\"><a href=\"https:\/\/en.germansuzuki.com\/?page_id=3885\"><span style=\"color: #000080;\">Note regarding the <em>SUZUKI <\/em>trademark<\/span><\/a><\/h3>\n[\/vc_column_text][\/vc_column][\/vc_row][vc_row type=&#8220;in_container&#8220; full_screen_row_position=&#8220;middle&#8220; scene_position=&#8220;center&#8220; text_color=&#8220;dark&#8220; text_align=&#8220;left&#8220; overlay_strength=&#8220;0.3&#8243; shape_divider_position=&#8220;bottom&#8220;][vc_column column_padding=&#8220;no-extra-padding&#8220; column_padding_position=&#8220;all&#8220; background_color_opacity=&#8220;1&#8243; background_hover_color_opacity=&#8220;1&#8243; column_shadow=&#8220;none&#8220; column_border_radius=&#8220;none&#8220; width=&#8220;1\/6&#8243; tablet_text_alignment=&#8220;default&#8220; phone_text_alignment=&#8220;default&#8220; column_border_width=&#8220;none&#8220; column_border_style=&#8220;solid&#8220;]<div class=\"divider-wrap\"><div style=\"height: 25px;\" class=\"divider\"><\/div><\/div>[\/vc_column][vc_column column_padding=&#8220;no-extra-padding&#8220; column_padding_position=&#8220;all&#8220; background_color_opacity=&#8220;1&#8243; background_hover_color_opacity=&#8220;1&#8243; column_shadow=&#8220;none&#8220; column_border_radius=&#8220;none&#8220; width=&#8220;1\/6&#8243; tablet_text_alignment=&#8220;default&#8220; phone_text_alignment=&#8220;default&#8220; column_border_width=&#8220;none&#8220; column_border_style=&#8220;solid&#8220;][vc_column_text]<a href=\"https:\/\/en.germansuzuki.com\/?page_id=3875\"><img decoding=\"async\" loading=\"lazy\" class=\" wp-image-3874 alignright\" src=\"https:\/\/en.germansuzuki.com\/wp-content\/uploads\/2018\/07\/spain-28530_1280.png\" alt=\"\" width=\"450\" height=\"300\" \/><\/a>[\/vc_column_text][\/vc_column][vc_column column_padding=&#8220;no-extra-padding&#8220; column_padding_position=&#8220;all&#8220; background_color_opacity=&#8220;1&#8243; background_hover_color_opacity=&#8220;1&#8243; column_shadow=&#8220;none&#8220; column_border_radius=&#8220;none&#8220; width=&#8220;2\/3&#8243; tablet_text_alignment=&#8220;default&#8220; phone_text_alignment=&#8220;default&#8220; column_border_width=&#8220;none&#8220; column_border_style=&#8220;solid&#8220;][vc_column_text]\n<h3><a href=\"https:\/\/en.germansuzuki.com\/?page_id=3875\"><span style=\"color: #000080;\"><span id=\"result_box\" class=\"short_text\" lang=\"es\" tabindex=\"-1\"><span class=\"\">Version en espa\u00f1ol<\/span><\/span><\/span><\/a><\/h3>\n<h3><a href=\"https:\/\/en.germansuzuki.com\/?page_id=3875\"><span style=\"color: #000080;\">Informaci\u00f3n referente a la marca registrada <em>SUZUKI<\/em><\/span><\/a><\/h3>\n[\/vc_column_text][\/vc_column][\/vc_row][vc_row type=&#8220;in_container&#8220; full_screen_row_position=&#8220;middle&#8220; scene_position=&#8220;center&#8220; text_color=&#8220;dark&#8220; text_align=&#8220;left&#8220; overlay_strength=&#8220;0.3&#8243; shape_divider_position=&#8220;bottom&#8220;][vc_column column_padding=&#8220;no-extra-padding&#8220; column_padding_position=&#8220;all&#8220; background_color_opacity=&#8220;1&#8243; background_hover_color_opacity=&#8220;1&#8243; column_shadow=&#8220;none&#8220; column_border_radius=&#8220;none&#8220; width=&#8220;1\/6&#8243; tablet_text_alignment=&#8220;default&#8220; phone_text_alignment=&#8220;default&#8220; column_border_width=&#8220;none&#8220; column_border_style=&#8220;solid&#8220;]<div class=\"divider-wrap\"><div style=\"height: 25px;\" class=\"divider\"><\/div><\/div>[\/vc_column][vc_column column_padding=&#8220;no-extra-padding&#8220; column_padding_position=&#8220;all&#8220; background_color_opacity=&#8220;1&#8243; background_hover_color_opacity=&#8220;1&#8243; column_shadow=&#8220;none&#8220; column_border_radius=&#8220;none&#8220; width=&#8220;1\/6&#8243; tablet_text_alignment=&#8220;default&#8220; phone_text_alignment=&#8220;default&#8220; column_border_width=&#8220;none&#8220; column_border_style=&#8220;solid&#8220;][vc_column_text]<img decoding=\"async\" loading=\"lazy\" class=\"aligncenter size-full wp-image-3939\" src=\"https:\/\/en.germansuzuki.com\/wp-content\/uploads\/2018\/08\/2000px-Flag_of_France.svg_.png\" alt=\"\" width=\"2000\" height=\"1333\" \/>[\/vc_column_text][\/vc_column][vc_column column_padding=&#8220;no-extra-padding&#8220; column_padding_position=&#8220;all&#8220; background_color_opacity=&#8220;1&#8243; background_hover_color_opacity=&#8220;1&#8243; column_shadow=&#8220;none&#8220; column_border_radius=&#8220;none&#8220; width=&#8220;2\/3&#8243; tablet_text_alignment=&#8220;default&#8220; phone_text_alignment=&#8220;default&#8220; column_border_width=&#8220;none&#8220; column_border_style=&#8220;solid&#8220;][vc_column_text]\n<h3><span id=\"result_box\" class=\"\" lang=\"fr\" style=\"color: #000080;\"><a style=\"color: #000080;\" href=\"https:\/\/en.germansuzuki.com\/?page_id=3941\">Version fran\u00e7aise<\/a><br \/>\n<\/span><\/h3>\n<h3><a href=\"https:\/\/en.germansuzuki.com\/?page_id=3941\"><span id=\"result_box\" class=\"\" lang=\"fr\" style=\"color: #000080;\"><span class=\"\"><span style=\"color: #000080;\">Informations sur la marque <\/span><em><span style=\"color: #000080;\">SUZUKI<\/span><\/em><\/span><\/span><\/a><\/h3>\n[\/vc_column_text][\/vc_column][\/vc_row][vc_row type=&#8220;in_container&#8220; full_screen_row_position=&#8220;middle&#8220; scene_position=&#8220;center&#8220; text_color=&#8220;dark&#8220; text_align=&#8220;left&#8220; overlay_strength=&#8220;0.3&#8243; shape_divider_position=&#8220;bottom&#8220;][vc_column column_padding=&#8220;no-extra-padding&#8220; column_padding_position=&#8220;all&#8220; background_color_opacity=&#8220;1&#8243; background_hover_color_opacity=&#8220;1&#8243; column_shadow=&#8220;none&#8220; column_border_radius=&#8220;none&#8220; width=&#8220;1\/6&#8243; tablet_text_alignment=&#8220;default&#8220; phone_text_alignment=&#8220;default&#8220; column_border_width=&#8220;none&#8220; column_border_style=&#8220;solid&#8220;]<div class=\"divider-wrap\"><div style=\"height: 25px;\" class=\"divider\"><\/div><\/div>[\/vc_column][vc_column column_padding=&#8220;no-extra-padding&#8220; column_padding_position=&#8220;all&#8220; background_color_opacity=&#8220;1&#8243; background_hover_color_opacity=&#8220;1&#8243; column_shadow=&#8220;none&#8220; column_border_radius=&#8220;none&#8220; width=&#8220;1\/6&#8243; tablet_text_alignment=&#8220;default&#8220; phone_text_alignment=&#8220;default&#8220; column_border_width=&#8220;none&#8220; column_border_style=&#8220;solid&#8220;][vc_column_text]<img decoding=\"async\" loading=\"lazy\" class=\"alignleft size-full wp-image-8301\" src=\"https:\/\/www.germansuzuki.de\/wp-content\/uploads\/2018\/08\/flagge-italien.gif\" alt=\"\" width=\"500\" height=\"292\" \/>[\/vc_column_text][\/vc_column][vc_column column_padding=&#8220;no-extra-padding&#8220; column_padding_position=&#8220;all&#8220; background_color_opacity=&#8220;1&#8243; background_hover_color_opacity=&#8220;1&#8243; column_shadow=&#8220;none&#8220; column_border_radius=&#8220;none&#8220; width=&#8220;2\/3&#8243; tablet_text_alignment=&#8220;default&#8220; phone_text_alignment=&#8220;default&#8220; column_border_width=&#8220;none&#8220; column_border_style=&#8220;solid&#8220;][vc_column_text]\n<h3><span style=\"color: #000080;\"><a style=\"color: #000080;\" href=\"https:\/\/en.germansuzuki.com\/?page_id=622\"><strong>Versione italiana<\/strong><\/a><\/span><\/h3>\n<h3><a href=\"https:\/\/en.germansuzuki.com\/?page_id=622\"><span style=\"color: #000080;\"><strong>Informazioni sul marchio <\/strong><\/span><strong><em><span style=\"color: #000080;\">SUZUKI<\/span><\/em><\/strong><\/a><\/h3>\n[\/vc_column_text][\/vc_column][\/vc_row][vc_row type=&#8220;in_container&#8220; full_screen_row_position=&#8220;middle&#8220; scene_position=&#8220;center&#8220; text_color=&#8220;dark&#8220; text_align=&#8220;left&#8220; overlay_strength=&#8220;0.3&#8243; shape_divider_position=&#8220;bottom&#8220;][vc_column column_padding=&#8220;no-extra-padding&#8220; column_padding_position=&#8220;all&#8220; background_color_opacity=&#8220;1&#8243; background_hover_color_opacity=&#8220;1&#8243; column_shadow=&#8220;none&#8220; column_border_radius=&#8220;none&#8220; width=&#8220;1\/1&#8243; tablet_text_alignment=&#8220;default&#8220; phone_text_alignment=&#8220;default&#8220; column_border_width=&#8220;none&#8220; column_border_style=&#8220;solid&#8220;][\/vc_column][\/vc_row]\n","protected":false},"excerpt":{"rendered":"<p>[vc_row type=&#8220;in_container&#8220; full_screen_row_position=&#8220;middle&#8220; scene_position=&#8220;center&#8220; text_color=&#8220;dark&#8220; text_align=&#8220;left&#8220; id=&#8220;quote&#8220; overlay_strength=&#8220;0.3&#8243; shape_divider_position=&#8220;bottom&#8220; shape_type=&#8220;&#8220;][vc_column column_padding=&#8220;no-extra-padding&#8220; column_padding_position=&#8220;all&#8220; background_color=&#8220;#eaeaea&#8220; background_color_opacity=&#8220;1&#8243; background_hover_color_opacity=&#8220;1&#8243; column_shadow=&#8220;none&#8220; column_border_radius=&#8220;none&#8220; width=&#8220;1\/1&#8243; tablet_text_alignment=&#8220;default&#8220; phone_text_alignment=&#8220;default&#8220; column_border_width=&#8220;none&#8220; column_border_style=&#8220;solid&#8220;][vc_column_text] Die Situation in Deutschland Das Bundespatentgericht hat mit&#8230;<\/p>\n","protected":false},"author":2,"featured_media":8283,"comment_status":"open","ping_status":"open","sticky":false,"template":"","format":"standard","meta":[],"categories":[3],"tags":[],"_links":{"self":[{"href":"https:\/\/www.germansuzuki.de\/index.php?rest_route=\/wp\/v2\/posts\/8277"}],"collection":[{"href":"https:\/\/www.germansuzuki.de\/index.php?rest_route=\/wp\/v2\/posts"}],"about":[{"href":"https:\/\/www.germansuzuki.de\/index.php?rest_route=\/wp\/v2\/types\/post"}],"author":[{"embeddable":true,"href":"https:\/\/www.germansuzuki.de\/index.php?rest_route=\/wp\/v2\/users\/2"}],"replies":[{"embeddable":true,"href":"https:\/\/www.germansuzuki.de\/index.php?rest_route=%2Fwp%2Fv2%2Fcomments&post=8277"}],"version-history":[{"count":22,"href":"https:\/\/www.germansuzuki.de\/index.php?rest_route=\/wp\/v2\/posts\/8277\/revisions"}],"predecessor-version":[{"id":8445,"href":"https:\/\/www.germansuzuki.de\/index.php?rest_route=\/wp\/v2\/posts\/8277\/revisions\/8445"}],"wp:featuredmedia":[{"embeddable":true,"href":"https:\/\/www.germansuzuki.de\/index.php?rest_route=\/wp\/v2\/media\/8283"}],"wp:attachment":[{"href":"https:\/\/www.germansuzuki.de\/index.php?rest_route=%2Fwp%2Fv2%2Fmedia&parent=8277"}],"wp:term":[{"taxonomy":"category","embeddable":true,"href":"https:\/\/www.germansuzuki.de\/index.php?rest_route=%2Fwp%2Fv2%2Fcategories&post=8277"},{"taxonomy":"post_tag","embeddable":true,"href":"https:\/\/www.germansuzuki.de\/index.php?rest_route=%2Fwp%2Fv2%2Ftags&post=8277"}],"curies":[{"name":"wp","href":"https:\/\/api.w.org\/{rel}","templated":true}]}}