{"id":8106,"date":"2018-12-02T15:49:09","date_gmt":"2018-12-02T13:49:09","guid":{"rendered":"https:\/\/www.germansuzuki.de\/?p=8106"},"modified":"2018-12-02T16:56:19","modified_gmt":"2018-12-02T14:56:19","slug":"weiterbildungskurse-fuer-violinlehrer","status":"publish","type":"post","link":"https:\/\/www.germansuzuki.de\/?p=8106","title":{"rendered":"Fr\u00fchlingskurse f\u00fcr Violinlehrer April 2019 &#8211; Online-Anmeldung jetzt offen"},"content":{"rendered":"[vc_row type=&#8220;in_container&#8220; full_screen_row_position=&#8220;middle&#8220; scene_position=&#8220;center&#8220; text_color=&#8220;dark&#8220; text_align=&#8220;left&#8220; overlay_strength=&#8220;0.3&#8243; shape_divider_position=&#8220;bottom&#8220;][vc_column column_padding=&#8220;no-extra-padding&#8220; column_padding_position=&#8220;all&#8220; background_color_opacity=&#8220;1&#8243; background_hover_color_opacity=&#8220;1&#8243; column_shadow=&#8220;none&#8220; column_border_radius=&#8220;none&#8220; width=&#8220;1\/2&#8243; tablet_text_alignment=&#8220;default&#8220; phone_text_alignment=&#8220;default&#8220; column_border_width=&#8220;none&#8220; column_border_style=&#8220;solid&#8220;][vc_column_text]\n<h3 style=\"text-align: left;\"><span style=\"color: #000080;\"><strong>INTERNATIONAL MUSIC TEACHERS EXCHANGE<br \/>\nHier geht es zur <a href=\"https:\/\/www.imtex.info\/anmeldung\/rs\/deutsch\/\"><span style=\"color: #008000;\">ONLINE-ANMELDUNG<\/span><\/a><br \/>\n<\/strong><\/span><\/h3>\n<div id=\"content\">\n<div id=\"post-1814\" class=\"post\">\n<div class=\"entry\">\n<p><img decoding=\"async\" loading=\"lazy\" class=\"wp-image-7674 alignleft\" src=\"https:\/\/www.germansuzuki.de\/wp-content\/uploads\/2018\/06\/Poster_Spring_2019_K2-724x1024.jpg\" alt=\"\" width=\"474\" height=\"671\" srcset=\"https:\/\/www.germansuzuki.de\/wp-content\/uploads\/2018\/06\/Poster_Spring_2019_K2-724x1024.jpg 724w, https:\/\/www.germansuzuki.de\/wp-content\/uploads\/2018\/06\/Poster_Spring_2019_K2-212x300.jpg 212w, https:\/\/www.germansuzuki.de\/wp-content\/uploads\/2018\/06\/Poster_Spring_2019_K2-768x1086.jpg 768w, https:\/\/www.germansuzuki.de\/wp-content\/uploads\/2018\/06\/Poster_Spring_2019_K2.jpg 1240w\" sizes=\"(max-width: 474px) 100vw, 474px\" \/><\/p>\n<\/div>\n<\/div>\n<\/div>\n[\/vc_column_text][\/vc_column][vc_column column_padding=&#8220;no-extra-padding&#8220; column_padding_position=&#8220;all&#8220; background_color_opacity=&#8220;1&#8243; background_hover_color_opacity=&#8220;1&#8243; column_shadow=&#8220;none&#8220; column_border_radius=&#8220;none&#8220; width=&#8220;1\/2&#8243; tablet_text_alignment=&#8220;default&#8220; phone_text_alignment=&#8220;default&#8220; column_border_width=&#8220;none&#8220; column_border_style=&#8220;solid&#8220;][vc_column_text]\n<h3><strong><span style=\"color: #000080;\">Weiterbildungskurse f\u00fcr Violinlehrer<\/span><br \/>\n<\/strong><\/h3>\n<p style=\"text-align: left;\" align=\"center\"><span style=\"color: #000000;\"><strong>Beginn: Donnerstag, 25. April 2019, 14:30 Uhr <\/strong><\/span><br \/>\n<span style=\"color: #000000;\"><strong> Ende: Sonntag, 28. April 2019, 13:30 Uhr<\/strong><\/span><\/p>\n<p style=\"text-align: justify;\"><span style=\"color: #000000;\">Diese Kurse richten sich an Suzuki-Violinlehrer, die ein besonderes Repertoire erarbeiten oder bestimmte Inhalte wiederholen und vertiefen wollen. Die Inhalte basieren auf den Konzepten und Unterrichtsmaterialien von Shinichi Suzuki, Mimi Zweig, Paul Rolland und Kerstin Wartberg.<\/span><\/p>\n<p style=\"text-align: justify;\"><span style=\"color: #000000;\">Auch wenn Sie bereits die betreffenden Lehrerkurse besucht haben, so wird Ihnen die Wiederholung mit einem anderen Teacher Trainer sicher neue Anregungen geben k\u00f6nnen, denn jeder Teacher Trainer setzt seine pers\u00f6nlichen Schwerpunkte und wird diese auf seine eigene Art und Weise pr\u00e4sentieren. Deshalb bieten solche Wiederholungskurse gute M\u00f6glichkeiten, das eigene Spektrum zu erweitern und andere Sichtweisen kennenzulernen.<\/span><\/p>\n[\/vc_column_text]<div class=\"divider-wrap\"><div style=\"height: 25px;\" class=\"divider\"><\/div><\/div>[vc_column_text]\n<div id=\"gt-res-content\">\n<div dir=\"ltr\">\n<h3><span style=\"color: #000000;\"><strong><span style=\"color: #000080;\">Wir bieten f\u00fcnf Lehrerkurse an, wobei Musik aus dem Suzuki-Repertoire im Mittelpunkt steht.<br \/>\n<\/span><\/strong><\/span><\/h3>\n<\/div>\n<\/div>\n<p><span style=\"color: #000000;\"><span style=\"color: #000080;\"><strong>Kurs A:<\/strong> <strong>Heft 1<\/strong><\/span> mit dem Schwerpunkt auf den St\u00fccken Nr. 10 bis 17<\/span><\/p>\n<p><span style=\"color: #000000;\"><span style=\"color: #000080;\"><strong>Kurs B:<\/strong><strong> Heft 3<\/strong><\/span> mit dem Schwerpunkt auf den St\u00fccken Nr. 1 bis 5<\/span><\/p>\n<p><span style=\"color: #000000;\"><span style=\"color: #000080;\"><strong>Kurs C: Heft 5<\/strong><\/span> mit dem Schwerpunkt auf den St\u00fccken Nr. 1, 2, 3A und 3B (Vivaldi 1. und 2. Satz), 4<\/span><\/p>\n<p><span style=\"color: #000000;\"><strong><span style=\"color: #000080;\">Kurs D: Heft 7<\/span> <\/strong>mit dem Schwerpunkt auf den St\u00fccken Nr. 1 und 2 sowie auf dem Konzert in a-Moll von J.S. Bach<\/span><\/p>\n<p><strong><span style=\"color: #000080;\">Kurs E: Zusatzliteratur und Technik<\/span><br \/>\n<\/strong><span class=\"tlid-translation translation\"><span class=\"\" title=\"\">Die Teilnehmer haben die M\u00f6glichkeit, ihr individuelles Programm zusammen zu stellen (z.B. ein Mozart-Violinkonzert mit entsprechenden technischen \u00dcbungen).<\/span><\/span><\/p>\n<div id=\"content\">\n<div id=\"post-1814\" class=\"post\">\n<div class=\"entry\">\n<p><span style=\"color: #000000;\">Da diese Kurse gleichzeitig stattfinden, k\u00f6nnen Sie sich nur f\u00fcr EINEN Kurs anmelden.<\/span><\/p>\n<\/div>\n<\/div>\n<\/div>\n[\/vc_column_text][\/vc_column][\/vc_row][vc_row type=&#8220;in_container&#8220; full_screen_row_position=&#8220;middle&#8220; bg_color=&#8220;#b0e2ff&#8220; scene_position=&#8220;center&#8220; text_color=&#8220;dark&#8220; text_align=&#8220;left&#8220; top_padding=&#8220;40&#8243; bottom_padding=&#8220;20&#8243; id=&#8220;quote&#8220; overlay_strength=&#8220;0.3&#8243; shape_divider_position=&#8220;bottom&#8220; shape_type=&#8220;&#8220;][vc_column column_padding=&#8220;no-extra-padding&#8220; column_padding_position=&#8220;all&#8220; background_color_opacity=&#8220;1&#8243; background_hover_color_opacity=&#8220;1&#8243; column_shadow=&#8220;none&#8220; column_border_radius=&#8220;none&#8220; width=&#8220;4\/6&#8243; tablet_text_alignment=&#8220;default&#8220; phone_text_alignment=&#8220;default&#8220; column_border_width=&#8220;none&#8220; column_border_style=&#8220;solid&#8220;][vc_column_text]<span style=\"color: #000000;\">Au\u00dferdem haben wir f\u00fcr alle Teilnehmer ein buntes Vortragsprogramm zusammengestellt, das Themen rund um das Unterrichten beleuchtet.<\/span><\/p>\n<p><span style=\"color: #000000;\">Als externen Gast konnten wir <strong>Frau Prof. <span style=\"color: #000080;\"><a style=\"color: #000080;\" href=\"https:\/\/www.hmt-rostock.de\/hochschule\/lehrende\/institut-fuer-musik\/streichinstrumente\/prof-christiane-hutcap-violine\/\" target=\"_blank\" rel=\"noopener\" data-saferedirecturl=\"https:\/\/www.google.com\/url?hl=de&amp;q=https:\/\/www.hmt-rostock.de\/hochschule\/lehrende\/institut-fuer-musik\/streichinstrumente\/prof-christiane-hutcap-violine\/&amp;source=gmail&amp;ust=1528180919396000&amp;usg=AFQjCNFNy0O5XghJbo7ErGevz5-ZEIAzxg\">Christiane <span class=\"il\">Hutcap<\/span><\/a> <\/span>von der Hochschule f\u00fcr Musik und Theater Rostock <\/strong>gewinnen, die sich neben ihrer Professorent\u00e4tigkeit mit gro\u00dfem pers\u00f6nlichen Engagement f\u00fcr die F\u00f6rderung von hochbegabten Geigensch\u00fclern einsetzt.<\/span><\/p>\n<p><span style=\"color: #000000;\">U.a. unterrichtet und betreut sie junge Geiger an der &#8222;Young Academy Rostock&#8220;, einer Einrichtung unter der Schirmherrschaft von Daniel Barenboim. <\/span><span style=\"color: #000000;\">Frau Hutcap wird uns ihre instrumentaltechnischen Schwerpunkte f\u00fcr den Unterricht mit sehr jungen Kindern der unteren Mittelstufe theoretisch und praktisch vorstellen.<br \/>\n<\/span>[\/vc_column_text][\/vc_column][vc_column column_padding=&#8220;no-extra-padding&#8220; column_padding_position=&#8220;all&#8220; background_color_opacity=&#8220;1&#8243; background_hover_color_opacity=&#8220;1&#8243; column_shadow=&#8220;none&#8220; column_border_radius=&#8220;none&#8220; width=&#8220;1\/6&#8243; tablet_text_alignment=&#8220;default&#8220; phone_text_alignment=&#8220;default&#8220; column_border_width=&#8220;none&#8220; column_border_style=&#8220;solid&#8220;][\/vc_column][vc_column column_padding=&#8220;no-extra-padding&#8220; column_padding_position=&#8220;all&#8220; background_color_opacity=&#8220;1&#8243; background_hover_color_opacity=&#8220;1&#8243; column_shadow=&#8220;none&#8220; column_border_radius=&#8220;none&#8220; width=&#8220;1\/6&#8243; tablet_text_alignment=&#8220;default&#8220; phone_text_alignment=&#8220;default&#8220; column_border_width=&#8220;none&#8220; column_border_style=&#8220;solid&#8220;][vc_column_text]\n<div id=\"attachment_7712\" style=\"width: 239px\" class=\"wp-caption alignnone\"><a href=\"https:\/\/www.germansuzuki.de\/wp-content\/uploads\/2018\/06\/Hutcap_bearb.jpg\"><img aria-describedby=\"caption-attachment-7712\" decoding=\"async\" loading=\"lazy\" class=\"size-medium wp-image-7712\" src=\"https:\/\/www.germansuzuki.de\/wp-content\/uploads\/2018\/06\/Hutcap_bearb-229x300.jpg\" alt=\"\" width=\"229\" height=\"300\" srcset=\"https:\/\/www.germansuzuki.de\/wp-content\/uploads\/2018\/06\/Hutcap_bearb-229x300.jpg 229w, https:\/\/www.germansuzuki.de\/wp-content\/uploads\/2018\/06\/Hutcap_bearb.jpg 324w\" sizes=\"(max-width: 229px) 100vw, 229px\" \/><\/a><p id=\"caption-attachment-7712\" class=\"wp-caption-text\">Prof. Christiane Hutcap<\/p><\/div>\n[\/vc_column_text][\/vc_column][\/vc_row][vc_row type=&#8220;in_container&#8220; full_screen_row_position=&#8220;middle&#8220; scene_position=&#8220;center&#8220; text_color=&#8220;dark&#8220; text_align=&#8220;left&#8220; overlay_strength=&#8220;0.3&#8243; shape_divider_position=&#8220;bottom&#8220;][vc_column column_padding=&#8220;no-extra-padding&#8220; column_padding_position=&#8220;all&#8220; background_color_opacity=&#8220;1&#8243; background_hover_color_opacity=&#8220;1&#8243; column_shadow=&#8220;none&#8220; column_border_radius=&#8220;none&#8220; width=&#8220;1\/1&#8243; tablet_text_alignment=&#8220;default&#8220; phone_text_alignment=&#8220;default&#8220; column_border_width=&#8220;none&#8220; column_border_style=&#8220;solid&#8220;][vc_column_text]\n<h3 style=\"text-align: left;\"><strong>Unterkunft und Verpflegung<br \/>\nin der Akademie Remscheid<\/strong><\/h3>\n<p><span style=\"color: #000080;\"><strong>Do. &#8211; So.: 25.04. &#8211; 28.04.2019<\/strong><\/span><br \/>\nDOPPELZIMMER inkl. Verpflegung (pro Person): 189,00 \u20ac<br \/>\nEINZELZIMMER inkl. Verpflegung: 215,00 \u20ac<\/p>\n<p><span style=\"color: #0000ff;\"><strong><span style=\"color: #000080;\">Mittwochabend &#8211; So.: 24.04. &#8211; 28.04.2019<\/span> <\/strong><\/span><br \/>\nDOPPELZIMMER inkl. Verpflegung (pro Person): 229,00 \u20ac<br \/>\nEINZELZIMMER inkl. Verpflegung: 260,00 \u20ac<\/p>\n<h3><strong>Mahlzeiten f\u00fcr Kursteilnehmer,<br \/>\n<strong>die NICHT in der Akademie \u00fcbernachten<\/strong><\/strong><\/h3>\n<p>Mahlzeiten Do. \u2013 So. = 66,00 \u20ac<\/p>\n<h3><strong>Kursgeb\u00fchr<\/strong><\/h3>\n<p><strong>Der Preis inkl. Fr\u00fchbucher-Rabatt betr\u00e4gt 220,00 \u20ac.<br \/>\n<\/strong>(Ab dem 15. Januar 2019 betr\u00e4gt die Kursgeb\u00fchr 250,00 \u20ac)<\/p>\n<h3><strong>Hier geht es zur <span style=\"color: #008000;\"><a style=\"color: #008000;\" href=\"https:\/\/www.imtex.info\/anmeldung\/rs\/deutsch\/\">ONLINE-ANMELDUNG<\/a><\/span><\/strong><\/h3>\n<p><strong><a href=\"http:\/\/www.germansuzuki.com\/wp-content\/uploads\/2016\/11\/Akademie_Klein.jpg\"><img decoding=\"async\" loading=\"lazy\" class=\"alignleft wp-image-6601\" src=\"http:\/\/www.germansuzuki.com\/wp-content\/uploads\/2016\/11\/Akademie_Klein-300x225.jpg\" alt=\"akademie_klein\" width=\"204\" height=\"153\" \/><\/a><br \/>\n<\/strong><strong>Tagungsort:<br \/>\nAkademie der kulturellen Bildung<br \/>\nK\u00fcppelstein 34<br \/>\nD-42857 Remscheid<br \/>\nDeutschland<br \/>\n<\/strong><\/p>\n<p><span style=\"color: #ffffff;\">1<\/span><br \/>\n<span style=\"color: #ffffff;\">1<\/span><\/p>\n<p><strong>Unterrichtssprachen<\/strong><strong>:<br \/>\nDeutsch, Ungarisch, Spanisch und Englisch<br \/>\n<\/strong><\/p>\n<h4><em>Wir w\u00fcrden uns freuen,<br \/>\nSie bei den Fr\u00fchlingslehrerkursen 2018 begr\u00fc\u00dfen zu k\u00f6nnen!<\/em><\/h4>\n<p><strong>Noch Fragen? Bitte schreiben Sie uns eine Email an<br \/>\n<span style=\"color: #000000;\"><a href=\"mailto:info@germansuzuki.com\"><span style=\"color: #000080;\">info@germansuzuki.com<\/span><\/a><\/span><\/strong><\/p>\n<p>&nbsp;<\/p>\n<p>&nbsp;<\/p>\n<h2><a href=\"http:\/\/en.germansuzuki.com\/wp-content\/uploads\/2014\/10\/index.jpg\"><img decoding=\"async\" loading=\"lazy\" class=\"wp-image-1485 alignleft\" src=\"http:\/\/en.germansuzuki.com\/wp-content\/uploads\/2014\/10\/index.jpg\" alt=\"index\" width=\"91\" height=\"91\" \/><\/a><a href=\"https:\/\/www.facebook.com\/groups\/362815390754879\/\"><span style=\"color: #000080;\">International Music Teachers Exchange<\/span><\/a><\/h2>\n[\/vc_column_text][\/vc_column][\/vc_row]\n","protected":false},"excerpt":{"rendered":"<p>[vc_row type=&#8220;in_container&#8220; full_screen_row_position=&#8220;middle&#8220; scene_position=&#8220;center&#8220; text_color=&#8220;dark&#8220; text_align=&#8220;left&#8220; overlay_strength=&#8220;0.3&#8243; shape_divider_position=&#8220;bottom&#8220;][vc_column column_padding=&#8220;no-extra-padding&#8220; column_padding_position=&#8220;all&#8220; background_color_opacity=&#8220;1&#8243; background_hover_color_opacity=&#8220;1&#8243; column_shadow=&#8220;none&#8220; column_border_radius=&#8220;none&#8220; width=&#8220;1\/2&#8243; tablet_text_alignment=&#8220;default&#8220; phone_text_alignment=&#8220;default&#8220; column_border_width=&#8220;none&#8220; column_border_style=&#8220;solid&#8220;][vc_column_text] INTERNATIONAL MUSIC TEACHERS EXCHANGE Hier geht es zur ONLINE-ANMELDUNG [\/vc_column_text][\/vc_column][vc_column column_padding=&#8220;no-extra-padding&#8220;&#8230;<\/p>\n","protected":false},"author":2,"featured_media":7674,"comment_status":"open","ping_status":"open","sticky":false,"template":"","format":"standard","meta":[],"categories":[9],"tags":[],"_links":{"self":[{"href":"https:\/\/www.germansuzuki.de\/index.php?rest_route=\/wp\/v2\/posts\/8106"}],"collection":[{"href":"https:\/\/www.germansuzuki.de\/index.php?rest_route=\/wp\/v2\/posts"}],"about":[{"href":"https:\/\/www.germansuzuki.de\/index.php?rest_route=\/wp\/v2\/types\/post"}],"author":[{"embeddable":true,"href":"https:\/\/www.germansuzuki.de\/index.php?rest_route=\/wp\/v2\/users\/2"}],"replies":[{"embeddable":true,"href":"https:\/\/www.germansuzuki.de\/index.php?rest_route=%2Fwp%2Fv2%2Fcomments&post=8106"}],"version-history":[{"count":8,"href":"https:\/\/www.germansuzuki.de\/index.php?rest_route=\/wp\/v2\/posts\/8106\/revisions"}],"predecessor-version":[{"id":8469,"href":"https:\/\/www.germansuzuki.de\/index.php?rest_route=\/wp\/v2\/posts\/8106\/revisions\/8469"}],"wp:featuredmedia":[{"embeddable":true,"href":"https:\/\/www.germansuzuki.de\/index.php?rest_route=\/wp\/v2\/media\/7674"}],"wp:attachment":[{"href":"https:\/\/www.germansuzuki.de\/index.php?rest_route=%2Fwp%2Fv2%2Fmedia&parent=8106"}],"wp:term":[{"taxonomy":"category","embeddable":true,"href":"https:\/\/www.germansuzuki.de\/index.php?rest_route=%2Fwp%2Fv2%2Fcategories&post=8106"},{"taxonomy":"post_tag","embeddable":true,"href":"https:\/\/www.germansuzuki.de\/index.php?rest_route=%2Fwp%2Fv2%2Ftags&post=8106"}],"curies":[{"name":"wp","href":"https:\/\/api.w.org\/{rel}","templated":true}]}}