{"id":8066,"date":"2018-06-05T15:17:26","date_gmt":"2018-06-05T13:17:26","guid":{"rendered":"https:\/\/www.germansuzuki.de\/?p=8066"},"modified":"2018-06-06T17:35:53","modified_gmt":"2018-06-06T15:35:53","slug":"3-videos-von-der-imtex-konferenz-oktober-2017","status":"publish","type":"post","link":"https:\/\/www.germansuzuki.de\/?p=8066","title":{"rendered":"3 Videos von der IMTEX Konferenz, Oktober 2017"},"content":{"rendered":"[vc_row type=&#8220;in_container&#8220; full_screen_row_position=&#8220;middle&#8220; scene_position=&#8220;center&#8220; text_color=&#8220;dark&#8220; text_align=&#8220;left&#8220; overlay_strength=&#8220;0.3&#8243; shape_divider_position=&#8220;bottom&#8220;][vc_column column_padding=&#8220;no-extra-padding&#8220; column_padding_position=&#8220;all&#8220; background_color_opacity=&#8220;1&#8243; background_hover_color_opacity=&#8220;1&#8243; column_shadow=&#8220;none&#8220; column_border_radius=&#8220;none&#8220; width=&#8220;1\/1&#8243; tablet_text_alignment=&#8220;default&#8220; phone_text_alignment=&#8220;default&#8220; column_border_width=&#8220;none&#8220; column_border_style=&#8220;solid&#8220;][vc_column_text]\n<h2><span style=\"color: #993300;\">Liebe Kollegen und Freunde!<\/span><\/h2>\n<h4><span style=\"color: #000000;\">Heute m\u00f6chten wir Ihnen einige<span id=\"result_box\" class=\"\" lang=\"de\"><span class=\"\"> Videos vorstellen, die w\u00e4hrend der letzen IMTEX Konferenz, der <\/span><span class=\"\">9th International Music Techers EXchange Conference, in der Akademie Remscheid aufgenommen wurden.<br \/>\nDie Konferenz fand vom 27. &#8211; 30. Oktober 2017 statt und <\/span><\/span><\/span><span class=\"\">brachte mehr als 130 europ\u00e4ische, nord- und s\u00fcdamerikanische, asiatische und afrikanische Suzuki-Lehrer aus 23 L\u00e4ndern zusammen, um\u00a0 voneinander zu lernen und sich auszutauschen.<\/span><\/h4>\n<p style=\"text-align: left;\"><span style=\"color: #ffffff;\">1<\/span><\/p>\n[\/vc_column_text][vc_video link=&#8220;https:\/\/www.youtube.com\/watch?v=ONVYfaP5Jes&#8220; el_width=&#8220;70&#8243;]<div class=\"divider-wrap\"><div style=\"height: 25px;\" class=\"divider\"><\/div><\/div>[\/vc_column][\/vc_row][vc_row type=&#8220;in_container&#8220; full_screen_row_position=&#8220;middle&#8220; scene_position=&#8220;center&#8220; text_color=&#8220;dark&#8220; text_align=&#8220;left&#8220; overlay_strength=&#8220;0.3&#8243; shape_divider_position=&#8220;bottom&#8220;][vc_column column_padding=&#8220;no-extra-padding&#8220; column_padding_position=&#8220;all&#8220; background_color_opacity=&#8220;1&#8243; background_hover_color_opacity=&#8220;1&#8243; column_shadow=&#8220;none&#8220; column_border_radius=&#8220;none&#8220; width=&#8220;3\/4&#8243; tablet_text_alignment=&#8220;default&#8220; phone_text_alignment=&#8220;default&#8220; column_border_width=&#8220;none&#8220; column_border_style=&#8220;solid&#8220;][vc_column_text]\n<h4><strong><span class=\"\" lang=\"de\" tabindex=\"-1\"><span class=\"\">In diesen Videos sehen und h\u00f6ren Sie einige \u00dcbungen aus dem <\/span><\/span><span id=\"result_box\" class=\"\" lang=\"de\" tabindex=\"-1\"><span class=\"\">Kursmaterial<\/span><\/span><\/strong><strong><span id=\"result_box\" class=\"\" lang=\"de\" tabindex=\"-1\"><span class=\"\">, das alle Teilnehmer erhalten haben.<\/span><\/span><\/strong><\/h4>\n<h4><span style=\"color: #000080;\">Mein erstes Technikbuch (<\/span><strong><span id=\"result_box\" class=\"\" lang=\"de\" tabindex=\"-1\"><span class=\"\">Ausz\u00fcge)<br \/>\n<\/span><\/span><\/strong><span style=\"color: #000080;\">von Kerstin Wartberg<\/span><br \/>\n<strong><span id=\"result_box\" class=\"\" lang=\"de\" tabindex=\"-1\"><\/span><span id=\"result_box\" class=\"\" lang=\"de\" tabindex=\"-1\"><em><span class=\"\" style=\"color: #000080;\">Basis\u00fcbungen f\u00fcr Violine mit Klavierarrangements von David Andruss<\/span><\/em><br \/>\n<\/span><\/strong><\/h4>\n<h4><strong>Es ist geplant, das komplette Notenmaterial im November 2018 zur 11. EXchange Conference zu ver\u00f6ffentlichn:<br \/>\nZwei B\u00e4nde<\/strong><strong>, die <\/strong><strong>Suzuki-Sch\u00fcler der Hefte 1-3 mit technischen \u00dcbungen und Spielst\u00fccken unterst\u00fctzen sollen.<br \/>\n<\/strong><\/h4>\n<h4>Wie immer steht das vergn\u00fcgliche Lernen und das Zusammenspiel mit Klavier im Vordergrund.<\/h4>\n<h3><strong>\u00a0<\/strong><\/h3>\n<p><strong><span style=\"color: #ffffff;\">1<\/span><\/strong>[\/vc_column_text]<div class=\"divider-wrap\"><div style=\"height: 25px;\" class=\"divider\"><\/div><\/div>[vc_video link=&#8220;https:\/\/www.youtube.com\/watch?v=pnWXgbJfsYs&#8220;][\/vc_column][vc_column column_padding=&#8220;no-extra-padding&#8220; column_padding_position=&#8220;all&#8220; background_color_opacity=&#8220;1&#8243; background_hover_color_opacity=&#8220;1&#8243; column_shadow=&#8220;none&#8220; column_border_radius=&#8220;none&#8220; width=&#8220;1\/4&#8243; tablet_text_alignment=&#8220;default&#8220; phone_text_alignment=&#8220;default&#8220; column_border_width=&#8220;none&#8220; column_border_style=&#8220;solid&#8220;]<div class=\"divider-wrap\"><div style=\"height: 25px;\" class=\"divider\"><\/div><\/div>[vc_column_text]<img decoding=\"async\" loading=\"lazy\" class=\"size-large wp-image-8073 alignright\" src=\"https:\/\/www.germansuzuki.de\/wp-content\/uploads\/2018\/06\/Titel_Kursmaterial_neu-724x1024.jpg\" alt=\"\" width=\"724\" height=\"1024\" srcset=\"https:\/\/www.germansuzuki.de\/wp-content\/uploads\/2018\/06\/Titel_Kursmaterial_neu-724x1024.jpg 724w, https:\/\/www.germansuzuki.de\/wp-content\/uploads\/2018\/06\/Titel_Kursmaterial_neu-212x300.jpg 212w, https:\/\/www.germansuzuki.de\/wp-content\/uploads\/2018\/06\/Titel_Kursmaterial_neu-768x1086.jpg 768w, https:\/\/www.germansuzuki.de\/wp-content\/uploads\/2018\/06\/Titel_Kursmaterial_neu.jpg 1240w\" sizes=\"(max-width: 724px) 100vw, 724px\" \/>[\/vc_column_text][\/vc_column][\/vc_row][vc_row type=&#8220;in_container&#8220; full_screen_row_position=&#8220;middle&#8220; scene_position=&#8220;center&#8220; text_color=&#8220;dark&#8220; text_align=&#8220;left&#8220; overlay_strength=&#8220;0.3&#8243; shape_divider_position=&#8220;bottom&#8220;][vc_column column_padding=&#8220;no-extra-padding&#8220; column_padding_position=&#8220;all&#8220; background_color_opacity=&#8220;1&#8243; background_hover_color_opacity=&#8220;1&#8243; column_shadow=&#8220;none&#8220; column_border_radius=&#8220;none&#8220; width=&#8220;3\/4&#8243; tablet_text_alignment=&#8220;default&#8220; phone_text_alignment=&#8220;default&#8220; column_border_width=&#8220;none&#8220; column_border_style=&#8220;solid&#8220;][vc_video link=&#8220;https:\/\/www.youtube.com\/watch?v=YPhGGCpkmQU&amp;t=2s&#8220;][\/vc_column][\/vc_row][vc_row type=&#8220;in_container&#8220; full_screen_row_position=&#8220;middle&#8220; scene_position=&#8220;center&#8220; text_color=&#8220;dark&#8220; text_align=&#8220;left&#8220; overlay_strength=&#8220;0.3&#8243; shape_divider_position=&#8220;bottom&#8220;][vc_column column_padding=&#8220;no-extra-padding&#8220; column_padding_position=&#8220;all&#8220; background_color_opacity=&#8220;1&#8243; background_hover_color_opacity=&#8220;1&#8243; column_shadow=&#8220;none&#8220; column_border_radius=&#8220;none&#8220; width=&#8220;1\/1&#8243; tablet_text_alignment=&#8220;default&#8220; phone_text_alignment=&#8220;default&#8220; column_border_width=&#8220;none&#8220; column_border_style=&#8220;solid&#8220;][vc_column_text]\n<h4><span style=\"color: #000000;\"><strong><span id=\"result_box\" class=\"\" lang=\"de\" tabindex=\"-1\"><span class=\"\">In diesen Videos sind viele Unterrichtspunkte von <\/span><\/span><a style=\"color: #000000;\" href=\"https:\/\/www.connollymusic.com\/stringovation\/mimi-zweig-profile\"><span style=\"color: #000080;\">Mimi Zweig<\/span><\/a> und Shinichi Suzuki enthalten:<\/strong><\/span><\/h4>\n<ul>\n<li>\n<h4><span style=\"color: #000000;\"><strong>Lagenwechsel\u00fcbungen von der ersten Lage bis zum &#8222;Zauberpunkt&#8220;<\/strong><\/span><\/h4>\n<\/li>\n<li>\n<h4><span style=\"color: #000000;\"><strong>Pizzicato mit der linken Hand<br \/>\n<\/strong><\/span><\/h4>\n<\/li>\n<li>\n<h4><span style=\"color: #000000;\"><strong>Flageoletts oder wie wir es f\u00fcr die Kinder bezeichnen: &#8222;Fl\u00f6tent\u00f6ne&#8220;<\/strong><\/span><\/h4>\n<\/li>\n<\/ul>\n<h4><span style=\"color: #000000;\"><strong><span id=\"result_box\" class=\"\" lang=\"de\" tabindex=\"-1\"><span class=\"\">Diese klaren, fl\u00f6tenartigen, reinen T\u00f6ne k\u00f6nnen eine wunderbare Hilfe bei der Suche nach einem vollkommen reinen Klang sein.<\/span><br \/>\nIvan Galamian glaubte: &#8222;Flageoletts k\u00f6nnen ebenso ein Problem f\u00fcr die rechte wie auch f\u00fcr die linke Hand sein&#8220;.<\/span><\/strong><\/span><\/h4>\n<h4><span class=\"\">Anf\u00e4ngersch\u00fcler k\u00f6nnen dadurch lernen, mehr Bogen zu verwenden, wenn sie nat\u00fcrliche Obert\u00f6ne spielen und den Kontaktpunkt n\u00e4her an den Steg zu verlagern.<\/span><\/h4>\n<h4><strong><span style=\"color: #000000;\"><span id=\"result_box\" class=\"\" lang=\"de\" tabindex=\"-1\"><span class=\"\">Noten und Audiodateien finden Sie in unserem neuen<\/span><\/span> <a href=\"https:\/\/www.imtex.info\/index.php?id=24\"><span style=\"color: #000080;\">Online Mediathek<\/span><\/a>:<\/span><\/strong><\/h4>\n<h4><span style=\"color: #000080;\"><strong><a style=\"color: #000080;\" href=\"https:\/\/www.imtex.info\/istex\/downloadshop2\/artikelread.php?id=202\">Evening Song &#8211; Abendlied<br \/>\n<\/a><\/strong><strong><a style=\"color: #000080;\" href=\"https:\/\/www.imtex.info\/istex\/downloadshop2\/artikelread.php?id=195\">Greetings from Mozart &#8211; Mozart l\u00e4\u00dft gr\u00fc\u00dfen<br \/>\n<\/a><\/strong><\/span><strong><a href=\"https:\/\/www.imtex.info\/istex\/downloadshop2\/artikelread.php?id=218\"><span style=\"color: #000080;\">Two Young Canaries &#8211; Zwei kleine Kanarienv\u00f6gel<\/span><\/a><\/strong><\/h4>\n[\/vc_column_text][\/vc_column][\/vc_row][vc_row type=&#8220;in_container&#8220; full_screen_row_position=&#8220;middle&#8220; scene_position=&#8220;center&#8220; text_color=&#8220;dark&#8220; text_align=&#8220;left&#8220; overlay_strength=&#8220;0.3&#8243; shape_divider_position=&#8220;bottom&#8220;][vc_column column_padding=&#8220;no-extra-padding&#8220; column_padding_position=&#8220;all&#8220; background_color=&#8220;#eaeaea&#8220; background_color_opacity=&#8220;1&#8243; background_hover_color_opacity=&#8220;1&#8243; column_shadow=&#8220;none&#8220; column_border_radius=&#8220;none&#8220; width=&#8220;2\/3&#8243; tablet_text_alignment=&#8220;default&#8220; phone_text_alignment=&#8220;default&#8220; column_border_width=&#8220;none&#8220; column_border_style=&#8220;solid&#8220;][vc_column_text]\n<h3>Die kommenden Konferenztermine sind bereits fest geplant!<\/h3>\n<h4><\/h4>\n<h4><strong><span style=\"color: #000000;\"><img decoding=\"async\" loading=\"lazy\" class=\"wp-image-3222 size-full alignnone\" src=\"https:\/\/en.germansuzuki.com\/wp-content\/uploads\/2018\/03\/Mimi_2018-e1520530420746.jpg\" alt=\"\" width=\"600\" height=\"424\" \/><br \/>\n<\/span><\/strong><\/h4>\n<h4><span id=\"result_box\" class=\"\" lang=\"de\" tabindex=\"-1\">Wir freuen uns, Mimi Zweig wieder als Gastdozentin begr\u00fc\u00dfen zu d\u00fcrfen.<br \/>\n<span class=\"\">Weitere Informationen und die Online-Registrierung folgen im Juni 2018.<\/span><\/span><\/h4>\n[\/vc_column_text][\/vc_column][vc_column column_padding=&#8220;no-extra-padding&#8220; column_padding_position=&#8220;all&#8220; background_color=&#8220;#eaeaea&#8220; background_color_opacity=&#8220;1&#8243; background_hover_color_opacity=&#8220;1&#8243; column_shadow=&#8220;none&#8220; column_border_radius=&#8220;none&#8220; width=&#8220;1\/3&#8243; tablet_text_alignment=&#8220;default&#8220; phone_text_alignment=&#8220;default&#8220; column_border_width=&#8220;none&#8220; column_border_style=&#8220;solid&#8220;]<div class=\"divider-wrap\"><div style=\"margin-top: 12px; height: 4px; margin-bottom: 12px;\" data-width=\"100%\" data-animate=\"yes\" data-animation-delay=\"\" data-color=\"extra-color-3\" class=\"divider-border\"><\/div><\/div>[vc_column_text]\n<h4 style=\"text-align: center;\"><strong><span id=\"result_box\" class=\"short_text\" lang=\"de\" tabindex=\"-1\"><span class=\"\">Weitere Informationen zu Mimi Zweig:<\/span><\/span> <a href=\"http:\/\/www.stringpedagogy.com\/\"><span style=\"color: #000080;\">http:\/\/www.stringpedagogy.com\/<\/span><\/a> <\/strong><\/h4>\n[\/vc_column_text]<div class=\"divider-wrap\"><div style=\"margin-top: 12px; height: 4px; margin-bottom: 12px;\" data-width=\"100%\" data-animate=\"yes\" data-animation-delay=\"\" data-color=\"extra-color-3\" class=\"divider-border\"><\/div><\/div>[vc_column_text]\n<h4 style=\"text-align: center;\"><strong>Weitere Informationen \u00fcber den<br \/>\nInternational Music Teachers\u2019 EXchange<br \/>\n<a href=\"https:\/\/www.imtex.info\/index.php?id=24\"><span style=\"color: #000080;\">https:\/\/www.imtex.info\/index.php?id=24<\/span><\/a><\/strong><\/h4>\n[\/vc_column_text]<div class=\"divider-wrap\"><div style=\"margin-top: 12px; height: 4px; margin-bottom: 12px;\" data-width=\"100%\" data-animate=\"yes\" data-animation-delay=\"\" data-color=\"extra-color-3\" class=\"divider-border\"><\/div><\/div>[vc_column_text]\n<h4 style=\"text-align: center;\"><strong><img decoding=\"async\" loading=\"lazy\" class=\"aligncenter size-large wp-image-8087\" src=\"https:\/\/www.germansuzuki.de\/wp-content\/uploads\/2018\/06\/Mimi_Kurti-1-1024x655.jpg\" alt=\"\" width=\"1024\" height=\"655\" srcset=\"https:\/\/www.germansuzuki.de\/wp-content\/uploads\/2018\/06\/Mimi_Kurti-1-1024x655.jpg 1024w, https:\/\/www.germansuzuki.de\/wp-content\/uploads\/2018\/06\/Mimi_Kurti-1-300x192.jpg 300w, https:\/\/www.germansuzuki.de\/wp-content\/uploads\/2018\/06\/Mimi_Kurti-1-768x491.jpg 768w\" sizes=\"(max-width: 1024px) 100vw, 1024px\" \/><\/strong><\/h4>\n[\/vc_column_text][\/vc_column][\/vc_row][vc_row type=&#8220;in_container&#8220; full_screen_row_position=&#8220;middle&#8220; scene_position=&#8220;center&#8220; text_color=&#8220;dark&#8220; text_align=&#8220;left&#8220; overlay_strength=&#8220;0.3&#8243; shape_divider_position=&#8220;bottom&#8220;][vc_column column_padding=&#8220;no-extra-padding&#8220; column_padding_position=&#8220;all&#8220; background_color_opacity=&#8220;1&#8243; background_hover_color_opacity=&#8220;1&#8243; column_shadow=&#8220;none&#8220; column_border_radius=&#8220;none&#8220; width=&#8220;1\/2&#8243; tablet_text_alignment=&#8220;default&#8220; phone_text_alignment=&#8220;default&#8220; column_border_width=&#8220;none&#8220; column_border_style=&#8220;solid&#8220;][\/vc_column][vc_column column_padding=&#8220;no-extra-padding&#8220; column_padding_position=&#8220;all&#8220; background_color_opacity=&#8220;1&#8243; background_hover_color_opacity=&#8220;1&#8243; column_shadow=&#8220;none&#8220; column_border_radius=&#8220;none&#8220; width=&#8220;1\/2&#8243; tablet_text_alignment=&#8220;default&#8220; phone_text_alignment=&#8220;default&#8220; column_border_width=&#8220;none&#8220; column_border_style=&#8220;solid&#8220;][\/vc_column][\/vc_row]\n","protected":false},"excerpt":{"rendered":"<p>[vc_row type=&#8220;in_container&#8220; full_screen_row_position=&#8220;middle&#8220; scene_position=&#8220;center&#8220; text_color=&#8220;dark&#8220; text_align=&#8220;left&#8220; overlay_strength=&#8220;0.3&#8243; shape_divider_position=&#8220;bottom&#8220;][vc_column column_padding=&#8220;no-extra-padding&#8220; column_padding_position=&#8220;all&#8220; background_color_opacity=&#8220;1&#8243; background_hover_color_opacity=&#8220;1&#8243; column_shadow=&#8220;none&#8220; column_border_radius=&#8220;none&#8220; width=&#8220;1\/1&#8243; tablet_text_alignment=&#8220;default&#8220; phone_text_alignment=&#8220;default&#8220; column_border_width=&#8220;none&#8220; column_border_style=&#8220;solid&#8220;][vc_column_text] Liebe Kollegen und Freunde! Heute m\u00f6chten wir Ihnen einige Videos vorstellen,&#8230;<\/p>\n","protected":false},"author":2,"featured_media":0,"comment_status":"open","ping_status":"open","sticky":false,"template":"","format":"video","meta":[],"categories":[21,3],"tags":[],"_links":{"self":[{"href":"https:\/\/www.germansuzuki.de\/index.php?rest_route=\/wp\/v2\/posts\/8066"}],"collection":[{"href":"https:\/\/www.germansuzuki.de\/index.php?rest_route=\/wp\/v2\/posts"}],"about":[{"href":"https:\/\/www.germansuzuki.de\/index.php?rest_route=\/wp\/v2\/types\/post"}],"author":[{"embeddable":true,"href":"https:\/\/www.germansuzuki.de\/index.php?rest_route=\/wp\/v2\/users\/2"}],"replies":[{"embeddable":true,"href":"https:\/\/www.germansuzuki.de\/index.php?rest_route=%2Fwp%2Fv2%2Fcomments&post=8066"}],"version-history":[{"count":26,"href":"https:\/\/www.germansuzuki.de\/index.php?rest_route=\/wp\/v2\/posts\/8066\/revisions"}],"predecessor-version":[{"id":8098,"href":"https:\/\/www.germansuzuki.de\/index.php?rest_route=\/wp\/v2\/posts\/8066\/revisions\/8098"}],"wp:attachment":[{"href":"https:\/\/www.germansuzuki.de\/index.php?rest_route=%2Fwp%2Fv2%2Fmedia&parent=8066"}],"wp:term":[{"taxonomy":"category","embeddable":true,"href":"https:\/\/www.germansuzuki.de\/index.php?rest_route=%2Fwp%2Fv2%2Fcategories&post=8066"},{"taxonomy":"post_tag","embeddable":true,"href":"https:\/\/www.germansuzuki.de\/index.php?rest_route=%2Fwp%2Fv2%2Ftags&post=8066"}],"curies":[{"name":"wp","href":"https:\/\/api.w.org\/{rel}","templated":true}]}}