{"id":7294,"date":"2018-06-04T12:31:59","date_gmt":"2018-06-04T10:31:59","guid":{"rendered":"https:\/\/www.germansuzuki.de\/?p=7294"},"modified":"2018-06-04T12:31:59","modified_gmt":"2018-06-04T10:31:59","slug":"suzuki-tage-im-park-2","status":"publish","type":"post","link":"https:\/\/www.germansuzuki.de\/?p=7294","title":{"rendered":"Suzuki-Tage im Park"},"content":{"rendered":"<p><span style=\"color: #000000;\">Vom <strong>29. Juni bis 01. Juli 2018<\/strong> finden die &#8222;Suzuki-Tage im Park&#8220; statt. Organisiert wird die Veranstaltung vom Suzuki-Kreis Mittelfranken e.V. und von der Musikschule F\u00fcrth e.V.<\/span><\/p>\n<p><span style=\"color: #000000;\">Folgende Workshops werden angeboten:<\/span><\/p>\n<h3><span style=\"color: #000080;\"><strong>Suzuki-Workshop f\u00fcr Violine<\/strong><\/span><\/h3>\n<p><span style=\"color: #000000;\">Der Unterricht findet in verschieden gro\u00dfen Gruppen statt (ggf. Einzelunterricht). Wir empfehlen Violinsch\u00fclern aus Band 1, mindestens \u201eFuchs, Du hast&#8230;\u201c spielen zu k\u00f6nnen. Am Samstag gibt es nach dem Abendessen einen bunten Abend.<\/span><\/p>\n<h3><span style=\"color: #000080;\"><strong>Orchester-Workshop f\u00fcr diverse Instrumente<\/strong><\/span><\/h3>\n<p><span style=\"color: #000000;\">Im Orchester sind alle anderen Instrumente (ohne Kursgeb\u00fchr: Viola, Cello, Kontrabass, Bl\u00e4ser, Schlagzeuger) willkommen. Wir werden nach Bedarf verschiedene Schwierigkeitsgrade anbieten, um allen Sch\u00fclern das Spiel in einem mehrstimmigen Ensemble zuerm\u00f6glichen. Vorgesehen sind unter anderem Vivaldis \u201eDie vier Jahreszeiten\u201c in einer Bearbeitung von Stefan Taupe.<\/span><br \/>\n<span style=\"color: #000000;\">Dirigent (und dieses Mal auch Leiter des Elternchores) ist Bernhard Bentgens, der auch einige seiner eigenen St\u00fccke erarbeiten wird.<\/span><\/p>\n<p><span style=\"color: #000000;\">Download:<strong><span style=\"color: #000080;\"> <a style=\"color: #000080;\" href=\"https:\/\/www.germansuzuki.de\/wp-content\/uploads\/2018\/05\/Stip-Einladung-2018.pdf\">Flyer\/Einladung<\/a><\/span><\/strong><\/span><\/p>\n<p><span style=\"color: #000000;\">Download: <\/span><strong><a href=\"https:\/\/www.germansuzuki.de\/wp-content\/uploads\/2018\/05\/Anmeldeformular-Doppelseite-SW-600.pdf\"><span style=\"color: #000080;\">Anmeldeformular<\/span><\/a><\/strong><\/p>\n","protected":false},"excerpt":{"rendered":"<p>Vom 29. Juni bis 01. Juli 2018 finden die &#8222;Suzuki-Tage im Park&#8220; statt. Organisiert wird die Veranstaltung vom Suzuki-Kreis Mittelfranken e.V. und von der Musikschule F\u00fcrth e.V. Folgende Workshops werden&#8230;<\/p>\n","protected":false},"author":2,"featured_media":0,"comment_status":"open","ping_status":"open","sticky":false,"template":"","format":"standard","meta":[],"categories":[9],"tags":[],"_links":{"self":[{"href":"https:\/\/www.germansuzuki.de\/index.php?rest_route=\/wp\/v2\/posts\/7294"}],"collection":[{"href":"https:\/\/www.germansuzuki.de\/index.php?rest_route=\/wp\/v2\/posts"}],"about":[{"href":"https:\/\/www.germansuzuki.de\/index.php?rest_route=\/wp\/v2\/types\/post"}],"author":[{"embeddable":true,"href":"https:\/\/www.germansuzuki.de\/index.php?rest_route=\/wp\/v2\/users\/2"}],"replies":[{"embeddable":true,"href":"https:\/\/www.germansuzuki.de\/index.php?rest_route=%2Fwp%2Fv2%2Fcomments&post=7294"}],"version-history":[{"count":2,"href":"https:\/\/www.germansuzuki.de\/index.php?rest_route=\/wp\/v2\/posts\/7294\/revisions"}],"predecessor-version":[{"id":7730,"href":"https:\/\/www.germansuzuki.de\/index.php?rest_route=\/wp\/v2\/posts\/7294\/revisions\/7730"}],"wp:attachment":[{"href":"https:\/\/www.germansuzuki.de\/index.php?rest_route=%2Fwp%2Fv2%2Fmedia&parent=7294"}],"wp:term":[{"taxonomy":"category","embeddable":true,"href":"https:\/\/www.germansuzuki.de\/index.php?rest_route=%2Fwp%2Fv2%2Fcategories&post=7294"},{"taxonomy":"post_tag","embeddable":true,"href":"https:\/\/www.germansuzuki.de\/index.php?rest_route=%2Fwp%2Fv2%2Ftags&post=7294"}],"curies":[{"name":"wp","href":"https:\/\/api.w.org\/{rel}","templated":true}]}}