{"id":7288,"date":"2018-06-04T12:35:13","date_gmt":"2018-06-04T10:35:13","guid":{"rendered":"https:\/\/www.germansuzuki.de\/?p=7288"},"modified":"2018-06-04T15:36:52","modified_gmt":"2018-06-04T13:36:52","slug":"13-suzuki-festival-fuer-junge-streicher","status":"publish","type":"post","link":"https:\/\/www.germansuzuki.de\/?p=7288","title":{"rendered":"13. Suzuki Festival f\u00fcr junge Streicher in \u00d6sterreich"},"content":{"rendered":"<p><span style=\"color: #003366;\"><strong>Vom 29. Juli bis 05. August 2018 findet das 13. Suzuki Festival f\u00fcr junge Streicher statt. Auf dem Programm stehen ausgew\u00e4hlte Werke aus der Suzukischule Heft 1-8 sowie Zusatz- und Orchesterst\u00fccke f\u00fcr alle Levels.<\/strong><\/span><\/p>\n<p><span style=\"color: #000000;\">Dar\u00fcber hinaus gibt es folgende Angebote:<\/span><\/p>\n<ul>\n<li><span style=\"color: #000000;\">Schnuppergruppe f\u00fcr Kinder, die ganz am Anfang stehen oder noch keinen Unterricht haben<\/span><\/li>\n<li><span style=\"color: #000000;\">Einzelunterricht<\/span><\/li>\n<li><span style=\"color: #000000;\">Intensivkurs f\u00fcr weit fortgeschrittene Sch\u00fcler ab ca. 10 Jahren<\/span><\/li>\n<\/ul>\n<p><span style=\"color: #000000;\">Das detaillierte Programm finden Sie auf der Website der Johannes Brahms Musikschule M\u00fcrzzuschlag: <span style=\"color: #003366;\"><a style=\"color: #003366;\" href=\"http:\/\/www.brahmsmusicschool.at\"><span style=\"color: #000080;\"><strong>www.brahmsmusicschool.at<\/strong><\/span><\/a><\/span><\/span><\/p>\n<p><span style=\"color: #000000;\">Klicken Sie <strong><a style=\"color: #000000;\" href=\"https:\/\/www.germansuzuki.de\/wp-content\/uploads\/2018\/05\/Suzuki-Festival-2018.pdf\"><span style=\"color: #003366;\">HIER<\/span><\/a><\/strong> zum Download eines ausf\u00fchrlichen Informationsblatts!<\/span><\/p>\n<p>&nbsp;<\/p>\n<h2><strong>Infos &amp; Anmeldung<\/strong><\/h2>\n<p><strong>Veranstalter: Johannes Brahms Musikschule M\u00fcrzzuschlag<br \/>\n<\/strong><\/p>\n<p>Wienerstra\u00dfe 80 * 8680 M\u00dcRZZUSCHLAG<br \/>\nTel. + 43 3852 4614 * Fax + 43 3852 <span style=\"color: #000080;\">4614-50<\/span><br \/>\n<span style=\"color: #000080;\"><a style=\"color: #000080;\" href=\"mailto:musikschule@mzz.at\"><strong>musikschule@mzz.at<\/strong><\/a><\/span><\/p>\n<p><span style=\"color: #000000;\">\u00a0<\/span><\/p>\n<p>&nbsp;<\/p>\n","protected":false},"excerpt":{"rendered":"<p>Vom 29. Juli bis 05. August 2018 findet das 13. Suzuki Festival f\u00fcr junge Streicher statt. Auf dem Programm stehen ausgew\u00e4hlte Werke aus der Suzukischule Heft 1-8 sowie Zusatz- und&#8230;<\/p>\n","protected":false},"author":2,"featured_media":0,"comment_status":"open","ping_status":"open","sticky":false,"template":"","format":"standard","meta":[],"categories":[9],"tags":[],"_links":{"self":[{"href":"https:\/\/www.germansuzuki.de\/index.php?rest_route=\/wp\/v2\/posts\/7288"}],"collection":[{"href":"https:\/\/www.germansuzuki.de\/index.php?rest_route=\/wp\/v2\/posts"}],"about":[{"href":"https:\/\/www.germansuzuki.de\/index.php?rest_route=\/wp\/v2\/types\/post"}],"author":[{"embeddable":true,"href":"https:\/\/www.germansuzuki.de\/index.php?rest_route=\/wp\/v2\/users\/2"}],"replies":[{"embeddable":true,"href":"https:\/\/www.germansuzuki.de\/index.php?rest_route=%2Fwp%2Fv2%2Fcomments&post=7288"}],"version-history":[{"count":9,"href":"https:\/\/www.germansuzuki.de\/index.php?rest_route=\/wp\/v2\/posts\/7288\/revisions"}],"predecessor-version":[{"id":7751,"href":"https:\/\/www.germansuzuki.de\/index.php?rest_route=\/wp\/v2\/posts\/7288\/revisions\/7751"}],"wp:attachment":[{"href":"https:\/\/www.germansuzuki.de\/index.php?rest_route=%2Fwp%2Fv2%2Fmedia&parent=7288"}],"wp:term":[{"taxonomy":"category","embeddable":true,"href":"https:\/\/www.germansuzuki.de\/index.php?rest_route=%2Fwp%2Fv2%2Fcategories&post=7288"},{"taxonomy":"post_tag","embeddable":true,"href":"https:\/\/www.germansuzuki.de\/index.php?rest_route=%2Fwp%2Fv2%2Ftags&post=7288"}],"curies":[{"name":"wp","href":"https:\/\/api.w.org\/{rel}","templated":true}]}}