{"id":7126,"date":"2018-03-14T13:14:57","date_gmt":"2018-03-14T11:14:57","guid":{"rendered":"https:\/\/www.germansuzuki.de\/?p=7126"},"modified":"2018-03-14T13:15:49","modified_gmt":"2018-03-14T11:15:49","slug":"suzuki-freizeit-vom-08-10-juni-2018-in-speyer","status":"publish","type":"post","link":"https:\/\/www.germansuzuki.de\/?p=7126","title":{"rendered":"Suzuki-Freizeit vom 08.-10. Juni 2018 in Speyer"},"content":{"rendered":"<h3 style=\"text-align: left;\"><a href=\"https:\/\/www.germansuzuki.de\/wp-content\/uploads\/2018\/03\/altleiningen.png\"><img decoding=\"async\" loading=\"lazy\" class=\" size-medium wp-image-7127 alignleft\" src=\"https:\/\/www.germansuzuki.de\/wp-content\/uploads\/2018\/03\/altleiningen-300x230.png\" alt=\"altleiningen\" width=\"300\" height=\"230\" srcset=\"https:\/\/www.germansuzuki.de\/wp-content\/uploads\/2018\/03\/altleiningen-300x230.png 300w, https:\/\/www.germansuzuki.de\/wp-content\/uploads\/2018\/03\/altleiningen.png 800w\" sizes=\"(max-width: 300px) 100vw, 300px\" \/><\/a><span style=\"color: #000000; font-size: small;\">Liebe Eltern, liebe Sch\u00fclerinnen und Sch\u00fcler,\u00a0<\/span><\/h3>\n<div><span style=\"color: #000000;\">wir laden Sie herzlich zu der diesj\u00e4hrigen Suzuki-Freizeit vom 08.-10. Juni in der Jugendherberge der Stadt Speyer ein. Neben den Suzuki-St\u00fccken, geh\u00f6rt dieses mal zum Programm das Thema &#8222;Oper und Operetten&#8220;. Die Freizeit beginnt um 17:00 mit einem gemeinsamen Musizieren. Nach dem Abendessen findet ein Vortrag \u00fcber die Suzuki-Philosophie mit einer anschlie\u00dfenden Diskussionsrunde statt. Wir wollten insbesondere den Eltern die M\u00f6glichkeit geben sich \u00fcber Problematiken im \u00dcbe-Alltag auszutauschen und L\u00f6sungsm\u00f6glichkeiten zu diskutieren. Am Samstag beginnt der Unterricht nach dem Fr\u00fchst\u00fcck um 9:00 Uhr. <\/span><\/div>\n<div><\/div>\n<div><span style=\"color: #000000;\">F\u00fcr jeden Teilnehmer sind Einzel- und Gruppenstunden vorgesehen. F\u00fcr die begleitenden Eltern besteht die M\u00f6glichkeit in einem &#8222;Elternorchester&#8220; geb\u00fchrenfrei mitzuwirken. Nach dem Abendessen gibt es einen Bunten Abend zum Thema &#8222;Oper und Operetten&#8220;. Am Sonntag finden weitere Gruppen- und Einzelstunden, eine Generalprobe und das Abschlusskonzert statt. Die Freizeit endet am Sonntag um ca. 15:00 Uhr. <\/span><\/div>\n<div><\/div>\n<div><span style=\"color: #000000;\">Wie schon das Jahr zuvor, bieten wir auch dieses Jahr einen musikalischen Fr\u00fcherziehung-Kurs f\u00fcr die Geschwister der Teilnehmer, im Alter von drei bis sechs Jahren, kostenlos an.\u00a0<\/span><\/div>\n<div><\/div>\n<div><span style=\"color: #000000;\">Sie k\u00f6nnen sich auf folgender Website bis zum <b>26. M\u00e4rz 2018<\/b> anmelden:<\/span><\/div>\n<div><a href=\"http:\/\/www.tonebird.org\/Suzuki\/\" target=\"_blank\" data-saferedirecturl=\"https:\/\/www.google.com\/url?hl=de&amp;q=http:\/\/www.tonebird.org\/Suzuki\/&amp;source=gmail&amp;ust=1521099031247000&amp;usg=AFQjCNFo415F5AKzmZZLUWM7b8_TrIxOPw\"><span style=\"color: #0000ff;\">http:\/\/www.tonebird.org\/<wbr \/>Suzuki\/<\/span><\/a><\/div>\n<div><\/div>\n<div><span style=\"color: #000000;\"><span style=\"color: #000000;\">Wir freuen uns Sie bei der Suzuki-Freizeit zu sehen!<\/span><\/span>&nbsp;<\/p>\n<\/div>\n","protected":false},"excerpt":{"rendered":"<p>Liebe Eltern, liebe Sch\u00fclerinnen und Sch\u00fcler,\u00a0 wir laden Sie herzlich zu der diesj\u00e4hrigen Suzuki-Freizeit vom 08.-10. Juni in der Jugendherberge der Stadt Speyer ein. Neben den Suzuki-St\u00fccken, geh\u00f6rt dieses mal&#8230;<\/p>\n","protected":false},"author":2,"featured_media":0,"comment_status":"closed","ping_status":"closed","sticky":false,"template":"","format":"standard","meta":[],"categories":[9],"tags":[],"_links":{"self":[{"href":"https:\/\/www.germansuzuki.de\/index.php?rest_route=\/wp\/v2\/posts\/7126"}],"collection":[{"href":"https:\/\/www.germansuzuki.de\/index.php?rest_route=\/wp\/v2\/posts"}],"about":[{"href":"https:\/\/www.germansuzuki.de\/index.php?rest_route=\/wp\/v2\/types\/post"}],"author":[{"embeddable":true,"href":"https:\/\/www.germansuzuki.de\/index.php?rest_route=\/wp\/v2\/users\/2"}],"replies":[{"embeddable":true,"href":"https:\/\/www.germansuzuki.de\/index.php?rest_route=%2Fwp%2Fv2%2Fcomments&post=7126"}],"version-history":[{"count":7,"href":"https:\/\/www.germansuzuki.de\/index.php?rest_route=\/wp\/v2\/posts\/7126\/revisions"}],"predecessor-version":[{"id":7137,"href":"https:\/\/www.germansuzuki.de\/index.php?rest_route=\/wp\/v2\/posts\/7126\/revisions\/7137"}],"wp:attachment":[{"href":"https:\/\/www.germansuzuki.de\/index.php?rest_route=%2Fwp%2Fv2%2Fmedia&parent=7126"}],"wp:term":[{"taxonomy":"category","embeddable":true,"href":"https:\/\/www.germansuzuki.de\/index.php?rest_route=%2Fwp%2Fv2%2Fcategories&post=7126"},{"taxonomy":"post_tag","embeddable":true,"href":"https:\/\/www.germansuzuki.de\/index.php?rest_route=%2Fwp%2Fv2%2Ftags&post=7126"}],"curies":[{"name":"wp","href":"https:\/\/api.w.org\/{rel}","templated":true}]}}