{"id":7112,"date":"2018-01-31T10:23:58","date_gmt":"2018-01-31T08:23:58","guid":{"rendered":"https:\/\/www.germansuzuki.de\/?p=7112"},"modified":"2018-06-06T17:53:23","modified_gmt":"2018-06-06T15:53:23","slug":"8-internationale-suzuki-sommerschule-in-der-schweiz","status":"publish","type":"post","link":"https:\/\/www.germansuzuki.de\/?p=7112","title":{"rendered":"8. Internationale Suzuki Sommerschule in der Schweiz"},"content":{"rendered":"<h4><span style=\"color: #000000;\">04. &#8211; 11. August 2018<\/span><\/h4>\n<h4 style=\"text-align: left;\"><span style=\"color: #000000;\"> <strong>CH-3800 <\/strong><b>Interlaken <\/b>(Berner Oberland)<\/span><\/h4>\n<p><span style=\"color: #000000;\"><a href=\"http:\/\/www.germansuzuki.com\/wp-content\/uploads\/2013\/01\/Interlaken_Summerschool.jpg\"><span style=\"color: #000000;\"><img decoding=\"async\" loading=\"lazy\" class=\"size-full wp-image-3948 alignnone\" title=\"Interlaken_Summerschool\" src=\"http:\/\/www.germansuzuki.com\/wp-content\/uploads\/2013\/01\/Interlaken_Summerschool.jpg\" alt=\"\" width=\"595\" height=\"203\" srcset=\"https:\/\/www.germansuzuki.de\/wp-content\/uploads\/2013\/01\/Interlaken_Summerschool.jpg 1470w, https:\/\/www.germansuzuki.de\/wp-content\/uploads\/2013\/01\/Interlaken_Summerschool-300x102.jpg 300w, https:\/\/www.germansuzuki.de\/wp-content\/uploads\/2013\/01\/Interlaken_Summerschool-1023x349.jpg 1023w\" sizes=\"(max-width: 595px) 100vw, 595px\" \/><\/span><\/a><\/span><\/p>\n<p><span style=\"color: #000000;\">Erleben Sie mit Ihren Kindern die wundersch\u00f6ne Schweizer Alpenwelt und eine intensive Musikwoche mit renommierten Suzuki-Lehrerinnen und -Lehrern aus ganz Europa. Interlaken, die international bekannte Destination zwischen zwei Seen mit unz\u00e4hligen Ausflugm\u00f6glichkeiten in die Berge, hat Ihnen sehr viel zu bieten. Geniessen Sie mit Ihrer Familie die Verbindung von Musizieren, \u00dcben und Ferien in der grossartigen Natur.<br \/>\n<\/span><\/p>\n<h4><span style=\"color: #0000ff;\"><strong>Wir bieten:<\/strong><\/span><\/h4>\n<ul>\n<li>\n<address><span style=\"color: #000000;\">T\u00e4glichen Einzelunterricht in kleinen Gruppen (3 Teilnehmer)<br \/>\n<\/span><\/address>\n<\/li>\n<li>\n<address><span style=\"color: #000000;\">Gruppenstunden<\/span><\/address>\n<\/li>\n<li>Fiddeln (fakultativ)<\/li>\n<li>\n<address><span style=\"color: #000000;\">Meisterkurs: Extra-Lektionen<br \/>\n<\/span><\/address>\n<\/li>\n<li>Pre-Twinkle<\/li>\n<li>\n<address><span style=\"color: #000000;\">Elternpodium<\/span><\/address>\n<\/li>\n<li>\n<address><span style=\"color: #000000;\">Verschiedene Konzerte<\/span><\/address>\n<\/li>\n<li>\n<address><span style=\"color: #000000;\">Grosses Schlusskonzert<\/span><\/address>\n<\/li>\n<li><strong>Bach Forever f\u00fcr Solo und Orchester ab Heft 4 (Beginn am 04.08. um 10 Uhr!)<br \/>\n<\/strong><\/li>\n<\/ul>\n<address><strong><strong><strong><strong><span style=\"color: #000000;\"><br \/>\n<\/span><\/strong><\/strong><\/strong><\/strong>Der Unterricht erfolgt durch internationale DozentInnen aus der Schweiz, aus Island, Gro\u00dfbritannien, D\u00e4nemark, Polen und Tschechien.<\/address>\n<p><strong>Anmeldeschluss ist der 15. Juni 2018.<\/strong><\/p>\n<h2><em><strong>Gesamtleitung: Agathe Jerie<\/strong><\/em><\/h2>\n<h2 style=\"text-align: left;\"><span style=\"color: #000080;\"><strong><a style=\"color: #000080;\" href=\"https:\/\/www.germansuzuki.de\/wp-content\/uploads\/2018\/01\/ausschreibung-sommer-2018.pdf\">Hier<\/a>\u00a0finden Sie weitere Details zur Anmeldung.<\/strong><\/span><\/h2>\n<p>&nbsp;<\/p>\n","protected":false},"excerpt":{"rendered":"<p>04. &#8211; 11. August 2018 CH-3800 Interlaken (Berner Oberland) Erleben Sie mit Ihren Kindern die wundersch\u00f6ne Schweizer Alpenwelt und eine intensive Musikwoche mit renommierten Suzuki-Lehrerinnen und -Lehrern aus ganz Europa&#8230;.<\/p>\n","protected":false},"author":2,"featured_media":0,"comment_status":"open","ping_status":"open","sticky":false,"template":"","format":"standard","meta":[],"categories":[9],"tags":[],"_links":{"self":[{"href":"https:\/\/www.germansuzuki.de\/index.php?rest_route=\/wp\/v2\/posts\/7112"}],"collection":[{"href":"https:\/\/www.germansuzuki.de\/index.php?rest_route=\/wp\/v2\/posts"}],"about":[{"href":"https:\/\/www.germansuzuki.de\/index.php?rest_route=\/wp\/v2\/types\/post"}],"author":[{"embeddable":true,"href":"https:\/\/www.germansuzuki.de\/index.php?rest_route=\/wp\/v2\/users\/2"}],"replies":[{"embeddable":true,"href":"https:\/\/www.germansuzuki.de\/index.php?rest_route=%2Fwp%2Fv2%2Fcomments&post=7112"}],"version-history":[{"count":2,"href":"https:\/\/www.germansuzuki.de\/index.php?rest_route=\/wp\/v2\/posts\/7112\/revisions"}],"predecessor-version":[{"id":8123,"href":"https:\/\/www.germansuzuki.de\/index.php?rest_route=\/wp\/v2\/posts\/7112\/revisions\/8123"}],"wp:attachment":[{"href":"https:\/\/www.germansuzuki.de\/index.php?rest_route=%2Fwp%2Fv2%2Fmedia&parent=7112"}],"wp:term":[{"taxonomy":"category","embeddable":true,"href":"https:\/\/www.germansuzuki.de\/index.php?rest_route=%2Fwp%2Fv2%2Fcategories&post=7112"},{"taxonomy":"post_tag","embeddable":true,"href":"https:\/\/www.germansuzuki.de\/index.php?rest_route=%2Fwp%2Fv2%2Ftags&post=7112"}],"curies":[{"name":"wp","href":"https:\/\/api.w.org\/{rel}","templated":true}]}}