{"id":7085,"date":"2017-11-21T18:11:30","date_gmt":"2017-11-21T16:11:30","guid":{"rendered":"http:\/\/www.germansuzuki.com\/?p=7085"},"modified":"2017-12-20T15:52:24","modified_gmt":"2017-12-20T13:52:24","slug":"osterkurse-2018-in-der-akademie-remscheid","status":"publish","type":"post","link":"https:\/\/www.germansuzuki.de\/?p=7085","title":{"rendered":"Osterkurse 2018 in der Akademie Remscheid"},"content":{"rendered":"<h2 style=\"text-align: center;\"><strong>INTERNATIONAL SUZUKI TEACHERS EXCHANGE<\/strong><\/h2>\n<h2 style=\"text-align: center;\"><strong><a href=\"https:\/\/www.imtex.info\/anmeldung\/rs\/deutsch\/\">Online-Anmeldung<\/a><\/strong><\/h2>\n<p>&nbsp;<\/p>\n<h2 style=\"text-align: center;\">Anmeldeschluss ist der 10. Februar 2018<\/h2>\n<p style=\"text-align: center;\"><strong>Weitere Informationen erhalten Sie \u00fcber folgende Email-Adresse:<br \/>\n<span style=\"color: #000000;\">info@germansuzuki.com<\/span><br \/>\n<\/strong><\/p>\n<p style=\"text-align: center;\"><a href=\"http:\/\/www.germansuzuki.com\/wp-content\/uploads\/2017\/11\/Poster_Easter.jpg\"><img decoding=\"async\" loading=\"lazy\" class=\"aligncenter  wp-image-7087\" src=\"http:\/\/www.germansuzuki.com\/wp-content\/uploads\/2017\/11\/Poster_Easter-724x1024.jpg\" alt=\"Poster_Easter.indd\" width=\"364\" height=\"515\" srcset=\"https:\/\/www.germansuzuki.de\/wp-content\/uploads\/2017\/11\/Poster_Easter-724x1024.jpg 724w, https:\/\/www.germansuzuki.de\/wp-content\/uploads\/2017\/11\/Poster_Easter-212x300.jpg 212w, https:\/\/www.germansuzuki.de\/wp-content\/uploads\/2017\/11\/Poster_Easter.jpg 1890w\" sizes=\"(max-width: 364px) 100vw, 364px\" \/><\/a><\/p>\n<h2><strong>Lehrerkurse f\u00fcr Violine<br \/>\n<\/strong><\/h2>\n<p style=\"text-align: left;\" align=\"center\"><strong>Beginn: Freitag, 30. M\u00e4rz 2018, 14:30 Uhr<\/strong><br \/>\n<strong> Ende: Montag, 02. April 2018, 13:30 Uhr<\/strong><\/p>\n<p style=\"text-align: justify;\">Diese Kurse richten sich an Suzuki-Violinlehrer, die ein besonderes Repertoire erarbeiten oder bestimmte Inhalte wiederholen und vertiefen wollen. Die Inhalte basieren auf den Konzepten und Unterrichtsmaterialien von Shinichi Suzuki, Mimi Zweig, Paul Rolland und Kerstin Wartberg.<\/p>\n<p style=\"text-align: justify;\">Auch wenn Sie bereits die betreffenden Lehrerkurse besucht haben, so wird Ihnen die Wiederholung mit einem anderen Teacher Trainer sicher neue Anregungen geben k\u00f6nnen, denn jeder Teacher Trainer setzt seine pers\u00f6nlichen Schwerpunkte und wird diese auf seine eigene Art und Weise pr\u00e4sentieren. Deshalb bieten solche Wiederholungskurse gute M\u00f6glichkeiten, das eigene Spektrum zu erweitern und andere Sichtweisen kennenzulernen.<\/p>\n<div id=\"gt-res-content\">\n<div dir=\"ltr\">\n<h2><strong>Wir bieten vier unterschiedliche Lehrerkurse an<br \/>\n<\/strong><\/h2>\n<\/div>\n<div dir=\"ltr\"><strong>Kurs A:<\/strong> <span style=\"color: #0000ff;\"><strong>Heft 1<\/strong><\/span> mit dem Schwerpunkt auf den St\u00fccken Nr. 10 bis 17<br \/>\n<strong>Kurs B:<\/strong><span style=\"color: #0000ff;\"><strong> Heft 2<\/strong><\/span> mit dem Schwerpunkt auf den St\u00fccken Nr. 1, 7 bis 12<br \/>\n<strong>Kurs C:<span style=\"color: #0000ff;\"> Heft 4<\/span><\/strong> mit dem Schwerpunkt auf den St\u00fccken Nr. 1, 2, 3 und 4B (Vivaldi 3. Satz)<br \/>\n<strong>Kurs D: <span style=\"color: #0000ff;\">Heft 8<\/span>\u00a0<\/strong><\/div>\n<\/div>\n<div id=\"content\">\n<div id=\"post-1814\" class=\"post\">\n<div class=\"entry\">\n<p>Da diese Kurse gleichzeitig stattfinden, k\u00f6nnen Sie sich nur f\u00fcr EINEN Kurs anmelden.<\/p>\n<p><strong>Kursgeb\u00fchr: Der Preis inkl. Fr\u00fchbucher-Rabatt betr\u00e4gt 200,00 \u20ac.<br \/>\n<\/strong>(Ab dem 10. Januar 2018 betr\u00e4gt die Kursgeb\u00fchr 220,00 \u20ac)<strong><br \/>\n<\/strong><\/p>\n<\/div>\n<\/div>\n<\/div>\n<p>&nbsp;<\/p>\n<h2 style=\"text-align: left;\"><strong>Unterkunft und Verpflegung<br \/>\nin der Akademie Remscheid<\/strong><\/h2>\n<p><strong><span style=\"color: #0000ff;\">Fr. &#8211; Mo.: 30.03 &#8211; 02.04.2018<\/span><\/strong><br \/>\nDOPPELZIMMER inkl. Verpflegung (pro Person): 189,00 \u20ac<br \/>\nEINZELZIMMER inkl. Verpflegung: 215,00 \u20ac<\/p>\n<p><span style=\"color: #0000ff;\"><strong>Donnerstagabend &#8211; Mo.: 29.03 &#8211; 02.04.2018<\/strong><\/span><br \/>\nDOPPELZIMMER inkl. Verpflegung (pro Person): 229,00 \u20ac<br \/>\nEINZELZIMMER inkl. Verpflegung: 260,00 \u20ac<\/p>\n<h2><strong>Mahlzeiten f\u00fcr Kursteilnehmer,<br \/>\n<strong>die NICHT in der Akademie \u00fcbernachten:<\/strong><\/strong><\/h2>\n<p>Mahlzeiten Fr. \u2013 So. = 44,00 \u20ac<br \/>\nMahlzeiten Fr. \u2013 Mo. = 66,00 \u20ac<\/p>\n<h2 style=\"text-align: left;\"><strong><a href=\"https:\/\/www.imtex.info\/anmeldung\/rs\/deutsch\/\">Online-Anmeldung<\/a><\/strong><\/h2>\n<p><strong>Dozenten:<\/strong><strong><br \/>\nKerstin Wartberg, Rudolf G\u00e4hler und ISTEX Teacher Trainer<br \/>\n<\/strong><\/p>\n<p><strong><a href=\"http:\/\/www.germansuzuki.com\/wp-content\/uploads\/2016\/11\/Akademie_Klein.jpg\"><img decoding=\"async\" loading=\"lazy\" class=\"alignleft  wp-image-6601\" src=\"http:\/\/www.germansuzuki.com\/wp-content\/uploads\/2016\/11\/Akademie_Klein-300x225.jpg\" alt=\"akademie_klein\" width=\"204\" height=\"153\" \/><\/a><br \/>\n<\/strong><strong>Tagungsort:<br \/>\nAkademie Remscheid f\u00fcr musische Bildung und Medienerziehung<br \/>\nK\u00fcppelstein 34<br \/>\nD-42857 Remscheid<br \/>\nDeutschland<br \/>\n<\/strong><\/p>\n<p><span style=\"color: #ffffff;\">1<\/span><br \/>\n<span style=\"color: #ffffff;\">1<\/span><\/p>\n<p><strong>Unterrichtssprachen<\/strong><strong>:<br \/>\nDeutsch, Ungarisch, Spanisch und Englisch<br \/>\n<\/strong><\/p>\n<h4><em>Wir w\u00fcrden uns freuen,<br \/>\nSie bei den Fr\u00fchlingslehrerkursen 2018 begr\u00fc\u00dfen zu k\u00f6nnen!<\/em><\/h4>\n<p><strong>Noch Fragen? Bitte schreiben Sie uns eine Email an<br \/>\n<span style=\"color: #000000;\"><a href=\"mailto:info@germansuzuki.com\">info@germansuzuki.com<\/a><\/span><\/strong><\/p>\n<p>&nbsp;<\/p>\n<p>&nbsp;<\/p>\n<h2><a href=\"http:\/\/en.germansuzuki.com\/wp-content\/uploads\/2014\/10\/index.jpg\"><img decoding=\"async\" loading=\"lazy\" class=\"wp-image-1485 alignleft\" src=\"http:\/\/en.germansuzuki.com\/wp-content\/uploads\/2014\/10\/index.jpg\" alt=\"index\" width=\"91\" height=\"91\" \/><\/a><a href=\"https:\/\/www.facebook.com\/groups\/362815390754879\/\">International Music Teachers Exchange<\/a><\/h2>\n","protected":false},"excerpt":{"rendered":"<p>INTERNATIONAL SUZUKI TEACHERS EXCHANGE Online-Anmeldung &nbsp; Anmeldeschluss ist der 10. Februar 2018 Weitere Informationen erhalten Sie \u00fcber folgende Email-Adresse: info@germansuzuki.com Lehrerkurse f\u00fcr Violine Beginn: Freitag, 30. M\u00e4rz 2018, 14:30 Uhr&#8230;<\/p>\n","protected":false},"author":2,"featured_media":0,"comment_status":"open","ping_status":"open","sticky":false,"template":"","format":"standard","meta":[],"categories":[21,3],"tags":[],"_links":{"self":[{"href":"https:\/\/www.germansuzuki.de\/index.php?rest_route=\/wp\/v2\/posts\/7085"}],"collection":[{"href":"https:\/\/www.germansuzuki.de\/index.php?rest_route=\/wp\/v2\/posts"}],"about":[{"href":"https:\/\/www.germansuzuki.de\/index.php?rest_route=\/wp\/v2\/types\/post"}],"author":[{"embeddable":true,"href":"https:\/\/www.germansuzuki.de\/index.php?rest_route=\/wp\/v2\/users\/2"}],"replies":[{"embeddable":true,"href":"https:\/\/www.germansuzuki.de\/index.php?rest_route=%2Fwp%2Fv2%2Fcomments&post=7085"}],"version-history":[{"count":9,"href":"https:\/\/www.germansuzuki.de\/index.php?rest_route=\/wp\/v2\/posts\/7085\/revisions"}],"predecessor-version":[{"id":7106,"href":"https:\/\/www.germansuzuki.de\/index.php?rest_route=\/wp\/v2\/posts\/7085\/revisions\/7106"}],"wp:attachment":[{"href":"https:\/\/www.germansuzuki.de\/index.php?rest_route=%2Fwp%2Fv2%2Fmedia&parent=7085"}],"wp:term":[{"taxonomy":"category","embeddable":true,"href":"https:\/\/www.germansuzuki.de\/index.php?rest_route=%2Fwp%2Fv2%2Fcategories&post=7085"},{"taxonomy":"post_tag","embeddable":true,"href":"https:\/\/www.germansuzuki.de\/index.php?rest_route=%2Fwp%2Fv2%2Ftags&post=7085"}],"curies":[{"name":"wp","href":"https:\/\/api.w.org\/{rel}","templated":true}]}}