{"id":7073,"date":"2017-10-20T17:35:04","date_gmt":"2017-10-20T15:35:04","guid":{"rendered":"http:\/\/www.germansuzuki.com\/?p=7073"},"modified":"2017-10-20T17:35:04","modified_gmt":"2017-10-20T15:35:04","slug":"1-frankfurter-suzuki-workshop-03-05-november-2017","status":"publish","type":"post","link":"https:\/\/www.germansuzuki.de\/?p=7073","title":{"rendered":"1. Frankfurter Suzuki Workshop 03.-05. November 2017"},"content":{"rendered":"<p>Liebe Kolleginnen und Kollegen,<\/p>\n<p>vom 3. bis 5. November 2017 findet in Frankfurt der 1. Suzuki Workshop f\u00fcr Violine, Viola und Violoncello statt. Wir werden dort renommierte Suzuki-Lehrer aus ganz Deutschland begr\u00fc\u00dfen d\u00fcrfen.<\/p>\n<p>Ausf\u00fchrliche Information \u00fcber den Workshop und die Anmeldung dazu kann man dem Flyer entnehmen, mit der Bitte, diesen an Ihre Sch\u00fcler weiterzuleiten.<\/p>\n<p>Den Flyer k\u00f6nnen Sie hier herunterladen: <a href=\"http:\/\/www.germansuzuki.com\/wp-content\/uploads\/2017\/10\/1.Frankfurter-SuzukiWS.pdf\">DOWNLOAD<\/a><\/p>\n<p>Online-Anmeldung \u00fcber Google Forms: <a href=\"https:\/\/docs.google.com\/forms\/d\/e\/1FAIpQLSfs6uvUBh_OTu4lF6IL757pauXSl_kGPGxphY-QferZXrELQQ\/viewform\" target=\"_blank\">KLICK<\/a><\/p>\n<p>Vielen Dank und viele Gr\u00fc\u00dfe aus Frankfurt,<br \/>\nMasako Sakai-Hersen<\/p>\n","protected":false},"excerpt":{"rendered":"<p>Liebe Kolleginnen und Kollegen, vom 3. bis 5. November 2017 findet in Frankfurt der 1. Suzuki Workshop f\u00fcr Violine, Viola und Violoncello statt. Wir werden dort renommierte Suzuki-Lehrer aus ganz&#8230;<\/p>\n","protected":false},"author":2,"featured_media":0,"comment_status":"open","ping_status":"open","sticky":false,"template":"","format":"standard","meta":[],"categories":[9],"tags":[],"_links":{"self":[{"href":"https:\/\/www.germansuzuki.de\/index.php?rest_route=\/wp\/v2\/posts\/7073"}],"collection":[{"href":"https:\/\/www.germansuzuki.de\/index.php?rest_route=\/wp\/v2\/posts"}],"about":[{"href":"https:\/\/www.germansuzuki.de\/index.php?rest_route=\/wp\/v2\/types\/post"}],"author":[{"embeddable":true,"href":"https:\/\/www.germansuzuki.de\/index.php?rest_route=\/wp\/v2\/users\/2"}],"replies":[{"embeddable":true,"href":"https:\/\/www.germansuzuki.de\/index.php?rest_route=%2Fwp%2Fv2%2Fcomments&post=7073"}],"version-history":[{"count":1,"href":"https:\/\/www.germansuzuki.de\/index.php?rest_route=\/wp\/v2\/posts\/7073\/revisions"}],"predecessor-version":[{"id":7075,"href":"https:\/\/www.germansuzuki.de\/index.php?rest_route=\/wp\/v2\/posts\/7073\/revisions\/7075"}],"wp:attachment":[{"href":"https:\/\/www.germansuzuki.de\/index.php?rest_route=%2Fwp%2Fv2%2Fmedia&parent=7073"}],"wp:term":[{"taxonomy":"category","embeddable":true,"href":"https:\/\/www.germansuzuki.de\/index.php?rest_route=%2Fwp%2Fv2%2Fcategories&post=7073"},{"taxonomy":"post_tag","embeddable":true,"href":"https:\/\/www.germansuzuki.de\/index.php?rest_route=%2Fwp%2Fv2%2Ftags&post=7073"}],"curies":[{"name":"wp","href":"https:\/\/api.w.org\/{rel}","templated":true}]}}