{"id":7048,"date":"2017-09-11T11:45:49","date_gmt":"2017-09-11T09:45:49","guid":{"rendered":"http:\/\/www.germansuzuki.com\/?p=7048"},"modified":"2017-10-15T21:16:50","modified_gmt":"2017-10-15T19:16:50","slug":"3rd-international-winterschool-interlaken","status":"publish","type":"post","link":"https:\/\/www.germansuzuki.de\/?p=7048","title":{"rendered":"3rd International Winterschool Interlaken"},"content":{"rendered":"<h4><span style=\"color: #000000;\">\u00a0<\/span><\/h4>\n<h4><span style=\"color: #000000;\"> CH-3800 Interlaken (Berner Oberland)<br \/>\n02. &#8211; 06. Januar 2018<\/span><\/h4>\n<p><span style=\"color: #000000;\"><a href=\"http:\/\/www.germansuzuki.com\/wp-content\/uploads\/2013\/01\/Interlaken_Summerschool.jpg\"><span style=\"color: #000000;\"><img decoding=\"async\" loading=\"lazy\" class=\"size-full wp-image-3948 alignnone\" title=\"Interlaken_Summerschool\" src=\"http:\/\/www.germansuzuki.com\/wp-content\/uploads\/2013\/01\/Interlaken_Summerschool.jpg\" alt=\"\" width=\"595\" height=\"203\" srcset=\"https:\/\/www.germansuzuki.de\/wp-content\/uploads\/2013\/01\/Interlaken_Summerschool.jpg 1470w, https:\/\/www.germansuzuki.de\/wp-content\/uploads\/2013\/01\/Interlaken_Summerschool-300x102.jpg 300w, https:\/\/www.germansuzuki.de\/wp-content\/uploads\/2013\/01\/Interlaken_Summerschool-1023x349.jpg 1023w\" sizes=\"(max-width: 595px) 100vw, 595px\" \/><\/span><\/a><\/span><\/p>\n<p>Vom 02. &#8211; 06. Januar 2018 findet in Interlaken (Berner Oberland\/SCHWEIZ) die 3. International Music Winterschool statt. Es handelt sich dabei um ein eine Verbindung von Musizieren, \u00dcben und Ferien zusammen mit renommierten Suzuki-Lehrkr\u00e4ften aus ganz Europa. Es wird u.a. t\u00e4glicher Unterricht in Masterclasses angeboten, ebenso ein gro\u00dfes Abschlusskonzert.<\/p>\n<blockquote><p><span style=\"color: #000000;\"><strong>Dozenten:<\/strong><\/span><\/p>\n<p><span style=\"color: #000000;\">Agathe Jerie (Schweiz)<\/span><br \/>\n<span style=\"color: #000000;\"> Elzbieta Wegrzyn (Polen)<\/span><br \/>\n<span style=\"color: #000000;\"> Roberto Sarno (D\u00e4nemark)<\/span><br \/>\n<span style=\"color: #000000;\"> Ilona Naumova (Schweiz)<\/span><br \/>\n<span style=\"color: #000000;\"> Meisterkurs: Bettina Boller (Schweiz)<\/span><\/p><\/blockquote>\n<p>N\u00e4here Informationen zu den Kursgeb\u00fchren etc. finden Sie hier:<\/p>\n<ul>\n<ul>\n<ul>\n<li><a href=\"http:\/\/www.germansuzuki.com\/wp-content\/uploads\/2017\/09\/Ausschreibung-Winter-20181.pdf\">Ausschreibung DEUTSCH<\/a><\/li>\n<li><a href=\"http:\/\/www.germansuzuki.com\/wp-content\/uploads\/2017\/09\/Inscription-Winter-20181.pdf\">Ausschreibung ENGLISCH<\/a><\/li>\n<\/ul>\n<\/ul>\n<\/ul>\n<p><strong>Anmeldeschluss ist der 20. November 2017.<\/strong> Weitere Informationen finden Sie auch unter <a href=\"http:\/\/imsiweb.wordpress.com\" target=\"_blank\">imsiweb.wordpress.com<\/a> !<\/p>\n","protected":false},"excerpt":{"rendered":"<p>\u00a0 CH-3800 Interlaken (Berner Oberland) 02. &#8211; 06. Januar 2018 Vom 02. &#8211; 06. Januar 2018 findet in Interlaken (Berner Oberland\/SCHWEIZ) die 3. International Music Winterschool statt. Es handelt sich&#8230;<\/p>\n","protected":false},"author":2,"featured_media":0,"comment_status":"open","ping_status":"open","sticky":false,"template":"","format":"standard","meta":[],"categories":[9],"tags":[],"_links":{"self":[{"href":"https:\/\/www.germansuzuki.de\/index.php?rest_route=\/wp\/v2\/posts\/7048"}],"collection":[{"href":"https:\/\/www.germansuzuki.de\/index.php?rest_route=\/wp\/v2\/posts"}],"about":[{"href":"https:\/\/www.germansuzuki.de\/index.php?rest_route=\/wp\/v2\/types\/post"}],"author":[{"embeddable":true,"href":"https:\/\/www.germansuzuki.de\/index.php?rest_route=\/wp\/v2\/users\/2"}],"replies":[{"embeddable":true,"href":"https:\/\/www.germansuzuki.de\/index.php?rest_route=%2Fwp%2Fv2%2Fcomments&post=7048"}],"version-history":[{"count":8,"href":"https:\/\/www.germansuzuki.de\/index.php?rest_route=\/wp\/v2\/posts\/7048\/revisions"}],"predecessor-version":[{"id":7072,"href":"https:\/\/www.germansuzuki.de\/index.php?rest_route=\/wp\/v2\/posts\/7048\/revisions\/7072"}],"wp:attachment":[{"href":"https:\/\/www.germansuzuki.de\/index.php?rest_route=%2Fwp%2Fv2%2Fmedia&parent=7048"}],"wp:term":[{"taxonomy":"category","embeddable":true,"href":"https:\/\/www.germansuzuki.de\/index.php?rest_route=%2Fwp%2Fv2%2Fcategories&post=7048"},{"taxonomy":"post_tag","embeddable":true,"href":"https:\/\/www.germansuzuki.de\/index.php?rest_route=%2Fwp%2Fv2%2Ftags&post=7048"}],"curies":[{"name":"wp","href":"https:\/\/api.w.org\/{rel}","templated":true}]}}