{"id":6919,"date":"2017-03-31T21:07:31","date_gmt":"2017-03-31T19:07:31","guid":{"rendered":"http:\/\/www.germansuzuki.com\/?p=6919"},"modified":"2017-03-31T22:35:58","modified_gmt":"2017-03-31T20:35:58","slug":"suzuki-freizeit-altleiningen-09-11-juni-2017","status":"publish","type":"post","link":"https:\/\/www.germansuzuki.de\/?p=6919","title":{"rendered":"Suzuki-Freizeit Altleiningen 09.-11. Juni 2017"},"content":{"rendered":"<p><span style=\"color: #0000ff;\"><strong>ACHTUNG! Der Anmeldeschluss ist bereits am 07. April 2017.<\/strong><\/span><\/p>\n<div class=\"_3058 _ui9 _hh7 _aol _s1- _52mr _3oh-\" data-tooltip-content=\"7. M\u00e4rz 12:46\" data-hover=\"tooltip\" data-tooltip-position=\"left\">\n<p class=\"_aok\"><span class=\"_3oh- _58nk\"><img decoding=\"async\" loading=\"lazy\" class=\"imageStyle alignnone\" src=\"http:\/\/tonebird.org\/Suzuki\/blog_files\/image001.png\" alt=\"image001\" width=\"529\" height=\"405\" \/><\/span><\/p>\n<p>Liebe Kollegen, liebe Eltern, liebe Sch\u00fcler,<\/p>\n<p class=\"_aok\">dieses Jahr findet unser <span class=\"_3oh- _58nk\"><span style=\"color: #0000ff;\"><strong>Suzuki-Workshop von Suzuki Rhein-Neckar<\/strong> <\/span>in Zusammenarbeit mit den Musikschulen Speyer, Gr\u00fcnstadt und Worms vom 9. bis zum 11. Juni in Altleiningen statt.<br \/>\n<\/span><\/p>\n<p class=\"_aok\"><span class=\"_3oh- _58nk\">Der Workshop ist besonders f\u00fcr Kinder und Jugendliche im Alter von 3-18 Jahren geeignet.<br \/>\nDabei werden Suzuki-St\u00fccke in Gruppen- und Einzelunterricht erarbeitet. Au\u00dferdem wird dieses Jahr erstmalig eine musikalische Fr\u00fcherziehung f\u00fcr die Geschwister der teilnehmenden Musiker und Musikerinnen angeboten und die Eltern k\u00f6nnen, wie jedes Jahr, im Elternorchester mitspielen.<\/span><\/p>\n<p class=\"_aok\"><strong><span class=\"_3oh- _58nk\" style=\"color: #0000ff;\">Folgende Dozenten werden unterrichten: <\/span><\/strong><\/p>\n<p style=\"padding-left: 30px;\"><strong><em><span class=\"_3oh- _58nk\">Liana Mogilevskaja<br \/>\nDitte Barth<br \/>\nHeidi K\u00f6nig<br \/>\nJanine Zillmann<br \/>\nOlga Nodel<br \/>\nMax Petzold<br \/>\nViktoria Burjakovskaja<br \/>\nDavid Rodriguez<br \/>\nKatalin Szigeti<\/span><\/em><\/strong><\/p>\n<p>Weitere Informationen und die Anmeldung k\u00f6nnen Sie unserer <strong><span style=\"color: #0000ff;\"><a style=\"color: #0000ff;\" href=\"http:\/\/tonebird.org\/Suzuki\/\">Website<\/a><\/span><\/strong> entnehmen.<\/p>\n<p><span style=\"color: #333333;\">Wenn Sie noch Fragen haben,<br \/>\nwenden Sie sich gerne an Anna Mogilevskaja<\/span><\/p>\n<p><span style=\"color: #333333;\">Tel.: 015739344809<\/span><\/p>\n<p><span style=\"color: #333333;\"><a style=\"color: #333333;\" href=\"mailto:ig.rheinneckar@gmail.com\" target=\"_blank\" rel=\"external\">ig.rheinneckar@gmail.com<\/a><\/span><\/p>\n<p><span style=\"color: #333333;\"><span style=\"color: #0000ff;\"><strong>Wir freuen uns auf Ihre Teilnahme!<\/strong><\/span><\/span><\/p>\n<p>Mit herzlichen Gr\u00fc\u00dfen<br \/>\nAnna Mogilevskaja<br \/>\nLiana Mogilevskaja<\/p>\n<p>&nbsp;<\/p>\n<\/div>\n","protected":false},"excerpt":{"rendered":"<p>ACHTUNG! Der Anmeldeschluss ist bereits am 07. April 2017. Liebe Kollegen, liebe Eltern, liebe Sch\u00fcler, dieses Jahr findet unser Suzuki-Workshop von Suzuki Rhein-Neckar in Zusammenarbeit mit den Musikschulen Speyer, Gr\u00fcnstadt&#8230;<\/p>\n","protected":false},"author":2,"featured_media":0,"comment_status":"open","ping_status":"open","sticky":false,"template":"","format":"standard","meta":[],"categories":[9],"tags":[],"_links":{"self":[{"href":"https:\/\/www.germansuzuki.de\/index.php?rest_route=\/wp\/v2\/posts\/6919"}],"collection":[{"href":"https:\/\/www.germansuzuki.de\/index.php?rest_route=\/wp\/v2\/posts"}],"about":[{"href":"https:\/\/www.germansuzuki.de\/index.php?rest_route=\/wp\/v2\/types\/post"}],"author":[{"embeddable":true,"href":"https:\/\/www.germansuzuki.de\/index.php?rest_route=\/wp\/v2\/users\/2"}],"replies":[{"embeddable":true,"href":"https:\/\/www.germansuzuki.de\/index.php?rest_route=%2Fwp%2Fv2%2Fcomments&post=6919"}],"version-history":[{"count":16,"href":"https:\/\/www.germansuzuki.de\/index.php?rest_route=\/wp\/v2\/posts\/6919\/revisions"}],"predecessor-version":[{"id":6935,"href":"https:\/\/www.germansuzuki.de\/index.php?rest_route=\/wp\/v2\/posts\/6919\/revisions\/6935"}],"wp:attachment":[{"href":"https:\/\/www.germansuzuki.de\/index.php?rest_route=%2Fwp%2Fv2%2Fmedia&parent=6919"}],"wp:term":[{"taxonomy":"category","embeddable":true,"href":"https:\/\/www.germansuzuki.de\/index.php?rest_route=%2Fwp%2Fv2%2Fcategories&post=6919"},{"taxonomy":"post_tag","embeddable":true,"href":"https:\/\/www.germansuzuki.de\/index.php?rest_route=%2Fwp%2Fv2%2Ftags&post=6919"}],"curies":[{"name":"wp","href":"https:\/\/api.w.org\/{rel}","templated":true}]}}