{"id":6861,"date":"2017-03-13T18:37:06","date_gmt":"2017-03-13T16:37:06","guid":{"rendered":"http:\/\/www.germansuzuki.com\/?p=6861"},"modified":"2017-03-14T11:04:52","modified_gmt":"2017-03-14T09:04:52","slug":"suzuki-cello-exchange-wochenende-in-nuernberg","status":"publish","type":"post","link":"https:\/\/www.germansuzuki.de\/?p=6861","title":{"rendered":"Suzuki Cello Exchange Wochenende in N\u00fcrnberg"},"content":{"rendered":"<h2 style=\"text-align: left;\">Liebe Suzuki Cello-Lehrerinnen und -Lehrer!<\/h2>\n<p style=\"text-align: left;\"><strong>Wir m\u00f6chten Sie herzlich zu unserem <span style=\"color: #0000ff;\">Suzuki Cello Exchange Wochenende<\/span> einladen:<\/strong><\/p>\n<p style=\"text-align: left;\"><strong><span style=\"color: #0000ff;\">Termin:<\/span> <\/strong>17.\/18. Juni 2017<\/p>\n<p style=\"text-align: left;\"><strong><span style=\"color: #0000ff;\">Ort:<\/span> <\/strong>Musik-Punkt N\u00fcrnberg<br \/>\nW\u00f6lckernstra\u00dfe 23A<br \/>\n90459 N\u00fcrnberg<\/p>\n<p style=\"text-align: left;\">Ziel dieses Kurses sind konkrete Anregungen, lebendiger Austausch und interessante Begegnungen. <strong>Interessierte traditionelle Cello-Lehrerinnen und -Lehrer sind ebenso eingeladen<\/strong>, an dieser Veranstaltung teilzunehmen und sich von unserer Arbeitsweise inspirieren zu lassen.<\/p>\n<h2 style=\"text-align: left;\"><strong><span style=\"color: #0000ff;\">Themen u.a.:<u><br \/>\n<\/u><\/span><\/strong><\/h2>\n<p style=\"text-align: left;\"><span style=\"color: #0000ff;\"><strong>Zusatzliteratur f\u00fcr Cello mit Klavier + Cello-Ensemble<\/strong><\/span><\/p>\n<p style=\"text-align: left;\"><span style=\"color: #0000ff;\"><strong>Teil A:<\/strong> <\/span>Zusatzliteratur f\u00fcr Cello mit Klavier und Cello-Ensemble, vorgestellt von <em>Anders Gr\u00f8n<\/em><\/p>\n<p style=\"text-align: left;\"><span style=\"color: #0000ff;\"><strong>Teil B:<\/strong><\/span> Literaturauswahl f\u00fcr <em>Jugend Musiziert<\/em>, vorgestellt von unserer Teacher Trainerin <em>Erika Umanez<\/em><\/p>\n<p style=\"text-align: left;\"><iframe loading=\"lazy\" src=\"https:\/\/www.youtube.com\/embed\/n_YNAjnLsck\" width=\"560\" height=\"315\" frameborder=\"0\" allowfullscreen=\"allowfullscreen\"><\/iframe><\/p>\n<p style=\"text-align: left;\"><span style=\"color: #0000ff;\"><strong>Teil C:<\/strong> <\/span>Lieblingsst\u00fccke meiner Sch\u00fcler<br \/>\nAlle Teilnehmer sind eingeladen, hier ihre \u201eHits\u201c vorzustellen.<\/p>\n<p style=\"text-align: left;\"><strong><span style=\"color: #0000ff;\">Gambenschule f\u00fcr Kinder<\/span><u><br \/>\n<\/u><\/strong><em>Liana Pereira<\/em><\/p>\n<p style=\"text-align: left;\"><img decoding=\"async\" loading=\"lazy\" class=\"spotlight\" src=\"https:\/\/scontent.ftxl1-1.fna.fbcdn.net\/v\/t31.0-8\/16113022_1928666680695234_3129127866304483366_o.jpg?oh=4efec5654a9fbd24cbfeb069e2ac9a10&amp;oe=596E7B76\" alt=\"Bild k\u00f6nnte enthalten: 1 Person, l\u00e4chelnd, sitzt, Gitarre und Innenbereich\" width=\"271\" height=\"183\" \/><\/p>\n<p style=\"text-align: left;\"><strong><span style=\"color: #0000ff;\">Barocke Auff\u00fchrungspraxis &#8211; Hinweise f\u00fcr Suzuki-Cellolehrer<\/span><br \/>\n<\/strong><em>Liana Pereira<\/em><\/p>\n<p style=\"text-align: left;\"><strong><span style=\"color: #0000ff;\">Anregungen zum Pre-Twinkle-Bereich<\/span><\/strong><br \/>\n<em>Erika Umanez<\/em> stellt das neue Cello-Heft f\u00fcr junge Cellisten vor.<br \/>\n<em>Liana Pereira<\/em> demonstriert Pre-Twinkle-\u00dcbungen mit ihren Celloanf\u00e4ngern aus N\u00fcrnberg.<\/p>\n<p style=\"text-align: left;\"><img decoding=\"async\" loading=\"lazy\" class=\"spotlight alignnone\" src=\"https:\/\/scontent.ftxl1-1.fna.fbcdn.net\/v\/t1.0-9\/16472977_1762925597354836_6366243440866605533_n.jpg?oh=668eb054561da74b0b3160f1d769d074&amp;oe=5970C6F3\" alt=\"Bild k\u00f6nnte enthalten: eine oder mehrere Personen, Personen, die sitzen und Innenbereich\" width=\"260\" height=\"195\" \/><\/p>\n<p style=\"text-align: left;\"><strong><span style=\"color: #0000ff;\">Haltungsaufbau und Stabilisierung<\/span><u><br \/>\n<\/u><\/strong><em>Anders Gr\u00f8n<\/em> l\u00e4dt im Anschluss an seinen Vortrag die Teilnehmer ein, ihre \u00dcbungen zu diesem Thema vorzustellen.<\/p>\n<blockquote>\n<h2 style=\"text-align: center;\"><span style=\"color: #0000ff;\"><strong>Unser Geschenk f\u00fcr Sie:<br \/>\nPre-Twinkle Material f\u00fcr junge Cellisten<\/strong> <\/span><\/h2>\n<p style=\"text-align: center;\"><span style=\"color: #000000;\">Zur Einstimmung auf die Veranstaltung haben wir f\u00fcr Sie<br \/>\nein weiteres kleines Geschenk vorbereitet.<\/span><\/p>\n<p style=\"text-align: center;\"><span style=\"color: #0000ff;\"><strong>Mit den nachfolgenden Links erhalten Sie kostenlos<br \/>\nneues Pre-Twinkle-Material in Form von PDF- und MP3-Dateien.<\/strong><br \/>\n<\/span><span style=\"color: #000000;\">Die Cello-Stimme wurde von <em>Erika Umanez<\/em> eingespielt und<br \/>\ndie Klavierstimme von <em>David Andruss<\/em>.<\/span><\/p>\n<h2 style=\"text-align: center;\"><strong><a href=\"http:\/\/www.germansuzuki.com\/wp-content\/uploads\/2017\/03\/cello_Pre-Twinkle_eBook.pdf\">eBook_Cello Pre-Twinkle<br \/>\n<\/a><a href=\"http:\/\/www.germansuzuki.com\/wp-content\/uploads\/2017\/03\/Cello_Pre-Twinkle_MP31.zip\">MP3_Cello Pre-Twinkle<\/a><\/strong><\/h2>\n<\/blockquote>\n<p style=\"text-align: left;\"><a href=\"http:\/\/www.germansuzuki.com\/wp-content\/uploads\/2017\/03\/cello_1A_eBook_Titel.jpg\"><img decoding=\"async\" loading=\"lazy\" class=\"  wp-image-6870 alignleft\" src=\"http:\/\/www.germansuzuki.com\/wp-content\/uploads\/2017\/03\/cello_1A_eBook_Titel-210x300.jpg\" alt=\"cello_1A_titel.indd\" width=\"159\" height=\"227\" srcset=\"https:\/\/www.germansuzuki.de\/wp-content\/uploads\/2017\/03\/cello_1A_eBook_Titel-210x300.jpg 210w, https:\/\/www.germansuzuki.de\/wp-content\/uploads\/2017\/03\/cello_1A_eBook_Titel-716x1024.jpg 716w, https:\/\/www.germansuzuki.de\/wp-content\/uploads\/2017\/03\/cello_1A_eBook_Titel.jpg 1196w\" sizes=\"(max-width: 159px) 100vw, 159px\" \/><\/a><\/p>\n<p style=\"text-align: left;\">Das Material k\u00f6nnen Sie nat\u00fcrlich verwenden, auch wenn Sie nicht nach N\u00fcrnberg kommen werden.<\/p>\n<p style=\"text-align: left;\">Diese Pre-Twinkle Liedchen stammen aus dem Notenheft \u201eVortragsst\u00fccke f\u00fcr junge Cellisten\u201c, Teil 1A, einem Notenheft, das \u00e4hnlich wie die erfolgreiche \u201eSchritt f\u00fcr Schritt\u201c-Reihe f\u00fcr Violine aufgebaut ist.<\/p>\n<p style=\"text-align: left;\">Zum Schluss noch eine Anmerkung:<br \/>\nWir planen den d\u00e4nischen Teacher Trainer <em>Anders Gr\u00f8n<\/em> einzuladen, sofern sich mindestens 8 Teilnehmer f\u00fcr diese Veranstaltung anmelden.<br \/>\nNat\u00fcrlich hoffen wir, dieses Ziel zu erreichen!<\/p>\n<p style=\"text-align: left;\">Die Kursgeb\u00fchr betr\u00e4gt 90,00 \u20ac.<\/p>\n<p style=\"text-align: left;\">Wir k\u00f6nnen Ihnen gerne bei der Vermittlung eines g\u00fcnstigen Hotels behilflich sein.<\/p>\n<p style=\"text-align: left;\">Bitte melden Sie sich per Email bei Herrn Stefan Kalkbrenner an:<\/p>\n<h2 style=\"text-align: left;\"><strong>info@germansuzuki.com<\/strong><\/h2>\n<p style=\"text-align: left;\"><strong>Beste Gr\u00fc\u00dfe<\/strong><\/p>\n<p style=\"text-align: left;\"><strong><em>Erika Umanez, Liana Pereira und Kerstin Wartberg<\/em><\/strong><\/p>\n","protected":false},"excerpt":{"rendered":"<p>Liebe Suzuki Cello-Lehrerinnen und -Lehrer! Wir m\u00f6chten Sie herzlich zu unserem Suzuki Cello Exchange Wochenende einladen: Termin: 17.\/18. Juni 2017 Ort: Musik-Punkt N\u00fcrnberg W\u00f6lckernstra\u00dfe 23A 90459 N\u00fcrnberg Ziel dieses Kurses&#8230;<\/p>\n","protected":false},"author":2,"featured_media":0,"comment_status":"open","ping_status":"open","sticky":false,"template":"","format":"standard","meta":[],"categories":[9],"tags":[],"_links":{"self":[{"href":"https:\/\/www.germansuzuki.de\/index.php?rest_route=\/wp\/v2\/posts\/6861"}],"collection":[{"href":"https:\/\/www.germansuzuki.de\/index.php?rest_route=\/wp\/v2\/posts"}],"about":[{"href":"https:\/\/www.germansuzuki.de\/index.php?rest_route=\/wp\/v2\/types\/post"}],"author":[{"embeddable":true,"href":"https:\/\/www.germansuzuki.de\/index.php?rest_route=\/wp\/v2\/users\/2"}],"replies":[{"embeddable":true,"href":"https:\/\/www.germansuzuki.de\/index.php?rest_route=%2Fwp%2Fv2%2Fcomments&post=6861"}],"version-history":[{"count":43,"href":"https:\/\/www.germansuzuki.de\/index.php?rest_route=\/wp\/v2\/posts\/6861\/revisions"}],"predecessor-version":[{"id":6911,"href":"https:\/\/www.germansuzuki.de\/index.php?rest_route=\/wp\/v2\/posts\/6861\/revisions\/6911"}],"wp:attachment":[{"href":"https:\/\/www.germansuzuki.de\/index.php?rest_route=%2Fwp%2Fv2%2Fmedia&parent=6861"}],"wp:term":[{"taxonomy":"category","embeddable":true,"href":"https:\/\/www.germansuzuki.de\/index.php?rest_route=%2Fwp%2Fv2%2Fcategories&post=6861"},{"taxonomy":"post_tag","embeddable":true,"href":"https:\/\/www.germansuzuki.de\/index.php?rest_route=%2Fwp%2Fv2%2Ftags&post=6861"}],"curies":[{"name":"wp","href":"https:\/\/api.w.org\/{rel}","templated":true}]}}