{"id":6811,"date":"2017-02-16T19:55:54","date_gmt":"2017-02-16T17:55:54","guid":{"rendered":"http:\/\/www.germansuzuki.com\/?p=6811"},"modified":"2017-04-17T16:49:55","modified_gmt":"2017-04-17T14:49:55","slug":"jugend-musiziert-2017","status":"publish","type":"post","link":"https:\/\/www.germansuzuki.de\/?p=6811","title":{"rendered":"Jugend musiziert 2017"},"content":{"rendered":"<p><a href=\"http:\/\/www.germansuzuki.com\/wp-content\/uploads\/2010\/05\/logo_JuMu1.jpg\"><img decoding=\"async\" loading=\"lazy\" class=\"size-full wp-image-1144 alignnone\" title=\"logo_JuMu\" src=\"http:\/\/www.germansuzuki.com\/wp-content\/uploads\/2010\/05\/logo_JuMu1.jpg\" alt=\"\" width=\"198\" height=\"46\" \/><\/a><\/p>\n<p>&nbsp;<\/p>\n<h4><span style=\"color: #000000;\">Liebe Lehrerinnen und Lehrer der DSG!<\/span><br \/>\n<span style=\"color: #000000;\"> Liebe Sch\u00fclereltern!<\/span><\/h4>\n<p><strong>In den letzten Tagen erreichten uns zahlreiche positive Nachrichten von Suzuki-Lehrern, die uns voller Freude von der erfolgreichen Teilnahme ihrer Sch\u00fcler beim Regionalwettbewerb &#8222;<span class=\"il\">Jugend<\/span> <span class=\"il\">Musiziert<\/span>&#8220; berichteten. Nachfolgend finden Sie die ersten Ergebnisse. Weitere werden sicherlich noch folgen, da in manchen Regionen die Wettbewerbe erst in den n\u00e4chsten Wochen stattfinden.<br \/>\n<\/strong><\/p>\n<p><strong><span style=\"color: #0000ff;\">Wir w\u00fcrden uns sehr freuen, wenn auch Sie uns \u00fcber die Teilnahme Ihrer Sch\u00fcler\/Kinder am diesj\u00e4hrigen Wettbewerb berichten k\u00f6nnten.<\/span><\/strong><\/p>\n<p style=\"text-align: justify;\"><span style=\"color: #000000;\"><strong>Am Ende des Beitrags finden Sie ein leeres Textfeld, in das Sie uns Ihre Kommentare und Infos schreiben k\u00f6nnen.<br \/>\nVielen Dank! Wir sind auf Ihre Beitr\u00e4ge gespannt!<\/strong><\/span><\/p>\n<p><a href=\"http:\/\/www.germansuzuki.com\/wp-content\/uploads\/2017\/02\/jumu20172.jpg\"><img decoding=\"async\" loading=\"lazy\" class=\" size-thumbnail wp-image-6814 aligncenter\" src=\"http:\/\/www.germansuzuki.com\/wp-content\/uploads\/2017\/02\/jumu20172-150x150.jpg\" alt=\"jumu20172\" width=\"150\" height=\"150\" \/><\/a><\/p>\n<p><a href=\"http:\/\/www.germansuzuki.com\/wp-content\/uploads\/2017\/02\/jumu2017.jpg\"><img decoding=\"async\" loading=\"lazy\" class=\" size-thumbnail wp-image-6813 aligncenter\" src=\"http:\/\/www.germansuzuki.com\/wp-content\/uploads\/2017\/02\/jumu2017-150x150.jpg\" alt=\"jumu2017\" width=\"150\" height=\"150\" \/><\/a><\/p>\n<p><strong>Klasse Michael Hoover, Violine \/ Musikschule Unteres Remstal bei Stuttgart<\/strong><\/p>\n<p>Regionalwettbewerb:<\/p>\n<ul>\n<li>Trio: Tara Missale (Violine), Samira El Zein (Violine), Georg Heiter (Violoncello) \/\/ Altersgruppe 2, 1. Preis<\/li>\n<li>Violinenquartett: Sven Maser, Merle Kuchenbecker, Cornelia Fahrner, Luisa Hellstern \/\/ Altersgruppe 3, 1. Preis<\/li>\n<li>Emily Hoover (Violoncello), in einem Celloquartett \/\/ Altersgruppe 5, 1. Preis (25 Punkte mit Weiterleitung)<\/li>\n<li>Julia Hoover (Violine), in einem Streichquartett \/\/ Altersgruppe 5, 1. Preis (25 Punkte mit Weiterleitung)<\/li>\n<\/ul>\n<p>Landeswettbewerb:<\/p>\n<ul>\n<li>Julia Hoover (Violine), in einem Streichquartett \/\/ Altersgruppe 5, 1. Preis (25 Punkte)<\/li>\n<li>Emily Hoover (Violoncello), in einem Celloquartett \/\/ Altersgruppe 5, 1. Preis (23 Punkte)<\/li>\n<\/ul>\n<p><strong>Klasse Isabel Morey Suau, Violine \/ Junge Camerata Academica in Kiel<\/strong><\/p>\n<p>Isabel Morey Suau schreibt:<em> \u201eWir gratulieren unseren jetzigen und ehemaligen Mitgliedern zu deren hervorragenden Leistungen bei Jugend musiziert!!!\u201c<\/em><\/p>\n<ul>\n<li>Amelie Hennemann und Dietlind Kraus, Altersgruppe 1b, 1. Preis<\/li>\n<li>Finley Graf und Max R\u00f6ssner, Atersgruppe 1b, 2. Preis<\/li>\n<li>Eva Freitag, Altersgruppe 1b, 1. Preis<\/li>\n<li>Franka Nordmeyer, Altersgruppe 2, 1. Preis mit Weiterleitung<\/li>\n<li>Fabiana von Schliefen und Richard Paul Wegner, Altersgruppe 4, 1. Preis mit Weiterleitung<\/li>\n<li>Arnhild Kraus, Anna Sophie Herrmann, Anna Louisa Ernstund John E. Fellows Morey, Altersgruppe 4, 1. Preis (25 Punkte) mit Weiterleitung<\/li>\n<li>Tirza Bluhm, Altersgruppe 5, 1. Preis mit Weiterleitung<\/li>\n<\/ul>\n<p><strong>Klasse Annelie Kopp<\/strong><\/p>\n<ul>\n<li>Anne Lamar, Elisa Walter, Jana Philipps, Felix Wimmer, Altersgruppe 4, jeweils 1. Preis mit 23 Punkten und Weiterleitung zum Landes-\/Bundeswettbewerb<\/li>\n<\/ul>\n<p><strong>Klasse Luise Kopp<\/strong><\/p>\n<ul>\n<li>Theresa Hermes und Tabitha Hahn, Altersgruppe 2, 1. Preis mit 24 Punkten im Regionalwettbewerb mit Weiterleitung zum Landeswettbewerb, dort ebenfalls 1. Preis mit 24 Punkten<\/li>\n<\/ul>\n<p>&nbsp;<\/p>\n<p>&nbsp;<\/p>\n","protected":false},"excerpt":{"rendered":"<p>&nbsp; Liebe Lehrerinnen und Lehrer der DSG! Liebe Sch\u00fclereltern! In den letzten Tagen erreichten uns zahlreiche positive Nachrichten von Suzuki-Lehrern, die uns voller Freude von der erfolgreichen Teilnahme ihrer Sch\u00fcler&#8230;<\/p>\n","protected":false},"author":2,"featured_media":0,"comment_status":"open","ping_status":"open","sticky":false,"template":"","format":"standard","meta":[],"categories":[3],"tags":[],"_links":{"self":[{"href":"https:\/\/www.germansuzuki.de\/index.php?rest_route=\/wp\/v2\/posts\/6811"}],"collection":[{"href":"https:\/\/www.germansuzuki.de\/index.php?rest_route=\/wp\/v2\/posts"}],"about":[{"href":"https:\/\/www.germansuzuki.de\/index.php?rest_route=\/wp\/v2\/types\/post"}],"author":[{"embeddable":true,"href":"https:\/\/www.germansuzuki.de\/index.php?rest_route=\/wp\/v2\/users\/2"}],"replies":[{"embeddable":true,"href":"https:\/\/www.germansuzuki.de\/index.php?rest_route=%2Fwp%2Fv2%2Fcomments&post=6811"}],"version-history":[{"count":5,"href":"https:\/\/www.germansuzuki.de\/index.php?rest_route=\/wp\/v2\/posts\/6811\/revisions"}],"predecessor-version":[{"id":6994,"href":"https:\/\/www.germansuzuki.de\/index.php?rest_route=\/wp\/v2\/posts\/6811\/revisions\/6994"}],"wp:attachment":[{"href":"https:\/\/www.germansuzuki.de\/index.php?rest_route=%2Fwp%2Fv2%2Fmedia&parent=6811"}],"wp:term":[{"taxonomy":"category","embeddable":true,"href":"https:\/\/www.germansuzuki.de\/index.php?rest_route=%2Fwp%2Fv2%2Fcategories&post=6811"},{"taxonomy":"post_tag","embeddable":true,"href":"https:\/\/www.germansuzuki.de\/index.php?rest_route=%2Fwp%2Fv2%2Ftags&post=6811"}],"curies":[{"name":"wp","href":"https:\/\/api.w.org\/{rel}","templated":true}]}}