{"id":6768,"date":"2017-01-13T12:14:54","date_gmt":"2017-01-13T10:14:54","guid":{"rendered":"http:\/\/www.germansuzuki.com\/?p=6768"},"modified":"2017-01-13T12:17:11","modified_gmt":"2017-01-13T10:17:11","slug":"6-internationale-suzuki-sommerschule-in-der-schweiz","status":"publish","type":"post","link":"https:\/\/www.germansuzuki.de\/?p=6768","title":{"rendered":"6. Internationale Suzuki Sommerschule in der Schweiz"},"content":{"rendered":"<h4><span style=\"color: #000000;\">05. &#8211; 12. August 2017<\/span><\/h4>\n<h4 style=\"text-align: left;\"><span style=\"color: #000000;\"> <strong>CH-3800 <\/strong><b>Interlaken <\/b>(Berner Oberland)<\/span><\/h4>\n<p><span style=\"color: #000000;\"><a href=\"http:\/\/www.germansuzuki.com\/wp-content\/uploads\/2013\/01\/Interlaken_Summerschool.jpg\"><span style=\"color: #000000;\"><img decoding=\"async\" loading=\"lazy\" class=\"size-full wp-image-3948 alignnone\" title=\"Interlaken_Summerschool\" src=\"http:\/\/www.germansuzuki.com\/wp-content\/uploads\/2013\/01\/Interlaken_Summerschool.jpg\" alt=\"\" width=\"595\" height=\"203\" srcset=\"https:\/\/www.germansuzuki.de\/wp-content\/uploads\/2013\/01\/Interlaken_Summerschool.jpg 1470w, https:\/\/www.germansuzuki.de\/wp-content\/uploads\/2013\/01\/Interlaken_Summerschool-300x102.jpg 300w, https:\/\/www.germansuzuki.de\/wp-content\/uploads\/2013\/01\/Interlaken_Summerschool-1023x349.jpg 1023w\" sizes=\"(max-width: 595px) 100vw, 595px\" \/><\/span><\/a><\/span><\/p>\n<p><span style=\"color: #000000;\">Erleben Sie mit Ihren Kindern die wundersch\u00f6ne Schweizer Alpenwelt und eine intensive Musikwoche mit renommierten Suzuki-Lehrerinnen und -Lehrern aus ganz Europa. Interlaken, die international bekannte Destination zwischen zwei Seen mit unz\u00e4hligen Ausflugm\u00f6glichkeiten in die Berge, hat Ihnen sehr viel zu bieten. Geniessen Sie mit Ihrer Familie die Verbindung von Musizieren, \u00dcben und Ferien in der grossartigen Natur.<br \/>\n<\/span><\/p>\n<h4><span style=\"color: #0000ff;\"><strong>Wir bieten:<\/strong><\/span><\/h4>\n<ul>\n<li>\n<address><span style=\"color: #000000;\">T\u00e4glichen Einzelunterricht in Masterclasses<\/span><\/address>\n<\/li>\n<li>\n<address><span style=\"color: #000000;\">Gruppenstunden<\/span><\/address>\n<\/li>\n<li>\n<address><span style=\"color: #000000;\">Vomblattspielen und Fiddeln<\/span><\/address>\n<\/li>\n<li>\n<address><span style=\"color: #000000;\">Elternpodium<\/span><\/address>\n<\/li>\n<li>\n<address><span style=\"color: #000000;\">Verschiedene Konzerte<\/span><\/address>\n<\/li>\n<li>\n<address><span style=\"color: #000000;\">Grosses Schlusskonzert<\/span><\/address>\n<\/li>\n<li><strong>NEU: A. Vivaldi: Die Vier Jahreszeiten f\u00fcr Solo und Orchester<\/strong><\/li>\n<\/ul>\n<address><strong><strong><strong><strong><span style=\"color: #000000;\"><br \/>\n<strong>Den Meisterkurs gibt Alex van Wijnkoop, u.a. Dozent an den Musikhochschulen Bern, Luzern sowie Basel und Konzertmeister im Berner und Basler Sinfonieorchester. <\/strong><\/span><\/strong><\/strong><\/strong><\/strong>Der Unterricht erfolgt durch internationale DozentInnen aus der Schweiz, aus Island, Gro\u00dfbritannien, Frankreich und Deutschland.<\/address>\n<p><strong>Anmeldeschluss ist der 01. Juli 2017.<\/strong><\/p>\n<h2><em><strong>Gesamtleitung: Agathe Jerie<\/strong><\/em><\/h2>\n<h2 style=\"text-align: left;\"><span style=\"color: #0000ff;\"><strong><a href=\"http:\/\/www.germansuzuki.com\/wp-content\/uploads\/2017\/01\/Auscchreibung-deutsch-PDF.pdf\">Hier<\/a> finden Sie weitere Details und ein Anmeldeformular.<\/strong><\/span><\/h2>\n<p>&nbsp;<\/p>\n","protected":false},"excerpt":{"rendered":"<p>05. &#8211; 12. August 2017 CH-3800 Interlaken (Berner Oberland) Erleben Sie mit Ihren Kindern die wundersch\u00f6ne Schweizer Alpenwelt und eine intensive Musikwoche mit renommierten Suzuki-Lehrerinnen und -Lehrern aus ganz Europa&#8230;.<\/p>\n","protected":false},"author":2,"featured_media":0,"comment_status":"open","ping_status":"open","sticky":false,"template":"","format":"standard","meta":[],"categories":[9],"tags":[],"_links":{"self":[{"href":"https:\/\/www.germansuzuki.de\/index.php?rest_route=\/wp\/v2\/posts\/6768"}],"collection":[{"href":"https:\/\/www.germansuzuki.de\/index.php?rest_route=\/wp\/v2\/posts"}],"about":[{"href":"https:\/\/www.germansuzuki.de\/index.php?rest_route=\/wp\/v2\/types\/post"}],"author":[{"embeddable":true,"href":"https:\/\/www.germansuzuki.de\/index.php?rest_route=\/wp\/v2\/users\/2"}],"replies":[{"embeddable":true,"href":"https:\/\/www.germansuzuki.de\/index.php?rest_route=%2Fwp%2Fv2%2Fcomments&post=6768"}],"version-history":[{"count":4,"href":"https:\/\/www.germansuzuki.de\/index.php?rest_route=\/wp\/v2\/posts\/6768\/revisions"}],"predecessor-version":[{"id":6791,"href":"https:\/\/www.germansuzuki.de\/index.php?rest_route=\/wp\/v2\/posts\/6768\/revisions\/6791"}],"wp:attachment":[{"href":"https:\/\/www.germansuzuki.de\/index.php?rest_route=%2Fwp%2Fv2%2Fmedia&parent=6768"}],"wp:term":[{"taxonomy":"category","embeddable":true,"href":"https:\/\/www.germansuzuki.de\/index.php?rest_route=%2Fwp%2Fv2%2Fcategories&post=6768"},{"taxonomy":"post_tag","embeddable":true,"href":"https:\/\/www.germansuzuki.de\/index.php?rest_route=%2Fwp%2Fv2%2Ftags&post=6768"}],"curies":[{"name":"wp","href":"https:\/\/api.w.org\/{rel}","templated":true}]}}