{"id":6718,"date":"2017-01-11T13:30:28","date_gmt":"2017-01-11T11:30:28","guid":{"rendered":"http:\/\/www.germansuzuki.com\/?p=6718"},"modified":"2017-02-28T13:38:48","modified_gmt":"2017-02-28T11:38:48","slug":"neu-vortragsstuecke-fuer-junge-cellisten","status":"publish","type":"post","link":"https:\/\/www.germansuzuki.de\/?p=6718","title":{"rendered":"NEU!!! Vortragsst\u00fccke f\u00fcr junge Cellisten"},"content":{"rendered":"<p><a href=\"http:\/\/www.germansuzuki.com\/wp-content\/uploads\/2017\/01\/Cello_1A_Titel.jpg\"><img decoding=\"async\" loading=\"lazy\" class=\"aligncenter  wp-image-6719\" src=\"http:\/\/www.germansuzuki.com\/wp-content\/uploads\/2017\/01\/Cello_1A_Titel-724x1024.jpg\" alt=\"cello_Umschlag.indd\" width=\"450\" height=\"636\" srcset=\"https:\/\/www.germansuzuki.de\/wp-content\/uploads\/2017\/01\/Cello_1A_Titel-724x1024.jpg 724w, https:\/\/www.germansuzuki.de\/wp-content\/uploads\/2017\/01\/Cello_1A_Titel-212x300.jpg 212w\" sizes=\"(max-width: 450px) 100vw, 450px\" \/><\/a><\/p>\n<div id=\"content\" style=\"text-align: center;\">\n<p><strong>Die MP3-CD enth\u00e4lt sowohl St\u00fccke der Suzuki Celloschule, Band 1 als auch die wichtigsten Vorbereitungs\u00fcbungen sowie Zusatzliteratur in unterschiedlichen Tempi.<\/strong><\/p>\n<h2><strong><span style=\"color: #993300;\">ISTEX MUSIC PUBLICATIONS<\/span><\/strong><\/h2>\n<div id=\"content\" style=\"text-align: center;\">\n<div style=\"text-align: center;\">\n<p><strong><span style=\"color: #000000;\">Volume 1A\/\u00a0 Band 1A<\/span><\/strong><br \/>\n<strong><span style=\"color: #000000;\"> with\/ mit<\/span><\/strong><br \/>\n<strong><span style=\"color: #000000;\"> MP3 CD &amp; Digital Download<\/span><\/strong><\/p>\n<\/div>\n<h2><strong><span style=\"color: #993300;\">Bestellm\u00f6glichkeiten \/ Order possibilities<\/span><\/strong><\/h2>\n<p><strong><span style=\"color: #993300;\">Search for: wartberg music for young cellists<\/span><br \/>\nEUROPE:<\/strong> <a href=\"https:\/\/www.all-sheetmusic.com\/?utm_source=affiliate&amp;utm_medium=link&amp;utm_campaign=suzuki\" target=\"_blank\"><strong>www.all-sheetmusic.com<\/strong><br \/>\n<\/a><strong>GREAT BRITAIN: <a href=\"https:\/\/www.all-sheetmusic.com\/?utm_source=affiliate&amp;utm_medium=link&amp;utm_campaign=suzuki\" target=\"_blank\">www.all-sheetmusic.com<br \/>\n<\/a><\/strong><strong>FRANCE: <a href=\"https:\/\/www.partitions-musicales.net\/?utm_source=affiliate&amp;utm_medium=link&amp;utm_campaign=suzuki\" target=\"_blank\">www.partitions-musicales.net<br \/>\n<\/a><\/strong><strong>ITALY: <a href=\"https:\/\/www.partiture-musicali.com\/?utm_source=affiliate&amp;utm_medium=link&amp;utm_campaign=suzuki\" target=\"_blank\">www.partiture-musicali.com<br \/>\n<\/a><\/strong><strong>DEUTSCHLAND: <a href=\"http:\/\/bookshop.germansuzuki.com\/product_info.php?info=p349_Wartberg-Umanez-Vortragsstuecke-fuer-junge-Cellisten.html\" target=\"_blank\">www.bookshop.germansuzuki.com<\/a><\/strong><\/p>\n<h2><strong><span style=\"color: #993300;\">H\u00f6rbeispiele<\/span><\/strong><\/h2>\n<p><strong><a href=\"http:\/\/www.germansuzuki.com\/wp-content\/uploads\/2017\/01\/Step-by-Step_Cello_Endg\u00fcltig_06.mp3\">Rhythm on A<\/a> \/ <\/strong>Canci\u00f3n de la cuerda de La \/<br \/>\nRythme sur La \/ <strong><span style=\"color: #0000ff;\"><span style=\"color: #993300;\">Das A-Saiten-Liedchen<\/span><br \/>\n<\/span><\/strong>******************************<br \/>\n<strong><a href=\"http:\/\/www.germansuzuki.com\/wp-content\/uploads\/2017\/01\/Step-by-Step_Cello_Endg\u00fcltig_24.mp3\">The Theme with Rests Before the Fourth Finger <\/a>\/ <\/strong>El tema con pausas antes del cuatro dedo \/<br \/>\nLe th\u00e8me avec des silences avant le quatri\u00e8me doigt \/ <span style=\"color: #993300;\"><strong>Das Thema mit Pausen vor dem 4. Finger<\/strong><\/span><\/p>\n<\/div>\n<div style=\"text-align: center;\">******************************<\/div>\n<div style=\"text-align: center;\"><strong><a href=\"http:\/\/www.germansuzuki.com\/wp-content\/uploads\/2017\/01\/Step-by-Step_Cello_Endg\u00fcltig_31.mp3\">The Bell-Tone Scale<\/a> \/ <\/strong>La escala con el sonido campana \/<br \/>\nLa gamme avec un son de cloche \/ <span style=\"color: #993300;\"><strong>Die Glockentonleiter<\/strong><\/span><\/div>\n<div style=\"text-align: center;\">******************************<\/div>\n<div style=\"text-align: center;\"><strong><a href=\"http:\/\/www.germansuzuki.com\/wp-content\/uploads\/2017\/01\/Step-by-Step_Cello_Endg\u00fcltig_45.mp3\">Song of the Wind<\/a> <span style=\"color: #0000ff;\">(only piano accompaniment)<\/span> \/ <\/strong>El juez de Aranjuez \/<br \/>\nDoucement en aviron \/ <span style=\"color: #993300;\"><strong>Das Fuchslied (nur Klavierbegleitung)<br \/>\n<\/strong><\/span><\/div>\n<div style=\"text-align: center;\">******************************<\/div>\n<div><strong><a href=\"http:\/\/www.germansuzuki.com\/wp-content\/uploads\/2017\/01\/Step-by-Step_Cello_Endg\u00fcltig_47.mp3\">Go Tell Aunt Rhody<\/a> \/ <\/strong>Dile a t\u00eda Rodi \/<br \/>\nVas le dire \u00e0 Tante Rhody \/ <span style=\"color: #993300;\"><strong>Tante Rhody<\/strong><\/span><\/div>\n<h2 style=\"text-align: center;\"><strong><span style=\"color: #993300;\">Beispielseiten<\/span><\/strong><\/h2>\n<h2><a href=\"http:\/\/www.germansuzuki.com\/wp-content\/uploads\/2017\/01\/Cello-1.jpg\"><img decoding=\"async\" loading=\"lazy\" class=\"  wp-image-6740 aligncenter\" src=\"http:\/\/www.germansuzuki.com\/wp-content\/uploads\/2017\/01\/Cello-1-724x1024.jpg\" alt=\"Microsoft Word - 1-9_Cello.docx\" width=\"450\" height=\"636\" srcset=\"https:\/\/www.germansuzuki.de\/wp-content\/uploads\/2017\/01\/Cello-1-724x1024.jpg 724w, https:\/\/www.germansuzuki.de\/wp-content\/uploads\/2017\/01\/Cello-1-212x300.jpg 212w, https:\/\/www.germansuzuki.de\/wp-content\/uploads\/2017\/01\/Cello-1.jpg 1240w\" sizes=\"(max-width: 450px) 100vw, 450px\" \/><\/a><a href=\"http:\/\/www.germansuzuki.com\/wp-content\/uploads\/2017\/01\/Cello-7.jpg\"><img decoding=\"async\" loading=\"lazy\" class=\"  wp-image-6741 aligncenter\" src=\"http:\/\/www.germansuzuki.com\/wp-content\/uploads\/2017\/01\/Cello-7-724x1024.jpg\" alt=\"Microsoft Word - 1-9_Cello.docx\" width=\"450\" height=\"636\" srcset=\"https:\/\/www.germansuzuki.de\/wp-content\/uploads\/2017\/01\/Cello-7-724x1024.jpg 724w, https:\/\/www.germansuzuki.de\/wp-content\/uploads\/2017\/01\/Cello-7-212x300.jpg 212w, https:\/\/www.germansuzuki.de\/wp-content\/uploads\/2017\/01\/Cello-7.jpg 1240w\" sizes=\"(max-width: 450px) 100vw, 450px\" \/><\/a><a href=\"http:\/\/www.germansuzuki.com\/wp-content\/uploads\/2017\/01\/Cello-8.jpg\"><img decoding=\"async\" loading=\"lazy\" class=\"  wp-image-6742 aligncenter\" src=\"http:\/\/www.germansuzuki.com\/wp-content\/uploads\/2017\/01\/Cello-8-724x1024.jpg\" alt=\"Microsoft Word - 1-9_Cello.docx\" width=\"450\" height=\"637\" srcset=\"https:\/\/www.germansuzuki.de\/wp-content\/uploads\/2017\/01\/Cello-8-724x1024.jpg 724w, https:\/\/www.germansuzuki.de\/wp-content\/uploads\/2017\/01\/Cello-8-212x300.jpg 212w, https:\/\/www.germansuzuki.de\/wp-content\/uploads\/2017\/01\/Cello-8.jpg 1240w\" sizes=\"(max-width: 450px) 100vw, 450px\" \/><\/a><a href=\"http:\/\/www.germansuzuki.com\/wp-content\/uploads\/2017\/01\/Cello-10.jpg\"><img decoding=\"async\" loading=\"lazy\" class=\"  wp-image-6743 aligncenter\" src=\"http:\/\/www.germansuzuki.com\/wp-content\/uploads\/2017\/01\/Cello-10-724x1024.jpg\" alt=\"Microsoft Word - 1-9_Cello.docx\" width=\"450\" height=\"637\" srcset=\"https:\/\/www.germansuzuki.de\/wp-content\/uploads\/2017\/01\/Cello-10-724x1024.jpg 724w, https:\/\/www.germansuzuki.de\/wp-content\/uploads\/2017\/01\/Cello-10-212x300.jpg 212w, https:\/\/www.germansuzuki.de\/wp-content\/uploads\/2017\/01\/Cello-10.jpg 1240w\" sizes=\"(max-width: 450px) 100vw, 450px\" \/><\/a><\/h2>\n<h2><strong>Contents \u00b7 Contenido \u00b7 Sommaire \u00b7 Inhalt<\/strong><\/h2>\n<p><strong>1-4. Tuning notes A &#8211; D &#8211; G &#8211; C (A = 441 Hertz) \/ <\/strong>Notas para afinar La \u2013 Re \u2013 Sol \u2013 Do \/<br \/>\nNotes d&#8217;accord La \u2013 R\u00e9 \u2013 Sol \u2013 Do \/ Stimmt\u00f6ne A \u2013 D \u2013 G \u2013 C<\/p>\n<p><strong>\u00a0<\/strong><\/p>\n<ol start=\"5\">\n<li><strong> Rhythm on D<br \/>\n<\/strong>Canci\u00f3n de la cuerda de Re<br \/>\nRythme sur R\u00e9<br \/>\nDas D-Saiten-Liedchen<\/li>\n<\/ol>\n<p><strong>\u00a0<\/strong><\/p>\n<ol start=\"6\">\n<li><strong> Rhythm on A<br \/>\n<\/strong>Canci\u00f3n de la cuerda de La<br \/>\nRythme sur La<br \/>\nDas A-Saiten-Liedchen<\/li>\n<\/ol>\n<p><strong>\u00a0<\/strong><\/p>\n<ol start=\"7\">\n<li><strong> Rhythm on D and A<br \/>\n<\/strong>Canci\u00f3n con cambio de cuerdas<br \/>\nRythme sur R\u00e9 et La<br \/>\nDas Saitenwechsel-Liedchen<\/li>\n<\/ol>\n<p><strong>\u00a0<\/strong><\/p>\n<ol start=\"8\">\n<li><strong> Rhythm with Four Fingers<br \/>\n<\/strong>Canci\u00f3n con cuatro dedos<br \/>\nChanson des quatre doigts<br \/>\nDas Vier-Finger-Liedchen<\/li>\n<\/ol>\n<p><strong>\u00a0<\/strong><\/p>\n<ol start=\"9\">\n<li><strong> Rhythm on A and 1 <\/strong><strong><em>K. Wartberg<br \/>\n<\/em><\/strong>Canci\u00f3n con el primer dedo<br \/>\nChanson d&#8217;un doigt<br \/>\nDas Ein-Finger-Liedchen<\/li>\n<\/ol>\n<p><strong>\u00a0<\/strong><\/p>\n<ol start=\"10\">\n<li><strong> Rhythm on A and 4<br \/>\n<\/strong>Canci\u00f3n con la cuerda de La y el cuarto dedo<br \/>\nChanson des sans &#8211; quatre doigts<br \/>\nDas Null-Vier-Liedchen<\/li>\n<\/ol>\n<p><strong>\u00a0<\/strong><\/p>\n<ol start=\"11\">\n<li><strong> The First Variation with Rests<br \/>\n<\/strong>Primera variaci\u00f3n con pausas<br \/>\nLa premi\u00e8re variation avec des silences<br \/>\nDie erste Variation mit Pausen<\/li>\n<\/ol>\n<p><strong>\u00a0<\/strong><\/p>\n<ol start=\"12\">\n<li><strong> The Clapping Game<br \/>\n<\/strong>Juego con palmadas<br \/>\nLe jeu &#8222;Battre des Mains&#8220;<br \/>\nDas Klatschspiel<\/li>\n<\/ol>\n<p><strong>\u00a0<\/strong><\/p>\n<ol start=\"13\">\n<li><strong> Rhythm on A<br \/>\n<\/strong>Canci\u00f3n de la cuerda de La<br \/>\nRythme sur La<br \/>\nDas A-Saiten-Liedchen<\/li>\n<\/ol>\n<p><strong>\u00a0<\/strong><\/p>\n<ol start=\"14\">\n<li><strong> Rhythm with Four Fingers<br \/>\n<\/strong>Canci\u00f3n con cuatro dedos<br \/>\nChanson des quatre doigts<br \/>\nDas Vier-Finger-Liedchen<\/li>\n<\/ol>\n<p><strong>\u00a0<\/strong><\/p>\n<ol start=\"15\">\n<li><strong> Rhythm on A<br \/>\n<\/strong>Canci\u00f3n de la cuerda de La<br \/>\nRythme sur La<br \/>\nDas A-Saiten-Liedchen<\/li>\n<\/ol>\n<p><strong>\u00a0<\/strong><\/p>\n<ol start=\"16\">\n<li><strong> Rhythm with Four Fingers<br \/>\n<\/strong>Canci\u00f3n con cuatro dedos<br \/>\nChanson des quatre doigts<br \/>\nDas Vier-Finger-Liedchen<\/li>\n<\/ol>\n<p><strong>\u00a0<\/strong><\/p>\n<ol start=\"17\">\n<li><strong> Rhythm on D and A<br \/>\n<\/strong>Canci\u00f3n con cambio de cuerdas<br \/>\nRythme sur R\u00e9 et La<br \/>\nDas Saitenwechsel-Liedchen<\/li>\n<\/ol>\n<p><strong>\u00a0<\/strong><\/p>\n<ol start=\"18\">\n<li><strong> Rhythm with Four Fingers<br \/>\n<\/strong>Canci\u00f3n con cuatro dedos<br \/>\nChanson des quatre doigts<br \/>\nDas Vier-Finger-Liedchen<\/li>\n<\/ol>\n<p><strong>\u00a0<\/strong><\/p>\n<ol start=\"19\">\n<li><strong> The Theme on the Open A String<br \/>\n<\/strong>Tema en la cuerda La al aire<br \/>\nTh\u00e8me sur La \u00e0 vide<br \/>\nDas Thema auf der leeren A-Saite<\/li>\n<\/ol>\n<p><strong>\u00a0<\/strong><\/p>\n<p><strong>20\u201324. All Twinkle Variations and the Theme with Rests Before the Fourth Finger, <\/strong><strong><em>Folk Song<br \/>\n<\/em><\/strong>Todas las variaciones y el tema con pausas antes del cuarto dedo<br \/>\nToutes les variations et le th\u00e8me avec des silences avant le quatri\u00e8me doigt<br \/>\nAlle Variationen und das Thema mit Pausen vor dem 4. Finger<\/p>\n<p><strong>\u00a0<\/strong><\/p>\n<p><strong>25-29. All Twinkle Variations and the Theme &#8211; in practice tempo, <\/strong><strong><em>Folk Song<br \/>\n<\/em><\/strong>Todas las variaciones y el tema &#8211; tiempo medio<br \/>\nToutes les variations et le th\u00e8me &#8211; avec le tempo d&#8217;\u00e9tude<br \/>\nAlle Variationen und das Thema &#8211; im \u00dcbetempo<\/p>\n<p><strong>\u00a0<\/strong><\/p>\n<ol start=\"30\">\n<li><strong> All Twinkle Variations and the Theme &#8211; in performance tempo, <\/strong><strong><em>D. Andruss <\/em><\/strong>(Piano arrangement)<br \/>\nTodas las variaciones y el tema &#8211; &#8222;a tempo&#8220;<br \/>\nToutes les variations et le th\u00e8me &#8211; avec le tempo original<br \/>\nAlle Variationen und das Thema &#8211; im Vorspieltempo<\/li>\n<\/ol>\n<p><strong>\u00a0<\/strong><\/p>\n<ol start=\"31\">\n<li><strong> The Bell-Tone Scale, <\/strong><strong><em>K. Wartberg<br \/>\n<\/em><\/strong>La escala con el sonido campana<br \/>\nLa gamme avec un son de cloche<br \/>\nDie Glockentonleiter<\/li>\n<\/ol>\n<p><strong>\u00a0<\/strong><\/p>\n<p><strong>32-34. French Folk Song , <\/strong><strong><em>Folk Song <\/em><span style=\"color: #0000ff;\">(in 2 tempi)<br \/>\n<\/span><\/strong>Canci\u00f3n francesa<br \/>\nChanson Fran\u00e7aise<br \/>\nFranz\u00f6sisches Volkslied<\/p>\n<p><strong>\u00a0<\/strong><\/p>\n<ol start=\"35\">\n<li><strong> The Cuckoo Song, <\/strong><strong><em>V. Kimiti<br \/>\n<\/em><\/strong>Canci\u00f3n del cucu<br \/>\nLa chanson du coucou<br \/>\nDas Kuckuckslied<\/li>\n<\/ol>\n<p><strong>\u00a0<\/strong><\/p>\n<p><strong>36-39. Lightly Row, <\/strong><strong><em>Folk Song <\/em><span style=\"color: #0000ff;\">(in 3 tempi)<br \/>\n<\/span><\/strong>El juez de Aranjuez<br \/>\nDoucement en aviron<br \/>\nH\u00e4nschen klein<\/p>\n<p><strong>\u00a0<\/strong><\/p>\n<ol start=\"40\">\n<li><strong> The D Major Scale &#8211; The Little Doggy, <\/strong><strong><em>K. Wartberg<br \/>\n<\/em><\/strong>La escala en Re Mayor \u2013 El peque\u00f1o perrito<br \/>\nLa gamme R\u00e9 Majeur \u2013 Le petit chien<br \/>\nDie A-Dur Tonleiter \u2013 Das kleine H\u00fcndchen<\/li>\n<\/ol>\n<p><strong>\u00a0<\/strong><\/p>\n<ol start=\"41\">\n<li><strong> The Grasshopper Exercise, <\/strong><strong><em>K. Wartberg<br \/>\n<\/em><\/strong>El ejercicio del saltamontes<br \/>\nL&#8217;exercice du grillon sauteur<br \/>\nDie Grash\u00fcpfer-\u00dcbung<\/li>\n<\/ol>\n<p><strong>\u00a0<\/strong><\/p>\n<p><strong>42-45. Song of the Wind, <\/strong><strong><em>Folk Song <\/em><span style=\"color: #0000ff;\">(in 3 tempi)<br \/>\n<\/span><\/strong>El juez de Aranjuez<br \/>\nDoucement en aviron<br \/>\nDas Fuchslied<\/p>\n<p><strong>\u00a0<\/strong><\/p>\n<ol start=\"46\">\n<li><strong> Snow and Wind (on the D String), <\/strong><strong><em>K. Wartberg<br \/>\n<\/em><\/strong>Nieve y viento (sobre la cuerda de Re)<br \/>\nNeige et vent (sur la corde R\u00e9)<br \/>\nSchnee und Wind (auf der D-Saite)<\/li>\n<\/ol>\n<p><strong>\u00a0<\/strong><\/p>\n<p><strong>47-49. Go Tell Aunt Rhody, <\/strong><strong><em>Folk Song <\/em><span style=\"color: #0000ff;\">(in 2 tempi)<br \/>\n<\/span><\/strong>Dile a t\u00eda Rodi<br \/>\nVas le dire \u00e0 Tante Rhody<br \/>\nTante Rhody<\/p>\n<p><strong>\u00a0<\/strong><\/p>\n<ol start=\"50\">\n<li><strong> Snow and Wind (on the A String), <\/strong><strong><em>K. Wartberg<br \/>\n<\/em><\/strong>Nieve y viento (sobre la cuerda de La)<br \/>\nNeige et vent (sur la corde La)<br \/>\nSchnee und Wind (auf der A-Saite)<\/li>\n<\/ol>\n<p><strong>\u00a0<\/strong><\/p>\n<p><strong>51-53. Oh Come, Little Children, <\/strong><strong><em>Folk Song <\/em><span style=\"color: #0000ff;\">(in 2 tempi)<br \/>\n<\/span><\/strong>Venid ni\u00f1os<br \/>\nVenez, petits enfants<br \/>\nIhr Kinderlein kommet<\/p>\n<p><strong>\u00a0<\/strong><\/p>\n<ol start=\"54\">\n<li><strong> The First Finger-Dance <\/strong><strong><em>V. Kimiti<br \/>\n<\/em><\/strong>Primera danza de los dedos<br \/>\nLa premi\u00e8re danse des doigts<br \/>\nDas erste Fingert\u00e4nzchen<\/li>\n<\/ol>\n<p><strong>\u00a0<\/strong><\/p>\n<p><strong>55-58. May Song, <\/strong><strong><em>Folk Song <\/em><span style=\"color: #0000ff;\">(in 3 tempi)<br \/>\n<\/span><\/strong>Canci\u00f3n de mayo<br \/>\nChanson de mai<br \/>\nAlle V\u00f6gel sind schon da<\/p>\n<p><strong>\u00a0<\/strong><\/p>\n<ol start=\"59\">\n<li><strong> Thunderstorm (A Preparatory Song for &#8222;Allegro&#8220;), <\/strong><strong><em>K. Wartberg <\/em><span style=\"color: #0000ff;\">(in 3 tempi)<br \/>\n<\/span><\/strong>La tempestad (Canci\u00f3n preparatoria para &#8222;Allegro&#8220;)<br \/>\nLa chanson de l&#8217;orage (Une chanson de pr\u00e9paration \u00e0 &#8222;Allegro&#8220;)<br \/>\nDas Gewitterlied (Ein Lied zur Vorbereitung auf das &#8222;Allegro&#8220;)<\/li>\n<\/ol>\n<p><strong>\u00a0<\/strong><\/p>\n<p><strong>60-62. Allegro, <\/strong><strong><em>D. Andruss <\/em><\/strong>(Piano arrangement) <strong><span style=\"color: #0000ff;\">(in 3 tempi)<\/span><\/strong><\/p>\n<p><strong>\u00a0<\/strong><\/p>\n<p><strong>63-64. Long, Long Ago, <\/strong><strong><em>Folk Song<br \/>\n<\/em><\/strong>Hace mucho, mucho tiempo<br \/>\nIl y a tr\u00e8s longtemps<br \/>\nLang, lang ist\u2019s her<\/p>\n<p><strong>\u00a0<\/strong><\/p>\n<ol start=\"65\">\n<li><strong> The Theme in G Major<br \/>\n<\/strong>El Tema en sol mayor<br \/>\nLe Th\u00e8me en sol majeur<br \/>\nDas Thema in G-Dur<\/li>\n<\/ol>\n<p style=\"text-align: center;\">\n<\/div>\n<p>&nbsp;<\/p>\n","protected":false},"excerpt":{"rendered":"<p>Die MP3-CD enth\u00e4lt sowohl St\u00fccke der Suzuki Celloschule, Band 1 als auch die wichtigsten Vorbereitungs\u00fcbungen sowie Zusatzliteratur in unterschiedlichen Tempi. ISTEX MUSIC PUBLICATIONS Volume 1A\/\u00a0 Band 1A with\/ mit MP3&#8230;<\/p>\n","protected":false},"author":2,"featured_media":0,"comment_status":"open","ping_status":"open","sticky":false,"template":"","format":"standard","meta":[],"categories":[3,8],"tags":[],"_links":{"self":[{"href":"https:\/\/www.germansuzuki.de\/index.php?rest_route=\/wp\/v2\/posts\/6718"}],"collection":[{"href":"https:\/\/www.germansuzuki.de\/index.php?rest_route=\/wp\/v2\/posts"}],"about":[{"href":"https:\/\/www.germansuzuki.de\/index.php?rest_route=\/wp\/v2\/types\/post"}],"author":[{"embeddable":true,"href":"https:\/\/www.germansuzuki.de\/index.php?rest_route=\/wp\/v2\/users\/2"}],"replies":[{"embeddable":true,"href":"https:\/\/www.germansuzuki.de\/index.php?rest_route=%2Fwp%2Fv2%2Fcomments&post=6718"}],"version-history":[{"count":58,"href":"https:\/\/www.germansuzuki.de\/index.php?rest_route=\/wp\/v2\/posts\/6718\/revisions"}],"predecessor-version":[{"id":6857,"href":"https:\/\/www.germansuzuki.de\/index.php?rest_route=\/wp\/v2\/posts\/6718\/revisions\/6857"}],"wp:attachment":[{"href":"https:\/\/www.germansuzuki.de\/index.php?rest_route=%2Fwp%2Fv2%2Fmedia&parent=6718"}],"wp:term":[{"taxonomy":"category","embeddable":true,"href":"https:\/\/www.germansuzuki.de\/index.php?rest_route=%2Fwp%2Fv2%2Fcategories&post=6718"},{"taxonomy":"post_tag","embeddable":true,"href":"https:\/\/www.germansuzuki.de\/index.php?rest_route=%2Fwp%2Fv2%2Ftags&post=6718"}],"curies":[{"name":"wp","href":"https:\/\/api.w.org\/{rel}","templated":true}]}}