{"id":6700,"date":"2016-12-22T21:20:38","date_gmt":"2016-12-22T19:20:38","guid":{"rendered":"http:\/\/www.germansuzuki.com\/?p=6700"},"modified":"2016-12-22T21:23:25","modified_gmt":"2016-12-22T19:23:25","slug":"rueckblick-auf-die-8-istex-konferenz","status":"publish","type":"post","link":"https:\/\/www.germansuzuki.de\/?p=6700","title":{"rendered":"R\u00fcckblick auf die 8. ISTEX-Konferenz"},"content":{"rendered":"<h2 style=\"text-align: center;\"><span id=\"result_box\" class=\"\" lang=\"de\"><span title=\"8th International Suzuki Teachers EXchange Conference in Germany\n\">8. Internationale Suzuki Lehrer-Konferenz in Deutschland<br \/>\n<\/span><span title=\"October 28 - 31, 2016\n\n\">28. &#8211; 31.\u00a0Oktober 2016<\/span><\/span><\/h2>\n<p style=\"text-align: justify;\"><span id=\"result_box\" class=\"\" lang=\"de\"><span title=\"October 28 - 31, 2016\n\n\"><a href=\"http:\/\/www.germansuzuki.com\/wp-content\/uploads\/2016\/12\/Paula_neu.jpg\"><img decoding=\"async\" loading=\"lazy\" class=\"aligncenter  wp-image-6701\" src=\"http:\/\/www.germansuzuki.com\/wp-content\/uploads\/2016\/12\/Paula_neu-1024x724.jpg\" alt=\"Filmbilder.indd\" width=\"381\" height=\"269\" srcset=\"https:\/\/www.germansuzuki.de\/wp-content\/uploads\/2016\/12\/Paula_neu-1024x724.jpg 1024w, https:\/\/www.germansuzuki.de\/wp-content\/uploads\/2016\/12\/Paula_neu-300x212.jpg 300w\" sizes=\"(max-width: 381px) 100vw, 381px\" \/><\/a><\/span><\/span><\/p>\n<p><span title=\"This video is based on excerpts of the Teach Suzuki podcast by Paula E. Bird,\n\"><span title=\"Paula Bird speaks about her experiences at the 8th annual conference of the International Suzuki Teachers Exchange in Remscheid, Germany at the end of October 2016 and relates details of the events that she attended and the people that she met and learned from.\n\"><em><strong>Paula E. Bird<\/strong><\/em>, Professorin an der Texas State University, USA, berichtet begeistert in dem Podcast <a href=\"http:\/\/www.stitcher.com\/podcast\/teach-suzuki-podcast\">&#8222;Teach Suzuki&#8220; <\/a>von ihren Eindr\u00fccken, die sie als Dozentin und Teilnehmerin w\u00e4hrend der Konferenz gewinnen konnte. Im Zentrum stehen die pers\u00f6nlichen Begegnungen mit Kollegen aus aller Welt sowie die vielen positiven fachlichen Anregungen.<\/span><\/span><\/p>\n<p style=\"text-align: justify;\"><span id=\"result_box\" class=\"\" lang=\"de\"><span title=\"Texas State University\n\">Viel Vergn\u00fcgen bei <span title=\"This video is based on excerpts of the Teach Suzuki podcast by Paula E. Bird,\n\"><span title=\"Paula Bird speaks about her experiences at the 8th annual conference of the International Suzuki Teachers Exchange in Remscheid, Germany at the end of October 2016 and relates details of the events that she attended and the people that she met and learned from.\n\">Paula E. Bird<\/span><\/span>s lebendigem Bericht, der die anregende, positive Atmosph\u00e4re des Lehrer-Workshops widerspiegelt.<\/span><\/span><\/p>\n<p><span title=\"http:\/\/teachsuzuki.blogspot.com\n\n\">\u00a0<\/span><\/p>\n<p><iframe loading=\"lazy\" src=\"https:\/\/www.youtube.com\/embed\/cYm6qagQATQ\" width=\"604\" height=\"340\" frameborder=\"0\" allowfullscreen=\"allowfullscreen\"><\/iframe><\/p>\n<p>&nbsp;<\/p>\n<p style=\"text-align: center;\"><span id=\"result_box\" class=\"\" lang=\"de\"><strong><span title=\"http:\/\/teachsuzuki.blogspot.com\n\n\">S<\/span><\/strong><span title=\"She offers a suggestion about why attending such an important conference is important for Suzuki teachers and invites teachers already now to the next conference:\n\"><strong>chon jetzt m\u00f6chten wir alle Suzuki-Lehrer zur n\u00e4chsten Konferenz einladen:<\/strong><br \/>\n<\/span><\/span><\/p>\n<blockquote>\n<h2 style=\"text-align: center;\"><span id=\"result_box\" class=\"\" lang=\"de\"><span title=\"October 27 - 30, 2017\n\">27. &#8211; 30. Oktober 2017<br \/>\n<\/span><span title=\"9th International Suzuki Teachers Exchange Conference in Germany\n\"><strong>9. Internationale Suzuki-Lehrer-Konferenz<\/strong> <\/span><\/span><\/h2>\n<p style=\"text-align: center;\"><strong><span id=\"result_box\" class=\"\" lang=\"de\"><span title=\"9th International Suzuki Teachers Exchange Conference in Germany\n\">Akademie Remscheid<\/span><span title=\"LET US WORK TOGETHER!\n\n\"><br \/>\n<\/span><span title=\"www.istex-group.de\">www.istex-group.de<\/span><\/span><\/strong><\/p><\/blockquote>\n","protected":false},"excerpt":{"rendered":"<p>8. Internationale Suzuki Lehrer-Konferenz in Deutschland 28. &#8211; 31.\u00a0Oktober 2016 Paula E. Bird, Professorin an der Texas State University, USA, berichtet begeistert in dem Podcast &#8222;Teach Suzuki&#8220; von ihren Eindr\u00fccken,&#8230;<\/p>\n","protected":false},"author":2,"featured_media":0,"comment_status":"open","ping_status":"open","sticky":false,"template":"","format":"standard","meta":[],"categories":[3],"tags":[],"_links":{"self":[{"href":"https:\/\/www.germansuzuki.de\/index.php?rest_route=\/wp\/v2\/posts\/6700"}],"collection":[{"href":"https:\/\/www.germansuzuki.de\/index.php?rest_route=\/wp\/v2\/posts"}],"about":[{"href":"https:\/\/www.germansuzuki.de\/index.php?rest_route=\/wp\/v2\/types\/post"}],"author":[{"embeddable":true,"href":"https:\/\/www.germansuzuki.de\/index.php?rest_route=\/wp\/v2\/users\/2"}],"replies":[{"embeddable":true,"href":"https:\/\/www.germansuzuki.de\/index.php?rest_route=%2Fwp%2Fv2%2Fcomments&post=6700"}],"version-history":[{"count":11,"href":"https:\/\/www.germansuzuki.de\/index.php?rest_route=\/wp\/v2\/posts\/6700\/revisions"}],"predecessor-version":[{"id":6712,"href":"https:\/\/www.germansuzuki.de\/index.php?rest_route=\/wp\/v2\/posts\/6700\/revisions\/6712"}],"wp:attachment":[{"href":"https:\/\/www.germansuzuki.de\/index.php?rest_route=%2Fwp%2Fv2%2Fmedia&parent=6700"}],"wp:term":[{"taxonomy":"category","embeddable":true,"href":"https:\/\/www.germansuzuki.de\/index.php?rest_route=%2Fwp%2Fv2%2Fcategories&post=6700"},{"taxonomy":"post_tag","embeddable":true,"href":"https:\/\/www.germansuzuki.de\/index.php?rest_route=%2Fwp%2Fv2%2Ftags&post=6700"}],"curies":[{"name":"wp","href":"https:\/\/api.w.org\/{rel}","templated":true}]}}