{"id":6671,"date":"2016-12-21T19:26:56","date_gmt":"2016-12-21T17:26:56","guid":{"rendered":"http:\/\/www.germansuzuki.com\/?p=6671"},"modified":"2016-12-21T19:30:29","modified_gmt":"2016-12-21T17:30:29","slug":"workshop-fuer-junge-streicher-im-april-2017","status":"publish","type":"post","link":"https:\/\/www.germansuzuki.de\/?p=6671","title":{"rendered":"Workshop f\u00fcr junge Streicher im April 2017"},"content":{"rendered":"<h2 style=\"text-align: center;\"><strong>Suzuki-Tage an der Mosel<\/strong><\/h2>\n<p>Vom 20.-23. April 2017 finden im Raum Koblenz (in Kobern-Gondorf) Suzuki-Tage statt.<\/p>\n<blockquote>\n<h2 style=\"text-align: center;\"><span style=\"color: #0000ff;\">Dozenten:<\/span><\/h2>\n<p style=\"text-align: center;\"><span style=\"color: #000000;\">Michael Hoover<\/span><br \/>\n<span style=\"color: #000000;\"> Janine Zillmann<\/span><br \/>\n<span style=\"color: #000000;\"> David Rodriguez Toledo<\/span><br \/>\n<span style=\"color: #000000;\"> Gino Romero Ramirez<\/span><br \/>\n<span style=\"color: #000000;\"> Mizuki Ideue<\/span><\/p>\n<\/blockquote>\n<h2 style=\"text-align: center;\">Flyer und Anmeldformular: <strong><a href=\"http:\/\/www.germansuzuki.com\/wp-content\/uploads\/2016\/12\/Ausschreibung-Workshop-Junge-Streicher.pdf\">Download<\/a><\/strong><\/h2>\n<p><img decoding=\"async\" loading=\"lazy\" class=\"shrinkToFit aligncenter\" src=\"http:\/\/www.allegranza.de\/img\/david0.jpg\" alt=\"http:\/\/www.allegranza.de\/img\/david0.jpg\" width=\"338\" height=\"225\" \/><\/p>\n<div style=\"text-align: center;\" data-canvas-width=\"499.19730324689004\">K\u00fcnstlerisch-p\u00e4dagogische Leitung: David Rodr\u00edguez<\/div>\n<div style=\"text-align: center;\" data-canvas-width=\"552.9065817668827\">Telefon: 02607 \/ 9747170<\/div>\n<div style=\"text-align: center;\" data-canvas-width=\"142.80001865127733\">david@allegranza.de<\/div>\n<h2 style=\"text-align: center;\">Anmeldung bis 28. Februar 2017 an:<\/h2>\n<h2 style=\"text-align: center; padding-left: 30px;\"><img decoding=\"async\" loading=\"lazy\" class=\" aligncenter\" src=\"http:\/\/www.kms-myk.de\/kms_myk\/Logo%20KMS.png?resize=800x600\" alt=\"\" width=\"180\" height=\"147\" \/><\/h2>\n<div data-canvas-width=\"246.59976646630722\">\n<h2 style=\"text-align: center;\">Kreismusikschule Mayen-Koblenz<\/h2>\n<p style=\"text-align: center;\">Breite Stra\u00dfe 109<br \/>\n56626 Andernach<br \/>\nTelefon: 02632 \/ 95740-0<br \/>\nE-Mail: info@kms-myk.de<\/p>\n<\/div>\n","protected":false},"excerpt":{"rendered":"<p>Suzuki-Tage an der Mosel Vom 20.-23. April 2017 finden im Raum Koblenz (in Kobern-Gondorf) Suzuki-Tage statt. Dozenten: Michael Hoover Janine Zillmann David Rodriguez Toledo Gino Romero Ramirez Mizuki Ideue Flyer&#8230;<\/p>\n","protected":false},"author":2,"featured_media":0,"comment_status":"open","ping_status":"open","sticky":false,"template":"","format":"standard","meta":[],"categories":[9],"tags":[],"_links":{"self":[{"href":"https:\/\/www.germansuzuki.de\/index.php?rest_route=\/wp\/v2\/posts\/6671"}],"collection":[{"href":"https:\/\/www.germansuzuki.de\/index.php?rest_route=\/wp\/v2\/posts"}],"about":[{"href":"https:\/\/www.germansuzuki.de\/index.php?rest_route=\/wp\/v2\/types\/post"}],"author":[{"embeddable":true,"href":"https:\/\/www.germansuzuki.de\/index.php?rest_route=\/wp\/v2\/users\/2"}],"replies":[{"embeddable":true,"href":"https:\/\/www.germansuzuki.de\/index.php?rest_route=%2Fwp%2Fv2%2Fcomments&post=6671"}],"version-history":[{"count":25,"href":"https:\/\/www.germansuzuki.de\/index.php?rest_route=\/wp\/v2\/posts\/6671\/revisions"}],"predecessor-version":[{"id":6699,"href":"https:\/\/www.germansuzuki.de\/index.php?rest_route=\/wp\/v2\/posts\/6671\/revisions\/6699"}],"wp:attachment":[{"href":"https:\/\/www.germansuzuki.de\/index.php?rest_route=%2Fwp%2Fv2%2Fmedia&parent=6671"}],"wp:term":[{"taxonomy":"category","embeddable":true,"href":"https:\/\/www.germansuzuki.de\/index.php?rest_route=%2Fwp%2Fv2%2Fcategories&post=6671"},{"taxonomy":"post_tag","embeddable":true,"href":"https:\/\/www.germansuzuki.de\/index.php?rest_route=%2Fwp%2Fv2%2Ftags&post=6671"}],"curies":[{"name":"wp","href":"https:\/\/api.w.org\/{rel}","templated":true}]}}