{"id":6539,"date":"2016-12-05T12:52:24","date_gmt":"2016-12-05T10:52:24","guid":{"rendered":"http:\/\/www.germansuzuki.com\/?p=6539"},"modified":"2016-12-18T18:41:33","modified_gmt":"2016-12-18T16:41:33","slug":"unser-mitglied-gino-romero-ramirez-erhielt-das-verdienstkreuz","status":"publish","type":"post","link":"https:\/\/www.germansuzuki.de\/?p=6539","title":{"rendered":"Unser Mitglied Gino Romero Ramirez erhielt das Bundesverdienstkreuz"},"content":{"rendered":"<p><a href=\"http:\/\/www.germansuzuki.com\/wp-content\/uploads\/2016\/12\/Gino_Bundesverdienstkreuz_.jpg\"><img decoding=\"async\" loading=\"lazy\" class=\"alignleft  wp-image-6566\" src=\"http:\/\/www.germansuzuki.com\/wp-content\/uploads\/2016\/12\/Gino_Bundesverdienstkreuz_-300x225.jpg\" alt=\"gino_bundesverdienstkreuz_\" width=\"359\" height=\"269\" srcset=\"https:\/\/www.germansuzuki.de\/wp-content\/uploads\/2016\/12\/Gino_Bundesverdienstkreuz_-300x225.jpg 300w, https:\/\/www.germansuzuki.de\/wp-content\/uploads\/2016\/12\/Gino_Bundesverdienstkreuz_.jpg 960w\" sizes=\"(max-width: 359px) 100vw, 359px\" \/><\/a><\/p>\n<p>&nbsp;<\/p>\n<p><a href=\"http:\/\/www.germansuzuki.com\/wp-content\/uploads\/2016\/12\/Gino_Bundesverdienstkreuz2.jpg\"><img decoding=\"async\" loading=\"lazy\" class=\"  wp-image-6541 alignnone\" src=\"http:\/\/www.germansuzuki.com\/wp-content\/uploads\/2016\/12\/Gino_Bundesverdienstkreuz2.jpg\" alt=\"gino_bundesverdienstkreuz2\" width=\"359\" height=\"240\" srcset=\"https:\/\/www.germansuzuki.de\/wp-content\/uploads\/2016\/12\/Gino_Bundesverdienstkreuz2.jpg 980w, https:\/\/www.germansuzuki.de\/wp-content\/uploads\/2016\/12\/Gino_Bundesverdienstkreuz2-300x200.jpg 300w\" sizes=\"(max-width: 359px) 100vw, 359px\" \/><\/a><\/p>\n<p>&nbsp;<\/p>\n<h2>HERZLICHEN GL\u00dcCKWUNSCH, lieber Gino!<\/h2>\n<p>Am 4. Oktober 2016 zeichnete Bundespr\u00e4sident Joachim Gauck B\u00fcrgerinnen und B\u00fcrger mit dem Verdienstorden der Bundesrepublik Deutschland im Berliner Schloss Bellevue aus, die sich <abbr>u.a.<\/abbr> im sozialen Bereich sowie in Wissenschaft und Kultur verdient gemacht haben, sich f\u00fcr die Einhaltung der Menschenrechte, in humanit\u00e4ren Organisationen und in der Fl\u00fcchtlingshilfe in herausragender Weise engagieren.<\/p>\n<p>Unser Mitglied Gino Romero Ramirez war unter den Ausgezeichneten. Zusammen mit seiner Kollegin Patricia Renz initiierte er im Jahr 2002 Musica Altona, ein interkulturelles Kinder- und Jugendprojekt in sozialen Brennpunkten, das jungen Menschen jeglicher Herkunft in Hamburg Instrumentalunterricht und gemeinsames Musizieren erm\u00f6glicht. Mit ihrem Engagement er\u00f6ffnen sie vielen jungen Menschen nicht nur den Zugang zur Musik, sondern vermitteln ihnen dabei auch Gemeinschaftssinn und Toleranz.<\/p>\n<p><iframe loading=\"lazy\" width=\"1080\" height=\"810\" src=\"https:\/\/www.youtube.com\/embed\/3GTBecLITWo?feature=oembed\" frameborder=\"0\" allow=\"autoplay; encrypted-media\" allowfullscreen><\/iframe><\/p>\n<p>Musica Altona schafft es immer wieder, Kinder zu au\u00dfergew\u00f6hnlichen Leistungen zu f\u00fchren, ihnen Erfolgserlebnisse zu verschaffen und auf diese Weise Integration Wirklichkeit werden zu lassen.<br \/>\nWir freuen uns mit Gino, denn seine Arbeit repr\u00e4sentiert auch eine der Aufgabenstellungen der DSG: Kinder und Jugendliche jeglicher Herkunft an gemeinsames Musizieren heranzuf\u00fchren und durch das Erlernen eines Musikinstruments Freude, Vertrauen in die eigene Leistungsf\u00e4higkeit und \u00fcbergeordnete Werte zu vermitteln.<\/p>\n<p>Bei Gino sind alle Kinder herzlich willkommen und werden unabh\u00e4ngig von Nationalit\u00e4t und sozialem Hintergrund mit offenen Armen empfangen. Sie erhalten Musikunterricht, schlie\u00dfen Freundschaften, werden Teil einer Gemeinschaft und machen die Erfahrung, wie es ist, auf der B\u00fchne zu spielen. Sie wachsen mit Vertrauen in die Zukunft auf und lassen eine Br\u00fccke zur Gesellschaft entstehen. Ein echter Beitrag zur Integration in unsere Gesellschaft \u2013 dies war einer der ausschlaggebenden Gr\u00fcnde f\u00fcr die Verleihung des Bundesverdienstkreuzes.<\/p>\n<h2><a href=\"http:\/\/www.germansuzuki.com\/wp-content\/uploads\/2016\/12\/Gino_Zeitungsbericht_2016.pdf\">Hamburger Abendblatt<\/a><br \/>\nSonnabend\/Sonntag\/Montag, 1.\/2.\/3. Oktober 2016, S. 19<\/h2>\n","protected":false},"excerpt":{"rendered":"<p>&nbsp; &nbsp; HERZLICHEN GL\u00dcCKWUNSCH, lieber Gino! Am 4. Oktober 2016 zeichnete Bundespr\u00e4sident Joachim Gauck B\u00fcrgerinnen und B\u00fcrger mit dem Verdienstorden der Bundesrepublik Deutschland im Berliner Schloss Bellevue aus, die sich&#8230;<\/p>\n","protected":false},"author":2,"featured_media":0,"comment_status":"open","ping_status":"open","sticky":false,"template":"","format":"standard","meta":[],"categories":[3,19],"tags":[],"_links":{"self":[{"href":"https:\/\/www.germansuzuki.de\/index.php?rest_route=\/wp\/v2\/posts\/6539"}],"collection":[{"href":"https:\/\/www.germansuzuki.de\/index.php?rest_route=\/wp\/v2\/posts"}],"about":[{"href":"https:\/\/www.germansuzuki.de\/index.php?rest_route=\/wp\/v2\/types\/post"}],"author":[{"embeddable":true,"href":"https:\/\/www.germansuzuki.de\/index.php?rest_route=\/wp\/v2\/users\/2"}],"replies":[{"embeddable":true,"href":"https:\/\/www.germansuzuki.de\/index.php?rest_route=%2Fwp%2Fv2%2Fcomments&post=6539"}],"version-history":[{"count":16,"href":"https:\/\/www.germansuzuki.de\/index.php?rest_route=\/wp\/v2\/posts\/6539\/revisions"}],"predecessor-version":[{"id":6625,"href":"https:\/\/www.germansuzuki.de\/index.php?rest_route=\/wp\/v2\/posts\/6539\/revisions\/6625"}],"wp:attachment":[{"href":"https:\/\/www.germansuzuki.de\/index.php?rest_route=%2Fwp%2Fv2%2Fmedia&parent=6539"}],"wp:term":[{"taxonomy":"category","embeddable":true,"href":"https:\/\/www.germansuzuki.de\/index.php?rest_route=%2Fwp%2Fv2%2Fcategories&post=6539"},{"taxonomy":"post_tag","embeddable":true,"href":"https:\/\/www.germansuzuki.de\/index.php?rest_route=%2Fwp%2Fv2%2Ftags&post=6539"}],"curies":[{"name":"wp","href":"https:\/\/api.w.org\/{rel}","templated":true}]}}