{"id":6492,"date":"2016-11-27T21:57:48","date_gmt":"2016-11-27T19:57:48","guid":{"rendered":"http:\/\/www.germansuzuki.com\/?p=6492"},"modified":"2017-02-02T12:44:59","modified_gmt":"2017-02-02T10:44:59","slug":"violin-teacher-training-fruehlingskurse-in-der-akademie-remscheid","status":"publish","type":"post","link":"https:\/\/www.germansuzuki.de\/?p=6492","title":{"rendered":"Violin Teacher Training &#8211; Fr\u00fchlingskurse in der Akademie Remscheid"},"content":{"rendered":"<h2 style=\"text-align: center;\"><strong>INTERNATIONAL SUZUKI TEACHERS EXCHANGE<\/strong><\/h2>\n<h2 style=\"text-align: center;\"><strong><a href=\"http:\/\/oxid.germansuzuki.de\/deutsch\">Online-Anmeldung<\/a><\/strong><\/h2>\n<p>&nbsp;<\/p>\n<h2 style=\"text-align: center;\">Anmeldeschluss ist der 10. Februar 2017<\/h2>\n<p style=\"text-align: center;\"><strong>Weitere Informationen erhalten Sie \u00fcber folgende Email-Adresse:<br \/>\n<span style=\"color: #000000;\">info@germansuzuki.com<\/span><br \/>\n<\/strong><\/p>\n<p style=\"text-align: center;\"><a href=\"http:\/\/www.germansuzuki.com\/wp-content\/uploads\/2016\/11\/RS-Spring_R_kleiner2.jpg\"><img decoding=\"async\" loading=\"lazy\" class=\"  wp-image-6517 aligncenter\" src=\"http:\/\/www.germansuzuki.com\/wp-content\/uploads\/2016\/11\/RS-Spring_R_kleiner2-724x1024.jpg\" alt=\"RS-Spring.indd\" width=\"371\" height=\"550\" \/><\/a><\/p>\n<h2><strong>Lehrerkurse f\u00fcr Violine<br \/>\n<\/strong><\/h2>\n<p style=\"text-align: left;\" align=\"center\"><strong>Beginn: Samstag, 29. April 2017, 14:30 Uhr<\/strong><br \/>\n<strong> Ende: Montag, 01. Mai 2017, 13:30 Uhr<\/strong><\/p>\n<p style=\"text-align: justify;\">Diese Kurse richten sich an Suzuki-Violinlehrer, die ein besonderes Repertoire erarbeiten oder bestimmte Inhalte wiederholen und vertiefen wollen.<\/p>\n<p style=\"text-align: justify;\">Auch wenn Sie bereits die betreffenden Lehrerkurse besucht haben, so wird Ihnen die Wiederholung mit einem anderen Teacher Trainer sicher neue Anregungen geben k\u00f6nnen, denn jeder Teacher Trainer setzt seine pers\u00f6nlichen Schwerpunkte und wird diese auf seine eigene Art und Weise pr\u00e4sentieren. Deshalb bieten solche\u00a0Wiederholungskurse gute M\u00f6glichkeiten, das eigene Spektrum zu erweitern und andere Sichtweisen\u00a0 kennenzulernen.<\/p>\n<div id=\"gt-res-content\">\n<div dir=\"ltr\">\n<h2><strong>Wir bieten vier unterschiedliche Lehrerkurse an<br \/>\n<\/strong><\/h2>\n<\/div>\n<div dir=\"ltr\"><strong>Kurs A:<\/strong> <span style=\"color: #0000ff;\"><strong>Heft 1<\/strong><\/span> mit dem Schwerpunkt auf den St\u00fccken Nr. 10 bis 17<br \/>\n<strong>Kurs B:<\/strong><span style=\"color: #0000ff;\"><strong> Heft 2<\/strong><\/span> mit dem Schwerpunkt auf den St\u00fccken Nr. 1, 7 bis 12<br \/>\n<strong>Kurs C:<span style=\"color: #0000ff;\"> Heft 5<\/span><\/strong> mit dem Schwerpunkt auf den St\u00fccken Nr. 1, 2, 3A, 3B und 4<br \/>\n<strong>Kurs D: <span style=\"color: #0000ff;\">Heft 7<\/span>\u00a0<\/strong>mit dem Schwerpunkt auf dem Mozart-Menuett und dem Bach Violin-Konzert a-Moll (alle S\u00e4tze)<\/div>\n<\/div>\n<div id=\"content\">\n<div id=\"post-1814\" class=\"post\">\n<div class=\"entry\">\n<p>Da diese Kurse gleichzeitig stattfinden, k\u00f6nnen Sie sich nur f\u00fcr EINEN Kurs anmelden.<\/p>\n<p><strong>Kursgeb\u00fchr: Der Preis inkl. Fr\u00fchbucher-Rabatt betr\u00e4gt 190,00 \u20ac.<\/strong><\/p>\n<\/div>\n<\/div>\n<\/div>\n<h2 style=\"text-align: left;\"><strong>Einzelunterricht<br \/>\nmit individuellem Unterrichtsprogramm<\/strong><\/h2>\n<p>Da <span style=\"color: #0000ff;\"><strong>die Pl\u00e4tze f\u00fcr den Einzelunterricht begrenzt<\/strong> <strong>sind<\/strong><\/span>, m\u00fcssen wir zun\u00e4chst feststellen, wie viele Personen an diesem Angebot interessiert sind. Wir bitten Sie deshalb, sich noch nicht fest anzumelden, sondern uns zun\u00e4chst eine Email zu schreiben, damit wir \u00fcber den Bedarf einen \u00dcberblick erhalten.<\/p>\n<p>Bitte teilen Sie uns in dieser Email mit, welche St\u00fccke oder an welchen besonderen Themen Sie im EU schwerpunktm\u00e4\u00dfig arbeiten wollen (z.B. allgemeine Geigentechnik, Pr\u00fcfungsst\u00fccke, Zusatzrepertoire).<\/p>\n<blockquote>\n<p style=\"text-align: center;\">Bitte senden Sie diese Email an Herrn Stefan Kalkbrenner<br \/>\n<strong><span style=\"color: #000000;\"><a href=\"mailto:info@germansuzuki.com\">info@germansuzuki.com<\/a><\/span><\/strong><\/p>\n<\/blockquote>\n<p>Sie haben drei Wahlm\u00f6glichkeiten:<\/p>\n<p><strong>Einzelunterricht<\/strong><strong>\u00a0A<\/strong><strong>:<\/strong> (Fr. &#8211; Sa., 28.04 &#8211; 29.04.2017)\u00a0 <strong>=\u00a0\u00a0\u00a0 70,00 \u20ac<br \/>\n<\/strong><strong>Einzelunterricht B<\/strong><strong>:<\/strong> (Sa. &#8211; Mo., 29.04 &#8211; 01.05.2017) <strong>= 200,00 \u20ac<br \/>\nEinzelunterricht <\/strong><strong>C<\/strong><strong>:<\/strong> (Fr. &#8211; Mo., 28.04 &#8211; 01.05.2017)<strong>\u00a0 = 260,00 \u20ac<\/strong><\/p>\n<p>Da die <strong>Einzelunterrichtsveranstaltungen B &amp; C<\/strong> und die <strong>Lehrerkurse A-D<\/strong> gleichzeitig stattfinden, k\u00f6nnen Sie sich entweder f\u00fcr die <strong>Einzelunterrichtsveranstaltungen B &amp; C<\/strong> oder f\u00fcr die <strong>Lehrerkurse<\/strong> anmelden.<\/p>\n<h2 style=\"text-align: left;\"><strong>Unterkunft und Verpflegung<br \/>\nin der Akademie Remscheid<\/strong><\/h2>\n<p><span style=\"color: #0000ff;\"><strong>Sa. &#8211; Mo., 29.04 &#8211; 01.05.2017<\/strong><\/span><br \/>\nDOPPELZIMMER inkl. Verpflegung (pro Person): 126,00 \u20ac<br \/>\nEINZELZIMMER inkl. Verpflegung: 138,00 \u20ac<\/p>\n<p><strong><span style=\"color: #0000ff;\">Fr. &#8211; Mo.: 28.04 &#8211; 01.05.2017<\/span><\/strong><br \/>\nDOPPELZIMMER inkl. Verpflegung (pro Person): 189,00 \u20ac<br \/>\nEINZELZIMMER inkl. Verpflegung: 215,00 \u20ac<\/p>\n<p><span style=\"color: #0000ff;\"><strong>Donnerstagabend &#8211; Mo.: 27.04 &#8211; 01.05.2017<\/strong><\/span><br \/>\nDOPPELZIMMER inkl. Verpflegung (pro Person): 229,00 \u20ac<br \/>\nEINZELZIMMER inkl. Verpflegung: 260,00 \u20ac<\/p>\n<h2><strong>Mahlzeiten f\u00fcr Kursteilnehmer,<br \/>\n<strong>die NICHT in der Akademie \u00fcbernachten:<\/strong><\/strong><\/h2>\n<p>Mahlzeiten Sa. \u2013 Mo. \u00a0= 44,00 \u20ac<br \/>\nMahlzeiten Fr. \u2013 Mo.\u00a0 = 66,00 \u20ac<\/p>\n<h2 style=\"text-align: left;\"><strong><a href=\"http:\/\/oxid.germansuzuki.de\/deutsch\">Online-Anmeldung<\/a><\/strong><\/h2>\n<p><strong>Dozenten:<\/strong><strong><br \/>\nKerstin Wartberg, Rudolf G\u00e4hler und ISTEX Teacher Trainer<br \/>\n<\/strong><\/p>\n<p><strong><a href=\"http:\/\/www.germansuzuki.com\/wp-content\/uploads\/2016\/11\/Akademie_Klein.jpg\"><img decoding=\"async\" loading=\"lazy\" class=\"alignleft  wp-image-6601\" src=\"http:\/\/www.germansuzuki.com\/wp-content\/uploads\/2016\/11\/Akademie_Klein-300x225.jpg\" alt=\"akademie_klein\" width=\"204\" height=\"153\" \/><\/a><br \/>\n<\/strong><strong>Tagungsort:<br \/>\nAkademie Remscheid f\u00fcr musische Bildung und Medienerziehung<br \/>\nK\u00fcppelstein 34<br \/>\nD-42857 Remscheid<br \/>\nDeutschland<br \/>\n<\/strong><\/p>\n<p><span style=\"color: #ffffff;\">1<\/span><br \/>\n<span style=\"color: #ffffff;\">1<\/span><\/p>\n<p><strong>Unterrichtssprachen<\/strong><strong>:<br \/>\nDeutsch und Englisch<br \/>\n<\/strong><\/p>\n<h4><em>Wir w\u00fcrden uns freuen,<br \/>\nSie bei den Fr\u00fchlingslehrerkursen 2017 begr\u00fc\u00dfen zu k\u00f6nnen!<\/em><\/h4>\n<p><strong>Noch Fragen? Bitte schreiben Sie uns eine Email an<br \/>\n<span style=\"color: #000000;\"><a href=\"mailto:info@germansuzuki.com\">info@germansuzuki.com<\/a><\/span><\/strong><\/p>\n<p>&nbsp;<\/p>\n<p>&nbsp;<\/p>\n<h2><a href=\"http:\/\/en.germansuzuki.com\/wp-content\/uploads\/2014\/10\/index.jpg\"><img decoding=\"async\" loading=\"lazy\" class=\"wp-image-1485 alignleft\" style=\"border: 10 px solid black;\" src=\"http:\/\/en.germansuzuki.com\/wp-content\/uploads\/2014\/10\/index.jpg\" alt=\"index\" width=\"91\" height=\"91\" \/><\/a><a href=\"https:\/\/www.facebook.com\/groups\/362815390754879\/\">International Music Teachers Exchange<\/a><\/h2>\n","protected":false},"excerpt":{"rendered":"<p>INTERNATIONAL SUZUKI TEACHERS EXCHANGE Online-Anmeldung &nbsp; Anmeldeschluss ist der 10. Februar 2017 Weitere Informationen erhalten Sie \u00fcber folgende Email-Adresse: info@germansuzuki.com Lehrerkurse f\u00fcr Violine Beginn: Samstag, 29. April 2017, 14:30 Uhr&#8230;<\/p>\n","protected":false},"author":2,"featured_media":6601,"comment_status":"open","ping_status":"open","sticky":false,"template":"","format":"standard","meta":[],"categories":[21,9],"tags":[],"_links":{"self":[{"href":"https:\/\/www.germansuzuki.de\/index.php?rest_route=\/wp\/v2\/posts\/6492"}],"collection":[{"href":"https:\/\/www.germansuzuki.de\/index.php?rest_route=\/wp\/v2\/posts"}],"about":[{"href":"https:\/\/www.germansuzuki.de\/index.php?rest_route=\/wp\/v2\/types\/post"}],"author":[{"embeddable":true,"href":"https:\/\/www.germansuzuki.de\/index.php?rest_route=\/wp\/v2\/users\/2"}],"replies":[{"embeddable":true,"href":"https:\/\/www.germansuzuki.de\/index.php?rest_route=%2Fwp%2Fv2%2Fcomments&post=6492"}],"version-history":[{"count":45,"href":"https:\/\/www.germansuzuki.de\/index.php?rest_route=\/wp\/v2\/posts\/6492\/revisions"}],"predecessor-version":[{"id":6798,"href":"https:\/\/www.germansuzuki.de\/index.php?rest_route=\/wp\/v2\/posts\/6492\/revisions\/6798"}],"wp:featuredmedia":[{"embeddable":true,"href":"https:\/\/www.germansuzuki.de\/index.php?rest_route=\/wp\/v2\/media\/6601"}],"wp:attachment":[{"href":"https:\/\/www.germansuzuki.de\/index.php?rest_route=%2Fwp%2Fv2%2Fmedia&parent=6492"}],"wp:term":[{"taxonomy":"category","embeddable":true,"href":"https:\/\/www.germansuzuki.de\/index.php?rest_route=%2Fwp%2Fv2%2Fcategories&post=6492"},{"taxonomy":"post_tag","embeddable":true,"href":"https:\/\/www.germansuzuki.de\/index.php?rest_route=%2Fwp%2Fv2%2Ftags&post=6492"}],"curies":[{"name":"wp","href":"https:\/\/api.w.org\/{rel}","templated":true}]}}