{"id":6483,"date":"2016-12-11T21:52:52","date_gmt":"2016-12-11T19:52:52","guid":{"rendered":"http:\/\/www.germansuzuki.com\/?p=6483"},"modified":"2016-12-14T11:42:27","modified_gmt":"2016-12-14T09:42:27","slug":"schueler-und-lehrer-workshops-in-der-naehe-von-london","status":"publish","type":"post","link":"https:\/\/www.germansuzuki.de\/?p=6483","title":{"rendered":"Sch\u00fcler- und Lehrer-Workshops in der N\u00e4he von London"},"content":{"rendered":"<p><img decoding=\"async\" loading=\"lazy\" class=\"alignnone\" src=\"http:\/\/en.germansuzuki.com\/wp-content\/uploads\/2016\/12\/The-Oratory-School_Reading-UK-2.jpg\" alt=\"\" width=\"582\" height=\"391\" \/><\/p>\n<p style=\"text-align: center;\">Vom <span style=\"color: #0000ff;\"><strong>18.-19. Februar 2017<\/strong><\/span> finden in Reading (Gro\u00dfbritannien) unter der Leitung von Dr. Claudio Forcada<br \/>\n<span style=\"color: #0000ff;\"><strong>in Kooperation mit ISTEX<\/strong> <\/span>verschiedene Workshops f\u00fcr Suzuki-Sch\u00fcler und -Lehrer statt:<\/p>\n<blockquote>\n<h2 style=\"text-align: center;\"><strong>Scherzo 2017<br \/>\n<\/strong><span style=\"color: #0000ff;\">Workshop f\u00fcr junge Geiger im Alter von 3 bis 17 Jahren<\/span><br \/>\n<span style=\"color: #000000;\"><a style=\"color: #000000;\" href=\"http:\/\/www.germansuzuki.com\/wp-content\/uploads\/2016\/11\/Brochure-Scherzo-2017-v2.pdf\">Anmeldeformular\/Brosch\u00fcre<\/a><\/span><\/h2>\n<\/blockquote>\n<p style=\"text-align: center;\"><a href=\"http:\/\/www.germansuzuki.com\/wp-content\/uploads\/2016\/05\/ISTEX_thumb.jpg\"><img decoding=\"async\" loading=\"lazy\" class=\"  wp-image-6297 aligncenter\" src=\"http:\/\/www.germansuzuki.com\/wp-content\/uploads\/2016\/05\/ISTEX_thumb.jpg\" alt=\"Istext_LOGO_mit_Bl\u00fcten.indd\" width=\"125\" height=\"117\" \/><\/a><\/p>\n<p style=\"text-align: center;\"><span style=\"color: #0000ff;\"><strong>Dozenten<br \/>\n<\/strong><\/span>Kerstin Wartberg<br \/>\nClaudio Forcada<br \/>\nHelen Hines<br \/>\nKimberley Wong<br \/>\nNancy Borrett<br \/>\nAnna del Nevo<br \/>\nAnna Mullaney<br \/>\nSue Hunt<\/p>\n<blockquote>\n<h2 style=\"text-align: center;\"><strong>String Pedagogy Seminar for Teachers <\/strong><br \/>\n<span style=\"color: #0000ff;\">Workshop f\u00fcr Lehrer<br \/>\n<\/span><span style=\"color: #000000;\"><a style=\"color: #000000;\" href=\"http:\/\/www.germansuzuki.com\/wp-content\/uploads\/2016\/12\/SPS-2017-v2.pdf\">Anmeldeformular\/Brosch\u00fcre<\/a><\/span><\/h2>\n<\/blockquote>\n<p style=\"text-align: center;\">Die Anmeldefrist endet am 31. Januar 2017.<\/p>\n<p style=\"text-align: center;\"><strong><span style=\"color: #0000ff;\">Dozenten<\/span><\/strong><br \/>\n<span style=\"color: #0000ff;\">Kerstin Wartberg:<\/span><br \/>\n<em>Internationally renowned Suzuki teacher trainer and author.<\/em><br \/>\n<em> Mrs Wartberg,\u00a0key speaker in this 8th edition of SPS,<br \/>\nwill give six talks on the following topics:<\/em><\/p>\n<p style=\"text-align: center;\">\u201cThe Journey Through Pre-Twinkle\u201d (I and II)<br \/>\n\u201cStep by Step books 1 to 3\u201d<br \/>\n\u201cRecital Training\u201d, \u201cEnjoying violin technique\u201d (intermediate level).<\/p>\n<p style=\"text-align: center;\"><strong><span style=\"color: #0000ff;\">Other sessions<\/span><\/strong><br \/>\n\u201cRolland Pedagogy\u201d<br \/>\n<span style=\"color: #0000ff;\">Dr. Claudio Forcada:<\/span><br \/>\n<em>Professor of string pedagogy and music education at the Valencian International University. Director of Studio Forcada (London).<\/em><\/p>\n<p style=\"text-align: center;\"><span style=\"color: #0000ff;\"><span style=\"color: #000000;\">\u201cHelping children with home practice\u201d<\/span><br \/>\nHelen Hines:<\/span><br \/>\n<em>Director of the North Reading Suzuki Group.<br \/>\n<\/em><br \/>\nActivities of the SPS include observation of the<br \/>\nchildren lessons at the \u201cScherzo\u201d workshop.<\/p>\n<p style=\"text-align: center;\">********************************<\/p>\n<p style=\"text-align: center;\">Vom <span style=\"color: #0000ff;\"><strong>4. &#8211; 11. August 2017 <\/strong><\/span>findet ebenfalls in Reading (Gro\u00dfbritannien) folgende Veranstaltung statt:<\/p>\n<blockquote>\n<h2 style=\"text-align: center;\"><strong>Music in Progress<\/strong><br \/>\nSch\u00fcler-Workshop f\u00fcr junge Geiger und Pianisten im Alter von 3 bis 17 Jahren<br \/>\n<span style=\"color: #000000;\"><a style=\"color: #000000;\" href=\"http:\/\/www.germansuzuki.com\/wp-content\/uploads\/2016\/12\/Music-in-Progress-2017-Revised.pdf\">Anmeldeformular\/Brosch\u00fcre<\/a><\/span><\/h2>\n<\/blockquote>\n<div style=\"text-align: center;\"><span data-ft=\"{&quot;tn&quot;:&quot;K&quot;}\"><span class=\"UFICommentBody\">~~~~~~~~~~~~~~~~~~<\/span><\/span><span data-ft=\"{&quot;tn&quot;:&quot;K&quot;}\"><span class=\"UFICommentBody\">~~~~~~~~~~~~~~~~~~~~~~<\/span><\/span><\/div>\n<div style=\"text-align: center;\"><span data-ft=\"{&quot;tn&quot;:&quot;K&quot;}\"><span data-ft=\"{&quot;tn&quot;:&quot;K&quot;}\"><span data-ft=\"{&quot;tn&quot;:&quot;K&quot;}\"><span data-ft=\"{&quot;tn&quot;:&quot;K&quot;}\"><span data-ft=\"{&quot;tn&quot;:&quot;K&quot;}\"><span class=\"UFICommentBody\"><br \/>\n<strong>Hier k\u00f6nnen Sie sich online anmelden:<br \/>\n<\/strong><\/span><\/span><\/span><\/span><\/span><\/span><br \/>\n<span data-ft=\"{&quot;tn&quot;:&quot;K&quot;}\"><span data-ft=\"{&quot;tn&quot;:&quot;K&quot;}\"><span data-ft=\"{&quot;tn&quot;:&quot;K&quot;}\"><span data-ft=\"{&quot;tn&quot;:&quot;K&quot;}\"><span data-ft=\"{&quot;tn&quot;:&quot;K&quot;}\"><span class=\"UFICommentBody\"><strong>Scherzo workshop (Sch\u00fcler-Anmeldung):<\/strong><br \/>\n<a class=\"\" dir=\"ltr\" href=\"http:\/\/l.facebook.com\/l.php?u=http%3A%2F%2Fwww.violinwithhelen.co.uk%2Fscherzo2017-students.html&amp;h=DAQFazYoW\" target=\"_blank\" rel=\"nofollow\">http:\/\/www.violinwithhelen.co.uk\/scherzo2017-students.html<br \/>\n<\/a><\/span><\/span><\/span><\/span><\/span><\/span><br \/>\n<span data-ft=\"{&quot;tn&quot;:&quot;K&quot;}\"><span data-ft=\"{&quot;tn&quot;:&quot;K&quot;}\"><span data-ft=\"{&quot;tn&quot;:&quot;K&quot;}\"><span data-ft=\"{&quot;tn&quot;:&quot;K&quot;}\"><span data-ft=\"{&quot;tn&quot;:&quot;K&quot;}\"><span data-ft=\"{&quot;tn&quot;:&quot;K&quot;}\"><span class=\"UFICommentBody\"><strong>Scherzo workshop (Lehrer-Anmeldung):<\/strong><br \/>\n<a class=\"\" dir=\"ltr\" href=\"http:\/\/l.facebook.com\/l.php?u=http%3A%2F%2Fwww.violinwithhelen.co.uk%2Fscherzo2017-teachers.html&amp;h=6AQGbHXKQ\" target=\"_blank\" rel=\"nofollow\">http:\/\/www.violinwithhelen.co.uk\/scherzo2017-teachers.html<\/a><\/span><\/span><\/span><\/span><\/span><\/span><\/span>&nbsp;<\/p>\n<p><strong>Music in Progress International Summer School (<span data-ft=\"{&quot;tn&quot;:&quot;K&quot;}\"><span class=\"UFICommentBody\">Sch\u00fcler<\/span><\/span><span data-ft=\"{&quot;tn&quot;:&quot;K&quot;}\"><span class=\"UFICommentBody\">-Anmeldung<\/span><\/span>):<\/strong><br \/>\n<a class=\"\" dir=\"ltr\" href=\"http:\/\/l.facebook.com\/l.php?u=http%3A%2F%2Fwww.violinwithhelen.co.uk%2Fmip2017.html&amp;h=eAQEmI6Ln\" target=\"_blank\" rel=\"nofollow\">http:\/\/www.violinwithhelen.co.uk\/mip2017.html<\/a><\/div>\n","protected":false},"excerpt":{"rendered":"<p>Vom 18.-19. Februar 2017 finden in Reading (Gro\u00dfbritannien) unter der Leitung von Dr. Claudio Forcada in Kooperation mit ISTEX verschiedene Workshops f\u00fcr Suzuki-Sch\u00fcler und -Lehrer statt: Scherzo 2017 Workshop f\u00fcr&#8230;<\/p>\n","protected":false},"author":2,"featured_media":0,"comment_status":"open","ping_status":"open","sticky":false,"template":"","format":"standard","meta":[],"categories":[21,3,9],"tags":[],"_links":{"self":[{"href":"https:\/\/www.germansuzuki.de\/index.php?rest_route=\/wp\/v2\/posts\/6483"}],"collection":[{"href":"https:\/\/www.germansuzuki.de\/index.php?rest_route=\/wp\/v2\/posts"}],"about":[{"href":"https:\/\/www.germansuzuki.de\/index.php?rest_route=\/wp\/v2\/types\/post"}],"author":[{"embeddable":true,"href":"https:\/\/www.germansuzuki.de\/index.php?rest_route=\/wp\/v2\/users\/2"}],"replies":[{"embeddable":true,"href":"https:\/\/www.germansuzuki.de\/index.php?rest_route=%2Fwp%2Fv2%2Fcomments&post=6483"}],"version-history":[{"count":30,"href":"https:\/\/www.germansuzuki.de\/index.php?rest_route=\/wp\/v2\/posts\/6483\/revisions"}],"predecessor-version":[{"id":6608,"href":"https:\/\/www.germansuzuki.de\/index.php?rest_route=\/wp\/v2\/posts\/6483\/revisions\/6608"}],"wp:attachment":[{"href":"https:\/\/www.germansuzuki.de\/index.php?rest_route=%2Fwp%2Fv2%2Fmedia&parent=6483"}],"wp:term":[{"taxonomy":"category","embeddable":true,"href":"https:\/\/www.germansuzuki.de\/index.php?rest_route=%2Fwp%2Fv2%2Fcategories&post=6483"},{"taxonomy":"post_tag","embeddable":true,"href":"https:\/\/www.germansuzuki.de\/index.php?rest_route=%2Fwp%2Fv2%2Ftags&post=6483"}],"curies":[{"name":"wp","href":"https:\/\/api.w.org\/{rel}","templated":true}]}}