{"id":6470,"date":"2016-10-12T12:33:02","date_gmt":"2016-10-12T10:33:02","guid":{"rendered":"http:\/\/www.germansuzuki.com\/?p=6470"},"modified":"2016-10-12T12:33:23","modified_gmt":"2016-10-12T10:33:23","slug":"2-international-music-winterschool","status":"publish","type":"post","link":"https:\/\/www.germansuzuki.de\/?p=6470","title":{"rendered":"Second International Music Winterschool"},"content":{"rendered":"<p>Vom 02. &#8211; 07. Januar 2017 findet in Interlaken (Berner Oberland\/SCHWEIZ) die 2. International Music Winterschool statt. Es handelt sich dabei um ein eine Verbindung von Musizieren, \u00dcben und Ferien zusammen mit renommierten Suzuki-Lehrkr\u00e4ften aus ganz Europa. Es wird u.a. t\u00e4glicher Unterricht in Masterclasses angeboten, ebenso ein gro\u00dfes Abschlusskonzert.<\/p>\n<p>Dozenten:<\/p>\n<p>-Agathe Jerie (Schweiz)<br \/>\n-Ewa Tosik-Warszawiak (Island, Polen)<br \/>\n-Sigismond Cachot (Frankreich)<br \/>\n-Meisterkurs: Alex van Wijnkoop<\/p>\n<p>N\u00e4here Informationen zu den Kursgeb\u00fchren etc. finden Sie <a href=\"http:\/\/www.germansuzuki.com\/wp-content\/uploads\/2016\/10\/Anmeldung-Winterschool-2016-Kopie.pdf\">hier<\/a>.<\/p>\n","protected":false},"excerpt":{"rendered":"<p>Vom 02. &#8211; 07. Januar 2017 findet in Interlaken (Berner Oberland\/SCHWEIZ) die 2. International Music Winterschool statt. Es handelt sich dabei um ein eine Verbindung von Musizieren, \u00dcben und Ferien&#8230;<\/p>\n","protected":false},"author":2,"featured_media":0,"comment_status":"open","ping_status":"open","sticky":false,"template":"","format":"standard","meta":[],"categories":[9],"tags":[],"_links":{"self":[{"href":"https:\/\/www.germansuzuki.de\/index.php?rest_route=\/wp\/v2\/posts\/6470"}],"collection":[{"href":"https:\/\/www.germansuzuki.de\/index.php?rest_route=\/wp\/v2\/posts"}],"about":[{"href":"https:\/\/www.germansuzuki.de\/index.php?rest_route=\/wp\/v2\/types\/post"}],"author":[{"embeddable":true,"href":"https:\/\/www.germansuzuki.de\/index.php?rest_route=\/wp\/v2\/users\/2"}],"replies":[{"embeddable":true,"href":"https:\/\/www.germansuzuki.de\/index.php?rest_route=%2Fwp%2Fv2%2Fcomments&post=6470"}],"version-history":[{"count":2,"href":"https:\/\/www.germansuzuki.de\/index.php?rest_route=\/wp\/v2\/posts\/6470\/revisions"}],"predecessor-version":[{"id":6474,"href":"https:\/\/www.germansuzuki.de\/index.php?rest_route=\/wp\/v2\/posts\/6470\/revisions\/6474"}],"wp:attachment":[{"href":"https:\/\/www.germansuzuki.de\/index.php?rest_route=%2Fwp%2Fv2%2Fmedia&parent=6470"}],"wp:term":[{"taxonomy":"category","embeddable":true,"href":"https:\/\/www.germansuzuki.de\/index.php?rest_route=%2Fwp%2Fv2%2Fcategories&post=6470"},{"taxonomy":"post_tag","embeddable":true,"href":"https:\/\/www.germansuzuki.de\/index.php?rest_route=%2Fwp%2Fv2%2Ftags&post=6470"}],"curies":[{"name":"wp","href":"https:\/\/api.w.org\/{rel}","templated":true}]}}