{"id":6261,"date":"2016-04-30T14:49:11","date_gmt":"2016-04-30T12:49:11","guid":{"rendered":"http:\/\/www.germansuzuki.com\/?p=6261"},"modified":"2016-09-17T12:34:35","modified_gmt":"2016-09-17T10:34:35","slug":"einfuehrungskurs-in-die-suzuki-methode-kompaktseminar-fuer-geiger-und-cellisten","status":"publish","type":"post","link":"https:\/\/www.germansuzuki.de\/?p=6261","title":{"rendered":"Kompaktseminar f\u00fcr Geiger und Cellisten"},"content":{"rendered":"<h2><strong><span style=\"color: #0000ff;\">29.10.-30.10.2016<\/span><\/strong><\/h2>\n<p><span style=\"color: #000000;\"><span style=\"color: #0000ff;\"><strong>Beginn: <\/strong><span style=\"color: #000000;\">Samstag, den<\/span> <\/span>29. Oktober 2016, Beginn 14:30 Uhr<strong><br \/>\n<span style=\"color: #0000ff;\">Ende: <\/span><\/strong>Sonntag, den 30. Oktober 2016, Ende 15:00 Uhr<\/span><\/p>\n<p>&nbsp;<\/p>\n<h2><span style=\"color: #993300;\"><span style=\"color: #993300;\"><strong><a href=\"http:\/\/oxid.germansuzuki.de\/deutschkompakt\">Online-Kursanmeldung 2016<\/a><\/strong><\/span><\/span><\/h2>\n<p>&nbsp;<\/p>\n<h2><span style=\"color: #993300;\"><strong>Einf\u00fchrungskurs in die Suzuki-Methode<\/strong><\/span><\/h2>\n<p style=\"text-align: justify;\"><span style=\"color: #000000;\"><strong>Suzukis Unterrichtskonzept<\/strong>, auch <em>Muttersprachenmethode<\/em> genannt, hat sich in vielen L\u00e4ndern der Welt durchgesetzt und ist u.a. wegen seiner Systematik sehr beliebt. Es bietet den interessierten Lehrern einen Schatz an jahrzehntelangen Erfahrungen im Bereich der <strong>Breiten- aber auch der Begabtenf\u00f6rderung <\/strong>und der <strong>Kombination von Gruppen- und Einzelunterricht.<\/strong><\/span><\/p>\n<p style=\"text-align: justify;\"><span style=\"color: #000000;\">Ein wesentliches Merkmal der Muttersprachenmethode ist der Verzicht auf Noten w\u00e4hrend der ersten Unterrichtszeit. Beim Musizieren stehen die Schulung des Geh\u00f6rs, die Konzentration auf den Rhythmus und die Intonation, die Haltung, der Bewegungsablauf beim Spielen, der Klang und der Ausdruck im Vordergrund.<\/span><\/p>\n<p style=\"text-align: justify;\"><span style=\"color: #000000;\">So gehen die <strong>elementaren Zusammenh\u00e4nge <\/strong>zwischen <strong>H\u00f6ren, Vorstellen, F\u00fchlen und Spielen<\/strong> unmittelbar ineinander \u00fcber. Von Anfang an erlebt Ihr Kind die Musik als ein lebendiges Ganzes und mu\u00df sie sich <em>nicht analytisch<\/em> erarbeiten.<\/span><\/p>\n<p style=\"text-align: justify;\"><span style=\"color: #000000;\">Auch dieser Schritt kann von dem <strong>nat\u00fcrlichen Vorgang des Sprechenlernens<\/strong> abgeleitet werden: <strong>Zuerst Sprechen, danach Lesen<\/strong>. Die Teilnehmer erhalten schwerpunktm\u00e4\u00dfig einen Einblick in die Unterstufenarbeit, aber auch Ausblicke in die Mittel- und Oberstufe.<br \/>\n<\/span><\/p>\n<p><iframe loading=\"lazy\" width=\"1080\" height=\"608\" src=\"https:\/\/www.youtube.com\/embed\/n_YNAjnLsck?feature=oembed\" frameborder=\"0\" allow=\"autoplay; encrypted-media\" allowfullscreen><\/iframe><\/p>\n<p style=\"text-align: justify;\"><span style=\"color: #000000;\"><br \/>\n<strong>Kursleitung Violoncello:<\/strong> Erika Umanez<br \/>\n<strong>Kursleitung Violine:<\/strong> Kerstin Wartberg<br \/>\n<\/span><\/p>\n<p style=\"text-align: justify;\"><span style=\"color: #000000;\"><strong>Bitte bringen Sie Ihr Instrument mit, da wir viele \u00dcbungen und Unterrichtsspiele ausprobieren wollen!<\/strong><\/span><\/p>\n<h2><span style=\"color: #993300;\"><strong>Weitere Konferenz-Beitr\u00e4ge u.a.:<\/strong><\/span><\/h2>\n<p><span style=\"color: #000000;\"><strong>Musikunterricht mit ADS\/ADHS-Kindern<em><br \/>\nProblematisches Verhalten: Konfliktl\u00f6sungen im Unterrichtsalltag<\/em><\/strong><\/span><br \/>\n<span style=\"color: #000000;\"> Referentin ist die Musikschul-Leiterin und Kinder\u00e4rztin Dr. <em>Ingrid Schlenk<\/em><\/span><\/p>\n<p><span style=\"color: #000000;\"><strong><br \/>\nWie mache ich mich als Instrumentallehrer selbst\u00e4ndig?<br \/>\nWie gr\u00fcnde ich eine eigene Musikschule?<em><br \/>\nReferat und Einzelberatung<\/em><\/strong><\/span><br \/>\n<span style=\"color: #000000;\"> Referentin ist die Musikschul-Leiterin und Kinder\u00e4rztin Dr. <em>Ingrid Schlenk<\/em><\/span><\/p>\n<p><strong>Spielerischer Unterricht mit Vorschulkindern<\/strong><br \/>\nDie Chance der fr\u00fchen Jahre nutzen<br \/>\n<span style=\"color: #000000;\"> Erfahrene Fr\u00fchinstrumentalp\u00e4dagogen geben Einblicke in ihre Unterrichtsmodelle<\/span><\/p>\n<p><span style=\"color: #000000;\"><img decoding=\"async\" loading=\"lazy\" class=\"alignnone\" src=\"http:\/\/www.germansuzuki.com\/wp-content\/uploads\/2012\/09\/100_days_practice-e1438358719553.jpg\" alt=\"\" width=\"200\" height=\"133\" \/><\/span><\/p>\n<p><span style=\"color: #000000;\"><strong><em><br \/>\n<\/em>Die besten Unterrichtsideen f\u00fcr junge Geigensch\u00fcler bei Suzuki und Rolland (Teil 1)<em><br \/>\nReferat und praktische \u00dcbungen<\/em><\/strong><\/span><br \/>\n<span style=\"color: #000000;\"> Referent ist der spanische Suzuki- und Rolland-Lehrer Dr. <em>Claudio Forcada, <\/em>der seine Doktorarbeit \u00fcber die Gegens\u00e4tze und verbindenden Elemente beider Methoden geschrieben hat.<\/span><\/p>\n<p>Wir haben f\u00fcr Sie ein kompaktes Programm zusammengestellt, das von der instrumentalen Fr\u00fcherziehung bis hin zur Verbesserung Ihrer eigenen instrumentalen Spielf\u00e4higkeit reicht.<\/p>\n<p>In der Kursgeb\u00fchr ist umfangreiches Material in Form von Notenheften, B\u00fcchern und Videos enthalten. <strong><br \/>\n<\/strong><\/p>\n<p><span style=\"color: #000000;\"><strong>Damit Sie sich ein Bild machen k\u00f6nnen, wie die Arbeit mit \u00e4lteren Sch\u00fclern, d.h. mit den Inhalten der Mittelstufe aussieht, wollen wir Ihnen ebenso Einblicke in diesen Bereich vermitteln und Ihnen zwischendurch die Gelegenheit geben, an einigen ausgew\u00e4hlten Unterrichtsstunden des amerikanischen Geigers f\u00fcr Sch\u00fcler und Lehrer teilzunehmen:<br \/>\n<\/strong><\/span><\/p>\n<h2><span style=\"color: #993300;\"><strong>Kurs mit Brian LEWIS<\/strong><\/span><\/h2>\n<p><span style=\"color: #993300;\"><span style=\"color: #000000;\">Ein Geiger, dessen musikalische Entwicklung von den beiden gro\u00dfen P\u00e4dagogen <\/span><strong>Dorothy DeLay und Shinichi Suzuki <\/strong><span style=\"color: #000000;\">nachhaltig gepr\u00e4gt wurde.<strong><br \/>\n<\/strong><\/span><\/span><\/p>\n<p style=\"text-align: justify;\">Der Violinist und P\u00e4dagoge <a href=\"https:\/\/suzukiassociation.org\/news\/author\/brian-lewis\/\"><b>BRIAN LEWIS<\/b><\/a><b>, <\/b> der in zahlreichen Medien als einer der vielseitigsten und charismatischsten Geiger unserer Zeit bezeichnet wird, zeigt auf unserer Konferenz die ganze Palette seiner au\u00dferordentlichen Begabungen: Er wird w\u00e4hrend der Konferenz Vortr\u00e4ge halten, konzertieren, Zusatzliteratur und Technik mit den Teilnehmern erarbeiten sowie Meisterkurse f\u00fcr Sch\u00fcler und Lehrer geben.<br \/>\nBrian Lewis ist \u00fcbrigens der Sohn von <span style=\"color: #000000;\">Alice Joy Lewis<\/span>, einer in den Vereinigten Staaten sehr bekannten Pionierin der Suzuki-Methode.<\/p>\n<p><strong><a href=\"http:\/\/en.germansuzuki.com\/wp-content\/uploads\/2015\/05\/Lewis_Brian.jpg\"><img decoding=\"async\" loading=\"lazy\" class=\"alignnone size-full wp-image-1708\" src=\"http:\/\/en.germansuzuki.com\/wp-content\/uploads\/2015\/05\/Lewis_Brian.jpg\" alt=\"Brian Lewis, pedagogy session, 2011 Starling Delay Symposium\" width=\"424\" height=\"318\" \/><\/a><\/strong><\/p>\n<p><strong><br \/>\n<\/strong><\/p>\n<h2><span style=\"color: #993300;\"><strong>Zus\u00e4tzliches Angebot f\u00fcr interessierte Violinlehrer<\/strong><\/span><\/h2>\n<p><span style=\"color: #000000;\"><span style=\"color: #993300;\"><strong>Beginn: <\/strong><\/span>Sonntag, 30. Oktober 2016, 16:00 Uhr<strong><br \/>\n<span style=\"color: #993300;\"><strong>Ende: <\/strong><\/span><\/strong>Montag, 31. Okto<\/span><span style=\"color: #000000;\">ber 2016, 13:30 Uhr<\/span><\/p>\n<h2 style=\"text-align: left;\"><span style=\"color: #000000;\"><span style=\"color: #0000ff;\"><b><span style=\"color: #993300;\">Intensivkurs:<br \/>\nDas erste Unterrichtsjahr<\/span> <\/b><\/span> <\/span><\/h2>\n<p style=\"color: #000000; text-align: justify;\"><span style=\"color: #000000;\">Der Lernerfolg eines jungen Sch\u00fclers h\u00e4ngt von der F\u00e4higkeit des Lehrers ab, die Inhalte des 1. Bandes der Suzuki Violinschule lebendig zu vermitteln. Erfahrene Suzuki-Lehrer aus verschiedenen europ\u00e4ischen L\u00e4ndern und den USA berichten \u00fcber ihre ganz pers\u00f6nlichen Wege f\u00fcr die Gestaltung des ersten Unterrichtsjahres.<\/span><\/p>\n<p>Dieser Intensivkurs ist den wichtigsten Unterrichtspunkten, insbesondere der Pre-Twinkle-Phase, gewidmet. Den Teilnehmern werden neue und kreative Wege vorgestellt, um jungen Kindern Klangqualit\u00e4t, Musikalit\u00e4t und Technik nahezubringen.<\/p>\n<p><iframe loading=\"lazy\" src=\"https:\/\/www.youtube.com\/embed\/RwC5VNyhilo\" width=\"622\" height=\"350\" frameborder=\"0\" allowfullscreen=\"allowfullscreen\"><\/iframe><\/p>\n<p style=\"text-align: justify;\"><span style=\"color: #000000;\">Interessante Kursschwerpunkte sind neue Lehrmaterialien f\u00fcr junge Geigenanf\u00e4nger, die von Kerstin Wartberg und Charles Krigbaum entwickelt wurden. Es werden Videos, MP3-Dateien, neue Pre-Twinkle-Liedchen, Noten sowie Spiele f\u00fcr den Unterricht und das t\u00e4gliche \u00dcben vorgestellt und stehen allen Teilnehmern als Kursmaterial zur Verf\u00fcgung. Ein Beispiel aus dieser Sammlung stellt dieses Video dar und zeigt, wie den Kindern der Weg erleichtert und versch\u00f6nert werden kann.<br \/>\n<\/span><\/p>\n<h2><span style=\"color: #993300;\"><strong>Kursgeb\u00fchren<\/strong><\/span><\/h2>\n<p><strong>Kurs B:<\/strong> Sa.\/So.: Kompaktseminar f\u00fcr Geiger und Cellisten<br \/>\n120.00 \u20ac<\/p>\n<p><strong>Kurs C:<\/strong> So.\/Mo.: Intensivkurs f\u00fcr Suzuki-Violinlehrer \u2013 Das erste Unterrichtsjahr<br \/>\n75.00 \u20ac<\/p>\n<p>&nbsp;<\/p>\n<h2>Unterkunft und Verpflegung in der Akademie Remscheid<\/h2>\n<p><strong>Sa.-So.:<\/strong> 29.10. \u2013 30.10.2016 DOPPELZIMMER (pro Person): 65.00 \u20ac<br \/>\n<strong>Sa.-So.:<\/strong> 29.10. \u2013 30.10.2016 EINZELZIMMER: 75.00 \u20ac<\/p>\n<p><strong>Sa.-Mo.:<\/strong> 29.10. \u2013 31.10.2016 DOPPELZIMMER (pro Person): 126.00 \u20ac<br \/>\n<strong>Sa.-Mo.:<\/strong> 29.10. \u2013 31.10.2016 EINZELZIMMER: 138.00 \u20ac<\/p>\n<p><strong>Mahlzeiten f\u00fcr Kursteilnehmer,<\/strong><br \/>\n<strong> die NICHT in der Akademie \u00fcbernachten:<\/strong><br \/>\n<strong>Mahlzeiten Sa.-Mo.<\/strong> \u2013 Kurs B + C: 44.00 \u20ac<br \/>\n<strong>Mahlzeiten Sa.\/So.<\/strong> \u2013 Kurs B: 22.00 \u20ac<\/p>\n<h2><span style=\"color: #993300;\"><strong><a href=\"http:\/\/oxid.germansuzuki.de\/deutschkompakt\">Online-Kursanmeldung 2016<\/a><\/strong><\/span><\/h2>\n<p>&nbsp;<\/p>\n<p><span style=\"color: #993300;\"><strong>Tagungsort:<\/strong><\/span><br \/>\n<span style=\"color: #000000;\"> Akademie Remscheid f\u00fcr musische Bildung und Medienerziehung<\/span><br \/>\n<span style=\"color: #000000;\"> 42857 Remscheid (NRW)<\/span><\/p>\n<p><span style=\"color: #993300;\"><strong>Die Kursanmeldung ist bereits jetzt schon m\u00f6glich. <\/strong><\/span><br \/>\n<span style=\"color: #000000;\"> Wir empfehlen Ihnen eine baldige Anmeldung,<\/span><br \/>\n<span style=\"color: #000000;\"> damit Sie sicher ein Zimmer und Verpflegung in der Akademie Remscheid erhalten.<\/span><\/p>\n<p><span style=\"color: #993300;\"><strong>Information:<\/strong><\/span><br \/>\n<span style=\"color: #000000;\"> Deutsches Suzuki Institut<\/span><br \/>\n<span style=\"color: #000000;\"> Sekretariat Stefan Kalkbrenner<br \/>\nPostfach 18 66<br \/>\nD-24017 Kiel<\/span><br \/>\n<span style=\"color: #000000;\"> Tel: +49 (0)2241 2 89 46<\/span><br \/>\n<span style=\"color: #000000;\"> Fax: +49 3222 156 45 09<a href=\"mailto:Suzuki.wartberg@t-online.de\"><span style=\"color: #000000;\"><br \/>\n<\/span><\/a><span style=\"color: #000000;\">info@germansuzuki.com<\/span><\/span><\/p>\n<p>&nbsp;<\/p>\n<p>*********************************************************<\/p>\n<h2><strong>Berichte<br \/>\n\u00fcber die Lehrerkonferenz 2015<\/strong><\/h2>\n<p><b><span style=\"color: #000000;\">Teil 1 von <\/span><span style=\"color: #000000;\"><strong>Helen Hines, London \/ England<\/strong><br \/>\n<\/span><\/b><a href=\"http:\/\/www.germansuzuki.com\/?p=5900\">http:\/\/www.germansuzuki.com\/?p=5900<\/a><\/p>\n<p><span style=\"color: #000000;\"><strong>T<b>eil 2 von <\/b>Helen Hines, London \/ England<\/strong><b><br \/>\n<\/b><\/span><a href=\"http:\/\/www.germansuzuki.com\/?p=5995\">http:\/\/www.germansuzuki.com\/?p=5995<\/a><\/p>\n","protected":false},"excerpt":{"rendered":"<p>29.10.-30.10.2016 Beginn: Samstag, den 29. Oktober 2016, Beginn 14:30 Uhr Ende: Sonntag, den 30. Oktober 2016, Ende 15:00 Uhr &nbsp; Online-Kursanmeldung 2016 &nbsp; Einf\u00fchrungskurs in die Suzuki-Methode Suzukis Unterrichtskonzept, auch&#8230;<\/p>\n","protected":false},"author":2,"featured_media":6318,"comment_status":"open","ping_status":"open","sticky":false,"template":"","format":"standard","meta":[],"categories":[21,9],"tags":[],"_links":{"self":[{"href":"https:\/\/www.germansuzuki.de\/index.php?rest_route=\/wp\/v2\/posts\/6261"}],"collection":[{"href":"https:\/\/www.germansuzuki.de\/index.php?rest_route=\/wp\/v2\/posts"}],"about":[{"href":"https:\/\/www.germansuzuki.de\/index.php?rest_route=\/wp\/v2\/types\/post"}],"author":[{"embeddable":true,"href":"https:\/\/www.germansuzuki.de\/index.php?rest_route=\/wp\/v2\/users\/2"}],"replies":[{"embeddable":true,"href":"https:\/\/www.germansuzuki.de\/index.php?rest_route=%2Fwp%2Fv2%2Fcomments&post=6261"}],"version-history":[{"count":26,"href":"https:\/\/www.germansuzuki.de\/index.php?rest_route=\/wp\/v2\/posts\/6261\/revisions"}],"predecessor-version":[{"id":6467,"href":"https:\/\/www.germansuzuki.de\/index.php?rest_route=\/wp\/v2\/posts\/6261\/revisions\/6467"}],"wp:featuredmedia":[{"embeddable":true,"href":"https:\/\/www.germansuzuki.de\/index.php?rest_route=\/wp\/v2\/media\/6318"}],"wp:attachment":[{"href":"https:\/\/www.germansuzuki.de\/index.php?rest_route=%2Fwp%2Fv2%2Fmedia&parent=6261"}],"wp:term":[{"taxonomy":"category","embeddable":true,"href":"https:\/\/www.germansuzuki.de\/index.php?rest_route=%2Fwp%2Fv2%2Fcategories&post=6261"},{"taxonomy":"post_tag","embeddable":true,"href":"https:\/\/www.germansuzuki.de\/index.php?rest_route=%2Fwp%2Fv2%2Ftags&post=6261"}],"curies":[{"name":"wp","href":"https:\/\/api.w.org\/{rel}","templated":true}]}}