{"id":6254,"date":"2016-05-04T15:02:04","date_gmt":"2016-05-04T13:02:04","guid":{"rendered":"http:\/\/www.germansuzuki.com\/?p=6254"},"modified":"2016-08-27T17:41:25","modified_gmt":"2016-08-27T15:41:25","slug":"8-europaeische-lehrerkonferenz-2016-in-remscheid","status":"publish","type":"post","link":"https:\/\/www.germansuzuki.de\/?p=6254","title":{"rendered":"Achte Internationale Lehrerkonferenz 2016 in Remscheid"},"content":{"rendered":"<blockquote>\n<h2 style=\"text-align: center;\"><span style=\"color: #0000ff;\"><strong><a style=\"color: #0000ff;\" href=\"http:\/\/oxid.germansuzuki.de\/deutsch\">Online-Kursanmeldung 2016<\/a><br \/>\n<\/strong><span style=\"color: #ff0000;\"><em>Der Fr\u00fchbucher-Rabatt endet am 31. Juli 2016!<strong><br \/>\n<\/strong><\/em><\/span><\/span><\/h2>\n<h2 style=\"text-align: center;\"><span style=\"color: #0000ff;\"><strong><a style=\"color: #0000ff;\" href=\"http:\/\/www.germansuzuki.com\/wp-content\/uploads\/2014\/05\/Anmeldung_Kurzreferat_D_14.doc\">Anmeldung eines Kurzreferats<\/a><\/strong><\/span><\/h2>\n<p style=\"text-align: center;\"><span style=\"color: #000000;\"><strong><a style=\"color: #000000;\" href=\"http:\/\/en.germansuzuki.com\/?p=2246\">Konferenz-Ank\u00fcndigung auf ENGLISCH<\/a><\/strong><\/span><\/p>\n<p style=\"text-align: center;\"><span style=\"color: #000000;\"><strong><a style=\"color: #000000; text-decoration: underline;\" href=\"http:\/\/www.germansuzuki.com\/?p=6261\">Einf\u00fchrungskurs f\u00fcr interessierte Violin- und Cellolehrer<\/a><\/strong><\/span><\/p>\n<p style=\"text-align: center;\"><strong><a href=\"http:\/\/www.germansuzuki.com\/wp-content\/uploads\/2016\/05\/Konferenz-Programm_D.pdf\">Konferenzprogramm (28.-31.10.2016)<\/a><\/strong><\/p>\n<\/blockquote>\n<h2 style=\"text-align: center;\"><span style=\"color: #0000ff;\"><strong><span style=\"color: #000000;\"><br \/>\nEinladung zur<\/span><br \/>\n<span style=\"color: #000000;\"> Achten <\/span><\/strong><span style=\"color: #000000;\"><strong>Internationalen Suzuki-Lehrerkonferenz <\/strong><\/span><\/span><\/h2>\n<h2 style=\"text-align: center;\"><span style=\"color: #0000ff;\">f\u00fcr Violin- und Violalehrer<\/span><\/h2>\n<h2 style=\"text-align: center;\"><strong><strong>29. <strong>Oktober<\/strong> &#8211; 30.\u00a0Oktober 2016<\/strong><\/strong><\/h2>\n<p style=\"text-align: center;\"><strong><span style=\"color: #0000ff;\">Beginn:<\/span> <\/strong>Samstag, 29. Oktober 2016, 14:30 Uhr<strong><br \/>\n<span style=\"color: #0000ff;\">Ende: <\/span><\/strong>Sonntag, 30. Oktober 2016, 15:00 Uhr<\/p>\n<h1 style=\"text-align: center;\"><span style=\"color: #0000ff;\"><strong>LET US WORK TOGETHER!<\/strong><\/span><\/h1>\n<p style=\"text-align: center;\">\u2666 Austausch- und Ideenb\u00f6rse<br \/>\n\u2666 Referate von Suzuki-Lehrern aus dem In- und Ausland<br \/>\n\u2666 Instrumentalkurse\/Ensemblearbeit<br \/>\n\u2666 Gespr\u00e4chskreise<\/p>\n<h2 style=\"text-align: center;\"><strong>Gastreferent: <a href=\"https:\/\/suzukiassociation.org\/news\/author\/brian-lewis\/\"><b>BRIAN LEWIS<\/b><\/a><br \/>\n<\/strong><\/h2>\n<p style=\"text-align: justify;\"><span style=\"color: #000000;\"><strong><a href=\"http:\/\/en.germansuzuki.com\/wp-content\/uploads\/2016\/02\/Ank%C3%BCndigung_quer2.jpg\"><img decoding=\"async\" loading=\"lazy\" class=\"overflowing aligncenter\" src=\"http:\/\/en.germansuzuki.com\/wp-content\/uploads\/2016\/02\/Ank%C3%BCndigung_quer2.jpg\" alt=\"http:\/\/en.germansuzuki.com\/wp-content\/uploads\/2016\/02\/Ank%C3%BCndigung_quer2.jpg\" width=\"513\" height=\"362\" \/><\/a><br \/>\n<\/strong><\/span><\/p>\n<p style=\"text-align: justify;\">Suzukilehrer aus aller Welt treffen sich zu einem offenen, interaktiven Erfahrungsaustausch in der unbeschwerten Atmosph\u00e4re der Akademie Remscheid. Jeder ist herzlich willkommen, der hierzu Beitr\u00e4ge leisten oder die vielgestaltigen Eindr\u00fccke einfach nur auf sich wirken lassen will.<\/p>\n<p style=\"text-align: justify;\">Unsere Referenten bereiten hochinteressante Themen vor, die Diskussionen zu instrumentalen und musikalischen Fragen anregen und erm\u00f6glichen.<\/p>\n<p style=\"text-align: justify;\">Eines unserer Konferenz-Highlights ist auf vielfachen Wunsch der weltbekannte amerikanische Geiger und P\u00e4dagoge <span style=\"color: #000000;\"><a href=\"https:\/\/suzukiassociation.org\/news\/author\/brian-lewis\/\"><b>BRIAN LEWIS<\/b><\/a><b><\/b><\/span>, der bereits im Jahre 2015 unsere Konferenz in Remscheid bereicherte.<\/p>\n<p style=\"text-align: justify;\">Er wird diesmal wieder unterrichten und ein Konzert gestalten. \u00dcbrigens ist er der Sohn von <span style=\"color: #000000;\"><strong><a href=\"http:\/\/www.ottawasuzukistrings.org\/director-alice-joy-lewis\">Alice Joy Lewis<\/a><\/strong><\/span>, einer der wichtigsten Pioniere der Suzukimethode in den USA.<\/p>\n<p style=\"text-align: justify;\"><span style=\"color: #000000;\">Als Kind lebte Brian Lewis u.a. auch in Matsumoto\/Japan und hatte regelm\u00e4\u00dfig bei Dr. Suzuki Unterricht. Sp\u00e4ter studierte er an der ber\u00fchmten Juilliard School in New York bei Dorothy DeLay, die zahlreiche weltber\u00fchmte Geiger wie Itzhak Perlman, Midori, Pinchas Zukerman und Shlomo Mintz ausgebildet hat.<br \/>\nAls engagierter Lehrer verbindet Brian Lewis das Wissen der beiden gro\u00dfen P\u00e4dagogen <strong><span style=\"color: #0000ff;\">Dorothy DeLay und Shinichi Suzuki, <\/span><\/strong>die seine musikalische Entwicklung nachhaltig gepr\u00e4gt haben.<\/span><\/p>\n<blockquote><p><a href=\"http:\/\/www.germansuzuki.com\/wp-content\/uploads\/2016\/02\/Header4_klein.jpg\"><img decoding=\"async\" loading=\"lazy\" class=\"alignleft  wp-image-6177\" src=\"http:\/\/www.germansuzuki.com\/wp-content\/uploads\/2016\/02\/Header4_klein-150x150.jpg\" alt=\"Istext_LOGO_mit_Bl\u00fcten.indd\" width=\"93\" height=\"93\" srcset=\"https:\/\/www.germansuzuki.de\/wp-content\/uploads\/2016\/02\/Header4_klein-150x150.jpg 150w, https:\/\/www.germansuzuki.de\/wp-content\/uploads\/2016\/02\/Header4_klein-300x300.jpg 300w, https:\/\/www.germansuzuki.de\/wp-content\/uploads\/2016\/02\/Header4_klein-1024x1024.jpg 1024w, https:\/\/www.germansuzuki.de\/wp-content\/uploads\/2016\/02\/Header4_klein.jpg 1417w\" sizes=\"(max-width: 93px) 100vw, 93px\" \/><\/a><span style=\"color: #000000;\">Zur Einstimmung auf die Konferenz finden Sie hier zwei Berichte mit mehreren kurzen Videos \u00fcber unseren \u00fcberaus popul\u00e4ren Gastdozenten Brian LEWIS.<\/span><\/p>\n<p><strong><span style=\"color: #000000;\">Teil 1:<\/span><\/strong> <a href=\"http:\/\/www.germansuzuki.com\/?p=5900\" target=\"_blank\"><span style=\"color: windowtext;\">http:\/\/www.germansuzuki.com\/?p=5900<\/span><\/a><br \/>\n<strong><span style=\"color: #000000;\">Teil 2:<\/span><\/strong> <a href=\"http:\/\/www.germansuzuki.com\/?p=5995\" target=\"_blank\"><span style=\"color: windowtext;\">http:\/\/www.germansuzuki.com\/?p=5995<\/span><\/a><\/p><\/blockquote>\n<p>&nbsp;<\/p>\n<h2 style=\"text-align: left;\"><span style=\"color: #0000ff;\"><strong>Zus\u00e4tzliche Kurse<\/strong><\/span><\/h2>\n<h2 style=\"text-align: left;\"><strong><span style=\"color: #000000;\">Kurs A:<\/span><br \/>\n<span style=\"color: #000000;\"> Intensivkurs f\u00fcr Suzuki-Violinlehrer<\/span><br \/>\n<\/strong><\/h2>\n<p style=\"text-align: left;\"><span style=\"color: #000000;\"><strong>Beginn:<\/strong> Freitag, 28. Oktober 2016, 14:30 Uhr<\/span><br \/>\n<span style=\"color: #000000;\"><strong> Ende:<\/strong> Samstag, 29. Oktober 2016, 12:00 Uhr<\/span><\/p>\n<h2 style=\"text-align: left;\"><span style=\"color: #0000ff;\"><b>Violin-Literatur und Technik der Mittelstufe<br \/>\n<\/b><\/span><span style=\"color: #0000ff;\"><b>mit Brian Lewis<\/b><\/span><\/h2>\n<p>Der Unterricht von Brian Lewis w\u00e4hrend der Kurse A und B konzentriert sich haupts\u00e4chlich auf die Literatur und Geigentechnik der Suzuki-Hefte 5-8. Wir werden allen Teilnehmern kurz nach der Anmeldung die konkreten St\u00fccke und Et\u00fcden angeben.<\/p>\n<p>Die Teilnehmer k\u00f6nnen sich mit verschiedenen Literaturbereichen und grundlegenden technischen Themenfeldern aus dem Suzuki-Repertoire befassen wie z.B.:<\/p>\n<ul>\n<li>Aufstrich-Staccato<\/li>\n<li>Gigue- Strich<\/li>\n<li>Ricochet<\/li>\n<li>Sautill\u00e9<\/li>\n<li>Detach\u00e9<\/li>\n<li>Schnelle Saitenwechsel<\/li>\n<li>Langsame S\u00e4tze<\/li>\n<li>Intonation<\/li>\n<li>Triller<\/li>\n<li>Gel\u00e4ufigkeit<\/li>\n<\/ul>\n<h2 style=\"text-align: left;\"><strong><br \/>\nKurs C:<br \/>\nIntensivkurs f\u00fcr Suzuki-Violinlehrer<\/strong><\/h2>\n<p style=\"text-align: left;\"><strong>Beginn:<\/strong> Sonntag, 30. Oktober 2016, 16:00 Uhr<br \/>\n<strong> Ende:<\/strong> Montag, 31. Oktober 2016, 13:30 Uhr<\/p>\n<h2 style=\"text-align: left;\"><span style=\"color: #000000;\"><span style=\"color: #0000ff;\"><b><b>Neue Unterrichtsideen und Materialien f\u00fcr die j\u00fcngsten Geigensch\u00fcler, ihre Lehrer und Eltern <\/b><\/b><\/span> <\/span><\/h2>\n<p style=\"color: #000000; text-align: justify;\"><span style=\"color: #000000;\">Der Lernerfolg eines jungen Sch\u00fclers h\u00e4ngt von der F\u00e4higkeit des Lehrers ab, die Inhalte des 1. Bandes der Suzuki Violinschule lebendig zu vermitteln. Erfahrene Suzuki-Lehrer aus verschiedenen europ\u00e4ischen L\u00e4ndern und den USA berichten \u00fcber ihre ganz pers\u00f6nlichen Wege f\u00fcr die Gestaltung des ersten Unterrichtsjahres.<\/span><\/p>\n<p>Dieser Intensivkurs ist den wichtigsten Unterrichtspunkten, insbesondere der Pre-Twinkle-Phase, gewidmet. Den Teilnehmern werden neue und kreative Wege vorgestellt, um jungen Kindern Klangqualit\u00e4t, Musikalit\u00e4t und Technik nahezubringen.<\/p>\n<p><iframe loading=\"lazy\" src=\"https:\/\/www.youtube.com\/embed\/RwC5VNyhilo\" width=\"622\" height=\"350\" frameborder=\"0\" allowfullscreen=\"allowfullscreen\"><\/iframe><\/p>\n<p style=\"text-align: justify;\"><span style=\"color: #000000;\">Interessante Kursschwerpunkte sind neue Lehrmaterialien f\u00fcr junge Geigenanf\u00e4nger, die von Kerstin Wartberg und Charles Krigbaum entwickelt wurden. Es werden Videos, MP3-Dateien, neue Pre-Twinkle-Liedchen, Noten sowie Spiele f\u00fcr den Unterricht und das t\u00e4gliche \u00dcben vorgestellt und stehen allen Teilnehmern als Kursmaterial zur Verf\u00fcgung. Ein Beispiel aus dieser Sammlung stellt dieses Video dar und zeigt, wie den Kindern der Weg erleichtert und versch\u00f6nert werden kann.<br \/>\n<\/span><\/p>\n<p>&nbsp;<\/p>\n<h2 style=\"text-align: left;\"><strong>Kursgeb\u00fchren<br \/>\n<\/strong><em><span style=\"color: #0000ff;\"><span style=\"color: #ff0000;\">Der Fr\u00fchbucher-Rabatt endet am 31. Juli<\/span><strong><span style=\"color: #ff0000;\">!<\/span><br \/>\n<\/strong><\/span><\/em><\/h2>\n<p style=\"text-align: left;\"><strong>Kurs B &#8211; Sa\/So, 29. &#8211; 30.10.2016:<br \/>\n8. <\/strong><span style=\"color: #0000ff;\"><span style=\"color: #000000;\"><strong>Internationale Suzuki-Lehrerkonferenz<\/strong><\/span><\/span><br \/>\n<strong><span style=\"color: #0000ff;\">135,00 \u20ac\u00a0<\/span><\/strong><span style=\"color: #0000ff;\"><em><span style=\"color: #ff0000;\">(ab dem 1. August = 145,00 \u20ac)<\/span><\/em><\/span><strong><span style=\"color: #0000ff;\"><br \/>\n<\/span><\/strong><\/p>\n<p style=\"text-align: left;\"><strong>Kurs A &amp; B = Fr &#8211; So,\u00a028. &#8211; 30.10.2016:<br \/>\nIntensivkurs f\u00fcr Suzuki-Violinlehrer mit Brian Lewis <\/strong>und<strong><br \/>\n8. <span style=\"color: #0000ff;\"><span style=\"color: #000000;\"><strong>Internationale Suzuki-Lehrerkonferenz<\/strong><\/span><\/span><br \/>\n<span style=\"color: #0000ff;\">200,00 \u20ac\u00a0<\/span><\/strong><em><span style=\"color: #0000ff;\"><span style=\"color: #ff0000;\">(ab dem 1. August = 220,00 \u20ac)<\/span><\/span><strong><span style=\"color: #0000ff;\"><br \/>\n<\/span><\/strong><\/em><\/p>\n<p style=\"text-align: left;\"><strong>Kurs B &amp; C = Sa &#8211; Mo,\u00a029 &#8211; 31.10.2016:<br \/>\n8. <span style=\"color: #0000ff;\"><span style=\"color: #000000;\">Internationale Suzuki-Lehrerkonferenz <\/span><\/span><\/strong><br \/>\nIntensivkurs f\u00fcr Suzuki-Violinlehrer (Pre-Twinkle und Heft 1)<br \/>\n<span style=\"color: #0000ff;\">200,00 \u20ac\u00a0<\/span><span style=\"color: #0000ff;\"><em><span style=\"color: #ff0000;\">(ab dem 1. August = 220,00 \u20ac)<\/span><\/em><\/span><span style=\"color: #0000ff;\"><br \/>\n<\/span><\/p>\n<p style=\"text-align: left;\"><strong>Kurs A &amp; B &amp; C = Fr &#8211; Mo,\u00a028. &#8211; 31.10.2016:<br \/>\n8. <span style=\"color: #0000ff;\"><span style=\"color: #000000;\">Internationale Suzuki-Lehrerkonferenz<\/span><\/span><\/strong><br \/>\n<strong>alle Intensivkurse<\/strong><br \/>\n<span style=\"color: #0000ff;\">250,00 \u20ac\u00a0<\/span><span style=\"color: #0000ff;\"><em><span style=\"color: #ff0000;\">(ab dem 1. August = 280,00 \u20ac)<\/span><\/em><\/span><span style=\"color: #0000ff;\"><br \/>\n<\/span><\/p>\n<p>&nbsp;<\/p>\n<h2 style=\"text-align: left;\">Unterkunft und Verpflegung in der Akademie Remscheid<\/h2>\n<p style=\"text-align: left;\"><strong>Fr.-So.:<\/strong> 28.10. &#8211; 30.10.2016 DOPPELZIMMER (pro Person): 126.00 \u20ac<br \/>\n<strong>Fr.-So.:<\/strong> 28.10. &#8211; 30.10.2016 EINZELZIMMER: 138.00 \u20ac<\/p>\n<p style=\"text-align: left;\"><strong>Sa.-So.:<\/strong> 29.10. &#8211; 30.10.2016 DOPPELZIMMER (pro Person): 65.00 \u20ac<br \/>\n<strong>Sa.-So.:<\/strong> 29.10. &#8211; 30.10.2016 EINZELZIMMER: 75.00 \u20ac<\/p>\n<p style=\"text-align: left;\"><strong>Fr.-Mo.:<\/strong> 28.10. &#8211; 31.10.2016 DOPPELZIMMER (pro Person): 189.00 \u20ac<br \/>\n<strong>Fr.-Mo.:<\/strong> 28.10. &#8211; 31.10.2016 EINZELZIMMER: 215.00 \u20ac<\/p>\n<p style=\"text-align: left;\"><strong>Sa.-Mo.:<\/strong> 29.10. &#8211; 31.10.2016 DOPPELZIMMER (pro Person): 126.00 \u20ac<br \/>\n<strong>Sa.-Mo.:<\/strong> 29.10. &#8211; 31.10.2016 EINZELZIMMER: 138.00 \u20ac<\/p>\n<p style=\"text-align: left;\"><strong>Mahlzeiten f\u00fcr Kursteilnehmer,<\/strong><br \/>\n<strong> die NICHT in der Akademie \u00fcbernachten:<\/strong><\/p>\n<p><strong>Mahlzeiten Fr.-So.<\/strong> &#8211; Kurs A\u00a0+ B: 44.00 \u20ac<br \/>\n<strong>Mahlzeiten Sa.-Mo.<\/strong> &#8211; Kurs B + C: 44.00 \u20ac<br \/>\n<strong>Mahlzeiten Sa.\/So.<\/strong> &#8211; Kurs B: 22.00 \u20ac<br \/>\n<strong>Mahlzeiten Fr.-Mo. <\/strong>&#8211; Kurs A + B + C oder D: 62.50 \u20ac<\/p>\n<blockquote>\n<h2><strong><span style=\"color: #ff0000;\"><a style=\"color: #ff0000;\" href=\"http:\/\/oxid.germansuzuki.de\/deutsch\">Online-Kursanmeldung 2016<\/a><\/span><br \/>\n<\/strong><\/h2>\n<h2 style=\"text-align: justify;\"><strong>Telefonische Anmeldung<br \/>\n<\/strong><\/h2>\n<p style=\"text-align: justify;\"><span style=\"color: #000000;\">F\u00fcr unsere DSG-Mitglieder bieten wir einen zus\u00e4tzlichen Service an:<\/span><br \/>\n<span style=\"color: #000000;\"> Sie k\u00f6nnen sich zu den folgenden Terminen telefonisch anmelden und erhalten danach eine Anmeldebest\u00e4tigung per Email<\/span><span style=\"color: #000000;\"><strong>:<\/strong><\/span><\/p>\n<p><span style=\"color: #000000;\">Donnerstag, den 05. Mai 2016 von\u00a09:30 &#8211; 10:30 Uhr: 02241 &#8211; 28946<strong><br \/>\n<\/strong>Donnerstag, den 12. Mai 2016 von\u00a09:30 &#8211; 10:30 Uhr:\u00a0 02241 &#8211; 203115<\/span><br \/>\n<span style=\"color: #000000;\"> Donnerstag, den 19. Mai 2016 von\u00a09:30 &#8211; 10:30 Uhr:\u00a0 02241 &#8211; 203115<\/span><br \/>\n<span style=\"color: #000000;\"> Dienstag, den 24. Mai 2016 von\u00a09:30 &#8211; 10:30 Uhr:\u00a0 02241 &#8211; 28946<br \/>\nSamstag, den 04. Juni 2016 von\u00a09:30 &#8211; 10:30 Uhr:\u00a0 02241 &#8211; 28946<\/span><br \/>\n<span style=\"color: #000000;\"> Donnerstag, den 16. Juni 2016 von\u00a09:30 &#8211; 10:30 Uhr:\u00a0 02241 &#8211; 203115<strong><br \/>\n<\/strong>Donnerstag, den 23. Juni 2016 von\u00a09:30 &#8211; 10:30 Uhr:\u00a0 02241 &#8211; 203115<strong><strong><br \/>\n<\/strong><\/strong>Donnerstag, den 30. Juni 2016 von\u00a09:30 &#8211; 10:30 Uhr:\u00a0 02241 &#8211; 203115<strong><strong><strong><strong><br \/>\n<\/strong><\/strong><\/strong><\/strong>Donnerstag, den 07. Juli 2016 von\u00a09:30 &#8211; 10:30 Uhr:\u00a0 02241 &#8211; 203115<strong><strong><strong><strong><br \/>\n<\/strong><\/strong><\/strong><\/strong><\/span><\/p><\/blockquote>\n<p>&nbsp;<\/p>\n<p><strong>Konferenzleitung:<br \/>\n<\/strong>Kerstin Wartberg &amp; Charles Krigbaum<\/p>\n<p><strong>Tagungsort:<\/strong><br \/>\nAkademie Remscheid f\u00fcr musische Bildung und Medienerziehung<br \/>\n42857 Remscheid (NRW)<\/p>\n<p><strong>Information:<br \/>\n<\/strong>Deutsche Suzuki Gesellschaft e.V.<br \/>\nSekretariat Stefan Kalkbrenner<br \/>\nTel: +49 (0)2241 28946<br \/>\nFax: +49 3222 156 45 09<a href=\"mailto:Suzuki.wartberg@t-online.de\"><br \/>\nXchange@germansuzuki.com<\/a><\/p>\n<p>&nbsp;<\/p>\n<h4><span style=\"color: #0000ff;\"><em>Wir w\u00fcrden uns freuen,<br \/>\nSie auf der Suzuki-Lehrerkonferenz 2016 begr\u00fc\u00dfen zu k\u00f6nnen!<\/em><\/span><\/h4>\n<p>*********************************************************<\/p>\n<h2><\/h2>\n<h2><strong>Berichte<br \/>\n\u00fcber die Lehrerkonferenz 2015<\/strong><\/h2>\n<p><b><span style=\"color: #000000;\">Teil 1 von <\/span><span style=\"color: #000000;\"><strong>Helen Hines, London \/ England<\/strong><br \/>\n<\/span><\/b><a href=\"http:\/\/www.germansuzuki.com\/?p=5900\">http:\/\/www.germansuzuki.com\/?p=5900<\/a><\/p>\n<p><span style=\"color: #000000;\"><strong>T<b>eil 2 von <\/b>Helen Hines, London \/ England<\/strong><b><br \/>\n<\/b><\/span><a href=\"http:\/\/www.germansuzuki.com\/?p=5995\">http:\/\/www.germansuzuki.com\/?p=5995<\/a><\/p>\n","protected":false},"excerpt":{"rendered":"<p>Online-Kursanmeldung 2016 Der Fr\u00fchbucher-Rabatt endet am 31. Juli 2016! Anmeldung eines Kurzreferats Konferenz-Ank\u00fcndigung auf ENGLISCH Einf\u00fchrungskurs f\u00fcr interessierte Violin- und Cellolehrer Konferenzprogramm (28.-31.10.2016) Einladung zur Achten Internationalen Suzuki-Lehrerkonferenz f\u00fcr Violin-&#8230;<\/p>\n","protected":false},"author":2,"featured_media":6297,"comment_status":"open","ping_status":"open","sticky":false,"template":"","format":"standard","meta":[],"categories":[21,9],"tags":[],"_links":{"self":[{"href":"https:\/\/www.germansuzuki.de\/index.php?rest_route=\/wp\/v2\/posts\/6254"}],"collection":[{"href":"https:\/\/www.germansuzuki.de\/index.php?rest_route=\/wp\/v2\/posts"}],"about":[{"href":"https:\/\/www.germansuzuki.de\/index.php?rest_route=\/wp\/v2\/types\/post"}],"author":[{"embeddable":true,"href":"https:\/\/www.germansuzuki.de\/index.php?rest_route=\/wp\/v2\/users\/2"}],"replies":[{"embeddable":true,"href":"https:\/\/www.germansuzuki.de\/index.php?rest_route=%2Fwp%2Fv2%2Fcomments&post=6254"}],"version-history":[{"count":51,"href":"https:\/\/www.germansuzuki.de\/index.php?rest_route=\/wp\/v2\/posts\/6254\/revisions"}],"predecessor-version":[{"id":6461,"href":"https:\/\/www.germansuzuki.de\/index.php?rest_route=\/wp\/v2\/posts\/6254\/revisions\/6461"}],"wp:featuredmedia":[{"embeddable":true,"href":"https:\/\/www.germansuzuki.de\/index.php?rest_route=\/wp\/v2\/media\/6297"}],"wp:attachment":[{"href":"https:\/\/www.germansuzuki.de\/index.php?rest_route=%2Fwp%2Fv2%2Fmedia&parent=6254"}],"wp:term":[{"taxonomy":"category","embeddable":true,"href":"https:\/\/www.germansuzuki.de\/index.php?rest_route=%2Fwp%2Fv2%2Fcategories&post=6254"},{"taxonomy":"post_tag","embeddable":true,"href":"https:\/\/www.germansuzuki.de\/index.php?rest_route=%2Fwp%2Fv2%2Ftags&post=6254"}],"curies":[{"name":"wp","href":"https:\/\/api.w.org\/{rel}","templated":true}]}}