{"id":6214,"date":"2016-04-09T10:19:07","date_gmt":"2016-04-09T08:19:07","guid":{"rendered":"http:\/\/www.germansuzuki.com\/?p=6214"},"modified":"2016-11-28T17:17:09","modified_gmt":"2016-11-28T15:17:09","slug":"videos-von-unserem-workshop-auf-mallorca","status":"publish","type":"post","link":"https:\/\/www.germansuzuki.de\/?p=6214","title":{"rendered":"Videos von unserem Workshop auf Mallorca"},"content":{"rendered":"<div id=\"content\">\n<div id=\"post-5702\" class=\"post\">\n<h2 style=\"text-align: center;\"><strong>Oster-Kurse f\u00fcr Geigenlehrer und -sch\u00fcler<\/strong><\/h2>\n<\/div>\n<\/div>\n<div id=\"content\">\n<div id=\"post-5702\" class=\"post\">\n<p style=\"text-align: justify;\">Im wundersch\u00f6nen <em>Hotel Sentido Castell de Mar<\/em> konnten Suzuki-Lehrer aus zahlreichen europ\u00e4ischen L\u00e4ndern, den USA und \u00c4gypten intensive Lehrerkurse erleben und Geigensch\u00fcler mit ihren Familien eine Kombination aus Urlaub und Suzuki-Workshop. Neben intensiver Arbeit gab es die M\u00f6glichkeit, einen kleinen Strandspaziergang zu machen oder sich von der hervorragenden Mittelmeerk\u00fcche verw\u00f6hnen zu lassen. Nachfolgend finden Sie einige kurze Ausschnitte unseres Workshop-Programms.<br \/>\n<strong><br \/>\n<\/strong><\/p>\n<\/div>\n<\/div>\n<h2 style=\"text-align: center;\"><strong><span style=\"color: #000000;\">Ensemblest\u00fccke f\u00fcr Heft 1- bis Heft 6-Sch\u00fcler <\/span><br \/>\nDas Lied vom Eichh\u00f6rnchen<br \/>\n<\/strong><\/h2>\n<p style=\"text-align: center;\"><strong>Arr.: Kerstin Wartberg &amp; David Andruss<\/strong><\/p>\n<p style=\"text-align: justify;\">Dieses St\u00fcck ist gezielt f\u00fcr die Sch\u00fcler des Mallorca-Workshops arrangiert worden, um den Anf\u00e4ngern, die teilweise nur leere Saiten spielen konnten, die Gelegenheit zu geben, mit den Sch\u00fclern aus h\u00f6heren Heften gemeinsam zu musizieren.<\/p>\n<p><span style=\"color: #000000;\"><iframe loading=\"lazy\" src=\"https:\/\/www.youtube.com\/embed\/vP2bySY-kDI\" width=\"640\" height=\"360\" frameborder=\"0\" allowfullscreen=\"allowfullscreen\"><\/iframe><\/span><\/p>\n<blockquote>\n<h2 style=\"text-align: center;\"><span style=\"color: #000000;\">Kostenloser<\/span> <strong><a href=\"http:\/\/en.germansuzuki.com\/wp-content\/uploads\/2016\/04\/Squirrel_all-parts.pdf\">DOWNLOAD<\/a><\/strong><br \/>\n<span style=\"color: #000000;\">5 Violinstimmen<\/span><br \/>\n<span style=\"color: #000000;\"> 1 Klavierstimme<\/span><br \/>\n<span style=\"color: #000000;\"> Partitur<\/span><\/h2>\n<\/blockquote>\n<h2 style=\"text-align: center;\"><\/h2>\n<h2 style=\"text-align: center;\"><span style=\"color: #000000;\">Der Kuckuck und der Esel<\/span><\/h2>\n<p style=\"text-align: center;\"><strong>Arr.: Kerstin Wartberg &amp; David Andruss<\/strong><\/p>\n<p style=\"text-align: justify;\"><iframe loading=\"lazy\" src=\"https:\/\/www.youtube.com\/embed\/HYNSnBAUs7k\" width=\"640\" height=\"360\" frameborder=\"0\" allowfullscreen=\"allowfullscreen\"><\/iframe><\/p>\n<p style=\"text-align: justify;\"><span id=\"result_box\" class=\"\" lang=\"de\"><span class=\"\">Hier ist unser<\/span> <span class=\"\">neuestes Arrangement\u00a0 zu h\u00f6ren. <\/span>Das<span class=\"\"> sch\u00f6ne deutsche Volkslied<\/span> <span class=\"\">stammt<\/span> <span class=\"\">aus dem fr\u00fchen 19.<\/span> <span class=\"\">Jahrhundert<\/span><span class=\"\">.<\/span> Die<span class=\"\"> Melodie<\/span> wurde bereits <span class=\"\">im Jahr 1810 von <em>Carl Friedrich Zelter<\/em> komponiert und erst sp\u00e4ter im Jahre 1835 von <em>Hoffmann von Fallersleben<\/em> mit einem Liedtext versehen.<\/span><br \/>\n<span class=\"\"><br \/>\nAuch dieses Arrangement mit seinen drei Strophen und zwei Zwischenspielen haben wir speziell<\/span> f\u00fcr die Workshop-Sch\u00fcler und -Lehrer geschrieben. Die Auff\u00fchrung, die Sie hier auf dem Video sehen und h\u00f6ren k\u00f6nnen, war also eine Art &#8222;Weltpremiere&#8220;. Es hat uns allen viel Spa\u00df gemacht, dieses <span class=\"\">Lied<\/span> mit<span class=\"\"> seinen Variationen<\/span> <span class=\"\">zu erlernen und kurz danach gleich aufzuf\u00fchren.<\/span><\/span><\/p>\n<blockquote>\n<h2 style=\"text-align: center;\"><span style=\"color: #000000;\">Kostenloser<\/span> <strong><a href=\"http:\/\/en.germansuzuki.com\/wp-content\/uploads\/2016\/04\/cockoo_all_parts.pdf\">DOWNLOAD<\/a><\/strong><\/h2>\n<h2 style=\"text-align: center;\"><span style=\"color: #000000;\">5 Violinstimmen<\/span><br \/>\n<span style=\"color: #000000;\"> 1 Klavierstimme<\/span><br \/>\n<span style=\"color: #000000;\"> Partitur<\/span><\/h2>\n<\/blockquote>\n<h2 style=\"text-align: center;\"><strong><br \/>\n<span style=\"color: #000000;\">Musik &amp; Bewegung<br \/>\n<\/span><br \/>\nHexentanz von Paganini<br \/>\n<\/strong><em>(Suzuki Violin School \/ Schritt f\u00fcr Schritt, Band 2B)<\/em><\/h2>\n<p style=\"text-align: justify;\"><em>Isabel Morey Suau<\/em>, Suzuki Violin Teacher Trainer, spielt hier mit einer Sch\u00fclergruppe den Hexentanz. <span id=\"result_box\" class=\"\" lang=\"de\">Ihr gelingt es immer, die Kinder in ihren Bann zu ziehen und mit\u00a0 phantasievollen Aufgaben die Spiel- und Konzentrationsf\u00e4higkeit der Kinder zu verbessern. <span class=\"\">Dieser Kurzfilm <\/span> <span class=\"\">zeigt<\/span>\u00a0Isabel Morey Suau mit ihrer Kindergruppe <span class=\"\">in voller Aktion<\/span><span class=\"\">.<\/span><\/span><\/p>\n<p><iframe loading=\"lazy\" src=\"https:\/\/www.youtube.com\/embed\/hj4s7QfoMwM\" width=\"640\" height=\"360\" frameborder=\"0\" allowfullscreen=\"allowfullscreen\"><\/iframe><\/p>\n<blockquote>\n<h2 style=\"text-align: center;\"><span style=\"color: #000000;\"><strong>Musik &amp; Bewegung im Suzuki-Unterricht<\/strong><\/span><span id=\"result_box\" class=\"\" lang=\"de\"><\/span><br \/>\n<span id=\"result_box\" class=\"\" lang=\"de\"><\/span><span id=\"result_box\" class=\"\" lang=\"de\"><\/span><\/h2>\n<p style=\"text-align: justify;\"><span style=\"color: #000000;\"><span class=\"\" lang=\"de\"><span class=\"\">Die meisten kleinen Kinder<\/span><span class=\"\"> bewegen sich ganz spontan, wenn<\/span> sie Musik h\u00f6ren. Sie empfinden dabei Energie, <span class=\"\">Vitalit\u00e4t<\/span><span class=\"\"> und<\/span> <span class=\"\">Freude<\/span>. <span class=\"\">Musiklehrer sollten<\/span> <span class=\"\">deshalb das kindliche Bewegungs- und Ausdrucksbed\u00fcrfnis aktiv in <\/span><span class=\"\">ihren Unterricht<\/span> <span class=\"\">einbeziehen.<\/span> Die Forschung zeigt, dass die Verbindung <span class=\"\">zwischen<\/span> rhythmischer <span class=\"\">Bewegung<\/span> und Musik w\u00e4hrend der gesamten Kindheit von Vorteil ist, denn so werden nicht nur Denken und F\u00fchlen gef\u00f6rdert, sondern auch <span class=\"\">motorische<\/span> F\u00e4higkeiten.<\/span><\/span><\/p>\n<p style=\"text-align: justify;\"><span style=\"color: #000000;\">Die Kombination von Musik und Bewegung animiert das Kind, zahlreiche Eigenschaften zu \u00fcben und best\u00e4ndig weiter zu entwickeln wie<\/span><\/p>\n<ul>\n<li><span style=\"color: #000000;\">H\u00f6rf\u00e4higkeit<\/span><\/li>\n<li><span style=\"color: #000000;\">Ged\u00e4chtnis<\/span><\/li>\n<li><span style=\"color: #000000;\">Konzentration<\/span><\/li>\n<li><span style=\"color: #000000;\">Begeisterung<\/span><\/li>\n<li><span style=\"color: #000000;\">Energie<\/span><\/li>\n<li><span style=\"color: #000000;\">Sensibilit\u00e4t<\/span><\/li>\n<li><span style=\"color: #000000;\">Disziplin<\/span><\/li>\n<li><span style=\"color: #000000;\">Ausdauer<\/span><\/li>\n<\/ul>\n<\/blockquote>\n<p>&nbsp;<\/p>\n<h2 style=\"text-align: center;\"><span style=\"color: #000000;\"><strong>Ein St\u00fcck f\u00fcr Anf\u00e4nger: <em>Schnee und Wind<\/em><\/strong><br \/>\n<em>(aus &#8222;Schritt f\u00fcr Schritt&#8220;, Band 1A)<\/em><\/span><\/h2>\n<p style=\"text-align: center;\"><strong>Kerstin Wartberg &amp; David Andruss<\/strong><\/p>\n<p>Hier finden Sie ein weiteres St\u00fcck, das f\u00fcr die Anf\u00e4nger des Workshops auf dem Programm stand. Das Liedchen &#8222;Schnee und Wind&#8220; besteht nur aus vier Noten und wird zun\u00e4chst nur auf der A-Saite gespielt.<\/p>\n<p>Die Geigenstimme ist beim Alfred-Verlag \/ USA in der Reihe &#8222;Schritt f\u00fcr Schritt&#8220;, Band 1A ver\u00f6ffentlicht.<\/p>\n<p>David Andruss hat zu allen St\u00fccken Klavierbegleitungen komponiert, die in zwei Fassungen erh\u00e4ltlich sind:<br \/>\n1. als erleichterte Ausgabe f\u00fcr Amateure<br \/>\n2. als Profi-Ausgabe f\u00fcr fortgeschrittene Pianisten<\/p>\n<h2 style=\"text-align: center;\"><iframe loading=\"lazy\" src=\"https:\/\/www.youtube.com\/embed\/pu8RQ1qWUfQ\" width=\"640\" height=\"360\" frameborder=\"0\" allowfullscreen=\"allowfullscreen\"><\/iframe><\/h2>\n<h2 style=\"text-align: center;\"><span style=\"color: #000000;\">Hier erhalten Sie Klavierstimme dieses Liedchens in der erleichterten Ausgabe als kostenlosen<\/span> <strong><a href=\"http:\/\/en.germansuzuki.com\/wp-content\/uploads\/2016\/04\/Snow_piano_easy.pdf\">DOWNLOAD<\/a><\/strong><span style=\"color: #000000;\">.<\/span><\/h2>\n<h2 style=\"text-align: center;\"><\/h2>\n<p>&nbsp;<\/p>\n<p>&nbsp;<\/p>\n<h2 style=\"text-align: center;\"><strong>Auf Fl\u00fcgeln des Gesanges<br \/>\n<em>Felix Mendelssohn Bartholdy<\/em><\/strong><\/h2>\n<p style=\"text-align: center;\"><strong>Arrangement f\u00fcr 2 Violinen &amp; Klavier von Kerstin Wartberg<\/strong><\/p>\n<p style=\"text-align: justify;\"><span id=\"result_box\" class=\"\" lang=\"de\">W\u00e4hrend unseres <span class=\"\">Workshops bereiteten <\/span><span class=\"\">die beiden<\/span> <span class=\"\">Suzuki<\/span>&#8211;<span class=\"\">Geigenlehrerinnen <\/span> <span class=\"\">Beatriz<\/span> <span class=\"\">Junco<\/span> <span class=\"\">(Spanien) und<\/span> Silvia <span class=\"\">Migliorini<\/span> <span class=\"\">(Italien)<\/span> <span class=\"\">zusammen<\/span> <span class=\"\">mit dem Pianisten<\/span> <span class=\"\">Neil<\/span> Fellows (England) das wunder<span class=\"\">sch\u00f6ne St\u00fcck<\/span> <em>Auf Fl\u00fcgeln des Gesanges<\/em> von Felix Mendelssohn Bartholdy vor.<\/span><\/p>\n<p style=\"text-align: justify;\">Bitte h\u00f6ren <span class=\"\">und genie\u00dfen Sie ihr Spiel, das die<\/span> <span class=\"\">harmonische Atmosph\u00e4re<\/span> und die Sch\u00f6nheit der Natur und der Musik widerspiegelt, die <span class=\"\">wir<\/span> <span class=\"\">an<\/span> <span class=\"\">diesem besonderen Ort<\/span> <span class=\"\">w\u00e4hrend einer<\/span> <span class=\"\">intensiven<\/span> Workshop-Woche erleben durften<span class=\"\">.<\/span><\/p>\n<p><iframe loading=\"lazy\" src=\"https:\/\/www.youtube.com\/embed\/xCa8OxqNvSA\" width=\"640\" height=\"360\" frameborder=\"0\" allowfullscreen=\"allowfullscreen\"><\/iframe><\/p>\n<blockquote>\n<p style=\"text-align: center;\"><span style=\"color: #000000;\"><strong>Die Violinstimmen sind von Edition Peters in dem Notenheft<br \/>\n&#8222;Vorspiel-Training \/ Recital Training&#8220;, Band 2 ver\u00f6ffentlicht worden.<\/strong><\/span><\/p>\n<h2 style=\"text-align: center;\">\u00a0<strong><a href=\"http:\/\/suzukiteachingideas.germansuzuki.com\/?p=237\">Hier<\/a><\/strong> <span style=\"color: #000000;\">k\u00f6nnen Sie die Klavierstimme herunterladen. Au\u00dferdem finden Sie weitere Informationen zu dem Notenheft.<\/span><\/h2>\n<\/blockquote>\n<h2><\/h2>\n<p>&nbsp;<\/p>\n","protected":false},"excerpt":{"rendered":"<p>Oster-Kurse f\u00fcr Geigenlehrer und -sch\u00fcler Im wundersch\u00f6nen Hotel Sentido Castell de Mar konnten Suzuki-Lehrer aus zahlreichen europ\u00e4ischen L\u00e4ndern, den USA und \u00c4gypten intensive Lehrerkurse erleben und Geigensch\u00fcler mit ihren Familien&#8230;<\/p>\n","protected":false},"author":2,"featured_media":6301,"comment_status":"open","ping_status":"open","sticky":false,"template":"","format":"standard","meta":[],"categories":[21,3],"tags":[],"_links":{"self":[{"href":"https:\/\/www.germansuzuki.de\/index.php?rest_route=\/wp\/v2\/posts\/6214"}],"collection":[{"href":"https:\/\/www.germansuzuki.de\/index.php?rest_route=\/wp\/v2\/posts"}],"about":[{"href":"https:\/\/www.germansuzuki.de\/index.php?rest_route=\/wp\/v2\/types\/post"}],"author":[{"embeddable":true,"href":"https:\/\/www.germansuzuki.de\/index.php?rest_route=\/wp\/v2\/users\/2"}],"replies":[{"embeddable":true,"href":"https:\/\/www.germansuzuki.de\/index.php?rest_route=%2Fwp%2Fv2%2Fcomments&post=6214"}],"version-history":[{"count":28,"href":"https:\/\/www.germansuzuki.de\/index.php?rest_route=\/wp\/v2\/posts\/6214\/revisions"}],"predecessor-version":[{"id":6535,"href":"https:\/\/www.germansuzuki.de\/index.php?rest_route=\/wp\/v2\/posts\/6214\/revisions\/6535"}],"wp:featuredmedia":[{"embeddable":true,"href":"https:\/\/www.germansuzuki.de\/index.php?rest_route=\/wp\/v2\/media\/6301"}],"wp:attachment":[{"href":"https:\/\/www.germansuzuki.de\/index.php?rest_route=%2Fwp%2Fv2%2Fmedia&parent=6214"}],"wp:term":[{"taxonomy":"category","embeddable":true,"href":"https:\/\/www.germansuzuki.de\/index.php?rest_route=%2Fwp%2Fv2%2Fcategories&post=6214"},{"taxonomy":"post_tag","embeddable":true,"href":"https:\/\/www.germansuzuki.de\/index.php?rest_route=%2Fwp%2Fv2%2Ftags&post=6214"}],"curies":[{"name":"wp","href":"https:\/\/api.w.org\/{rel}","templated":true}]}}