{"id":6173,"date":"2016-02-26T14:32:49","date_gmt":"2016-02-26T12:32:49","guid":{"rendered":"http:\/\/www.germansuzuki.com\/?p=6173"},"modified":"2016-02-26T14:32:49","modified_gmt":"2016-02-26T12:32:49","slug":"suzuki-floetenworkshop-nagold-im-juni-2016","status":"publish","type":"post","link":"https:\/\/www.germansuzuki.de\/?p=6173","title":{"rendered":"Suzuki Fl\u00f6tenworkshop Nagold im Juni 2016"},"content":{"rendered":"<p>Am 25. und 26. Juni 2016 findet in Nagold der erste Suzuki-Workshop f\u00fcr Querfl\u00f6te in Deutschland statt!<\/p>\n<p>Anmeldeschluss ist der 01. Mai 2016, n\u00e4here Ausk\u00fcnfte und Anmeldungen erfolgen bei Christoph Kieser unter Tel. +49 (0) 7053 93 25 51 oder unter christoph.kieser@web.de<\/p>\n<p>Weitere Informationen finden Sie <a href=\"http:\/\/www.germansuzuki.com\/wp-content\/uploads\/2016\/02\/nagold.pdf\">hier<\/a>.<\/p>\n","protected":false},"excerpt":{"rendered":"<p>Am 25. und 26. Juni 2016 findet in Nagold der erste Suzuki-Workshop f\u00fcr Querfl\u00f6te in Deutschland statt! Anmeldeschluss ist der 01. Mai 2016, n\u00e4here Ausk\u00fcnfte und Anmeldungen erfolgen bei Christoph&#8230;<\/p>\n","protected":false},"author":2,"featured_media":0,"comment_status":"open","ping_status":"open","sticky":false,"template":"","format":"standard","meta":[],"categories":[9],"tags":[],"_links":{"self":[{"href":"https:\/\/www.germansuzuki.de\/index.php?rest_route=\/wp\/v2\/posts\/6173"}],"collection":[{"href":"https:\/\/www.germansuzuki.de\/index.php?rest_route=\/wp\/v2\/posts"}],"about":[{"href":"https:\/\/www.germansuzuki.de\/index.php?rest_route=\/wp\/v2\/types\/post"}],"author":[{"embeddable":true,"href":"https:\/\/www.germansuzuki.de\/index.php?rest_route=\/wp\/v2\/users\/2"}],"replies":[{"embeddable":true,"href":"https:\/\/www.germansuzuki.de\/index.php?rest_route=%2Fwp%2Fv2%2Fcomments&post=6173"}],"version-history":[{"count":1,"href":"https:\/\/www.germansuzuki.de\/index.php?rest_route=\/wp\/v2\/posts\/6173\/revisions"}],"predecessor-version":[{"id":6174,"href":"https:\/\/www.germansuzuki.de\/index.php?rest_route=\/wp\/v2\/posts\/6173\/revisions\/6174"}],"wp:attachment":[{"href":"https:\/\/www.germansuzuki.de\/index.php?rest_route=%2Fwp%2Fv2%2Fmedia&parent=6173"}],"wp:term":[{"taxonomy":"category","embeddable":true,"href":"https:\/\/www.germansuzuki.de\/index.php?rest_route=%2Fwp%2Fv2%2Fcategories&post=6173"},{"taxonomy":"post_tag","embeddable":true,"href":"https:\/\/www.germansuzuki.de\/index.php?rest_route=%2Fwp%2Fv2%2Ftags&post=6173"}],"curies":[{"name":"wp","href":"https:\/\/api.w.org\/{rel}","templated":true}]}}