{"id":6148,"date":"2016-02-25T01:22:26","date_gmt":"2016-02-24T23:22:26","guid":{"rendered":"http:\/\/www.germansuzuki.com\/?p=6148"},"modified":"2016-02-25T01:42:37","modified_gmt":"2016-02-24T23:42:37","slug":"grossartiger-auftritt-im-kieler-schloss","status":"publish","type":"post","link":"https:\/\/www.germansuzuki.de\/?p=6148","title":{"rendered":"Gro\u00dfartiger Auftritt im Kieler Schloss"},"content":{"rendered":"<h2 style=\"text-align: center;\"><strong>Herzlichen Gl\u00fcckwunsch <\/strong><\/h2>\n<p style=\"text-align: center;\"><strong>zu dem Gro\u00dfereignis<br \/>\nmit \u00fcber 200 Sch\u00fclern und Sch\u00fclerinnen,<\/strong><br \/>\n<strong>liebe Isabel Morey Suau, lieber Neil Fellows<br \/>\nund liebes Lehrerteam der Jungen Camerata Academica!<\/strong><\/p>\n<p><a href=\"http:\/\/www.germansuzuki.com\/wp-content\/uploads\/2016\/02\/Kiel2.jpg\"><img decoding=\"async\" loading=\"lazy\" class=\"aligncenter  wp-image-6153\" src=\"http:\/\/www.germansuzuki.com\/wp-content\/uploads\/2016\/02\/Kiel2-1024x504.jpg\" alt=\"Kiel2\" width=\"588\" height=\"289\" srcset=\"https:\/\/www.germansuzuki.de\/wp-content\/uploads\/2016\/02\/Kiel2-1024x504.jpg 1024w, https:\/\/www.germansuzuki.de\/wp-content\/uploads\/2016\/02\/Kiel2-300x148.jpg 300w, https:\/\/www.germansuzuki.de\/wp-content\/uploads\/2016\/02\/Kiel2.jpg 1969w\" sizes=\"(max-width: 588px) 100vw, 588px\" \/><\/a><\/p>\n<p><a href=\"http:\/\/www.germansuzuki.com\/wp-content\/uploads\/2016\/02\/Kiel4.jpg\"><img decoding=\"async\" loading=\"lazy\" class=\"aligncenter  wp-image-6168\" src=\"http:\/\/www.germansuzuki.com\/wp-content\/uploads\/2016\/02\/Kiel4-1024x572.jpg\" alt=\"Kiel4\" width=\"588\" height=\"328\" srcset=\"https:\/\/www.germansuzuki.de\/wp-content\/uploads\/2016\/02\/Kiel4-1024x572.jpg 1024w, https:\/\/www.germansuzuki.de\/wp-content\/uploads\/2016\/02\/Kiel4-300x167.jpg 300w, https:\/\/www.germansuzuki.de\/wp-content\/uploads\/2016\/02\/Kiel4.jpg 1969w\" sizes=\"(max-width: 588px) 100vw, 588px\" \/><\/a><\/p>\n<p>&nbsp;<\/p>\n<p><img decoding=\"async\" loading=\"lazy\" class=\"spotlight aligncenter\" src=\"https:\/\/scontent-mxp1-1.xx.fbcdn.net\/hphotos-xfl1\/v\/t1.0-9\/12745525_1201061266575474_7230740073340411150_n.jpg?oh=c106aa2185831cb69312b8ff69a33395&amp;oe=5769C566\" alt=\"\" width=\"602\" height=\"807\" \/><\/p>\n<p style=\"text-align: center;\"><a href=\"http:\/\/www.germansuzuki.com\/wp-content\/uploads\/2016\/02\/Kieler_Zeitung.jpg\"><img decoding=\"async\" loading=\"lazy\" class=\"aligncenter  wp-image-6158\" src=\"http:\/\/www.germansuzuki.com\/wp-content\/uploads\/2016\/02\/Kieler_Zeitung.jpg\" alt=\"Kieler_Zeitung\" width=\"625\" height=\"600\" srcset=\"https:\/\/www.germansuzuki.de\/wp-content\/uploads\/2016\/02\/Kieler_Zeitung.jpg 626w, https:\/\/www.germansuzuki.de\/wp-content\/uploads\/2016\/02\/Kieler_Zeitung-300x288.jpg 300w\" sizes=\"(max-width: 625px) 100vw, 625px\" \/><\/a><\/p>\n<p>&nbsp;<\/p>\n","protected":false},"excerpt":{"rendered":"<p>Herzlichen Gl\u00fcckwunsch zu dem Gro\u00dfereignis mit \u00fcber 200 Sch\u00fclern und Sch\u00fclerinnen, liebe Isabel Morey Suau, lieber Neil Fellows und liebes Lehrerteam der Jungen Camerata Academica! &nbsp; &nbsp;<\/p>\n","protected":false},"author":2,"featured_media":0,"comment_status":"open","ping_status":"open","sticky":false,"template":"","format":"standard","meta":[],"categories":[3],"tags":[],"_links":{"self":[{"href":"https:\/\/www.germansuzuki.de\/index.php?rest_route=\/wp\/v2\/posts\/6148"}],"collection":[{"href":"https:\/\/www.germansuzuki.de\/index.php?rest_route=\/wp\/v2\/posts"}],"about":[{"href":"https:\/\/www.germansuzuki.de\/index.php?rest_route=\/wp\/v2\/types\/post"}],"author":[{"embeddable":true,"href":"https:\/\/www.germansuzuki.de\/index.php?rest_route=\/wp\/v2\/users\/2"}],"replies":[{"embeddable":true,"href":"https:\/\/www.germansuzuki.de\/index.php?rest_route=%2Fwp%2Fv2%2Fcomments&post=6148"}],"version-history":[{"count":17,"href":"https:\/\/www.germansuzuki.de\/index.php?rest_route=\/wp\/v2\/posts\/6148\/revisions"}],"predecessor-version":[{"id":6169,"href":"https:\/\/www.germansuzuki.de\/index.php?rest_route=\/wp\/v2\/posts\/6148\/revisions\/6169"}],"wp:attachment":[{"href":"https:\/\/www.germansuzuki.de\/index.php?rest_route=%2Fwp%2Fv2%2Fmedia&parent=6148"}],"wp:term":[{"taxonomy":"category","embeddable":true,"href":"https:\/\/www.germansuzuki.de\/index.php?rest_route=%2Fwp%2Fv2%2Fcategories&post=6148"},{"taxonomy":"post_tag","embeddable":true,"href":"https:\/\/www.germansuzuki.de\/index.php?rest_route=%2Fwp%2Fv2%2Ftags&post=6148"}],"curies":[{"name":"wp","href":"https:\/\/api.w.org\/{rel}","templated":true}]}}