{"id":6104,"date":"2016-02-17T18:12:57","date_gmt":"2016-02-17T16:12:57","guid":{"rendered":"http:\/\/www.germansuzuki.com\/?p=6104"},"modified":"2016-02-19T15:20:33","modified_gmt":"2016-02-19T13:20:33","slug":"6-bayerische-suzuki-tage-in-hof-fallen-aus","status":"publish","type":"post","link":"https:\/\/www.germansuzuki.de\/?p=6104","title":{"rendered":"SMD sagt Veranstaltung ab: 6. Bayerische Suzuki-Tage in Hof fallen aus!"},"content":{"rendered":"<h2><strong><span style=\"color: #0000ff;\">Liebe Suzuki-Freunde!<\/span><\/strong><\/h2>\n<p><strong><span style=\"color: #0000ff;\">Aufgrund des Ausfalls der 6. Bayerischen Suzuki-Tage in Ho<\/span><span style=\"color: #0000ff;\">f<\/span> (31.03.-03.04.2016)<\/strong> m\u00f6chte die DSG den Familien, die sich in Hof angemeldet hatten, <span style=\"color: #0000ff;\"><strong>zwei Alternativen anbieten<\/strong><\/span>, damit ihre Kinder in den Osterferien &#8211; so wie urspr\u00fcnglich geplant &#8211; doch noch an einem Suzuki-Workshop teilnehmen k\u00f6nnen:<\/p>\n<h2 id=\":10q\" class=\"hP\" tabindex=\"-1\"><strong>Suzuki-Workshops in Weinstadt und auf Mallorca<\/strong><\/h2>\n<p>Es stehen noch wenige Pl\u00e4tze bei dem <span style=\"color: #0000ff;\"><strong><em><a href=\"http:\/\/www.germansuzuki.com\/?p=5884\">Workshop f\u00fcr junge Streicher<\/a><\/em><\/strong> <\/span>in Weinstadt-Beutelsbach (Gro\u00dfraum Stuttgart) zur Verf\u00fcgung. Dort werden vom 29. M\u00e4rz bis zum 02. April 2016 <span style=\"color: #0000ff;\"><strong>Suzuki-Kurse f\u00fcr Violine und Ensemble-Kurse f\u00fcr Violoncello<\/strong> <\/span>angeboten. Die Gesamtleitung hat <span style=\"color: #0000ff;\"><strong>Mike Hoover<\/strong><\/span>.<\/p>\n<p><strong><span style=\"color: #0000ff;\">Kursgeb\u00fchr:<\/span> <\/strong>135,00 \u20ac pro Teilnehmer.<\/p>\n<p>Geschwisterkinder erhalten einen Preisnachlass von 20% auf die Kursgeb\u00fchr.<\/p>\n<p><span style=\"color: #008000;\"><strong>Ausschreibung und Anmeldeformular finden Sie<br \/>\n<\/strong><\/span><\/p>\n<h2><span style=\"color: #008000;\"><strong><a style=\"color: #008000;\" href=\"http:\/\/www.germansuzuki.com\/wp-content\/uploads\/2015\/12\/2016-WS-Anmeldeformular-20151129.pdf\">HIER.<\/a><\/strong><\/span><\/h2>\n<p>Vom 24. \u2013 27. M\u00e4rz 2016 findet auf <a href=\"http:\/\/www.germansuzuki.com\/?p=5702\"><strong>Mallorca ein Kinderkurs<\/strong> <\/a>unter der Leitung von <span style=\"color: #0000ff;\"><strong>Kerstin Wartberg<\/strong><\/span> statt. Auch wenn die Hotelpl\u00e4tze bereits ausgebucht sind, so ist eine Teilnahme dennoch m\u00f6glich, wenn die Hotelunterkunft selbst besorgt wird.<\/p>\n<p><span style=\"color: #0000ff;\"><strong>Kursgeb\u00fchr:<\/strong> <\/span>60,00 \u20ac<br \/>\n<strong><span style=\"color: #0000ff;\">Geschwistererm\u00e4\u00dfigung: <\/span><\/strong>Ab dem 2. Kind = 40,00 \u20ac<\/p>\n<p><span style=\"color: #008000;\"><strong>Ausschreibung und Anmeldeformular finden Sie<\/strong><\/span><\/p>\n<h2><span style=\"color: #008000;\"><strong><a style=\"color: #008000;\" href=\"https:\/\/www.oxid.germansuzuki.de\/mallorca\/deutsch\/\">HIER.<\/a><\/strong><\/span><\/h2>\n<blockquote>\n<p style=\"text-align: center;\"><span style=\"color: #000000;\"><strong>Die letzte \u00fcberregionale gr\u00f6\u00dfere Suzuki-Veranstaltung in Hof, die 5. Bayerischen Suzuki Tage, wurde noch ma\u00dfgeblich von der DSG organisiert und von \u00fcber 300 Teilnehmern aus dem In- und Ausland besucht.<\/strong><\/span><\/p>\n<\/blockquote>\n<div class=\"height10\">\n<blockquote>\n<div style=\"width: 571px\" class=\"wp-caption aligncenter\"><img decoding=\"async\" loading=\"lazy\" class=\"irc_mi\" src=\"http:\/\/www.frankenpost.de\/storage\/pic\/home\/bilder\/party_archiv\/2007\/suzuki_hof07\/268100_1_suzuki_15.JPG?version=1194359245\" alt=\"\" width=\"561\" height=\"373\" \/><p class=\"wp-caption-text\"><strong>Aus der <em>Frankenpost<\/em> im November 2007:<\/strong> &#8222;Mehr als 300 junge Musiker aus vielen L\u00e4ndern Europas und aus den USA waren vom 1. bis zum 4. November 2007 in Hof zu Gast, um an den <strong>5. Bayerischen Suzuki-Tagen<\/strong> teilzunehmen.&#8220;<\/p><\/div><\/blockquote>\n<p>&nbsp;<\/p>\n<p>&nbsp;<\/p>\n<p>&nbsp;<\/p>\n<\/div>\n","protected":false},"excerpt":{"rendered":"<p>Liebe Suzuki-Freunde! Aufgrund des Ausfalls der 6. Bayerischen Suzuki-Tage in Hof (31.03.-03.04.2016) m\u00f6chte die DSG den Familien, die sich in Hof angemeldet hatten, zwei Alternativen anbieten, damit ihre Kinder in&#8230;<\/p>\n","protected":false},"author":2,"featured_media":0,"comment_status":"open","ping_status":"open","sticky":false,"template":"","format":"standard","meta":[],"categories":[3],"tags":[],"_links":{"self":[{"href":"https:\/\/www.germansuzuki.de\/index.php?rest_route=\/wp\/v2\/posts\/6104"}],"collection":[{"href":"https:\/\/www.germansuzuki.de\/index.php?rest_route=\/wp\/v2\/posts"}],"about":[{"href":"https:\/\/www.germansuzuki.de\/index.php?rest_route=\/wp\/v2\/types\/post"}],"author":[{"embeddable":true,"href":"https:\/\/www.germansuzuki.de\/index.php?rest_route=\/wp\/v2\/users\/2"}],"replies":[{"embeddable":true,"href":"https:\/\/www.germansuzuki.de\/index.php?rest_route=%2Fwp%2Fv2%2Fcomments&post=6104"}],"version-history":[{"count":34,"href":"https:\/\/www.germansuzuki.de\/index.php?rest_route=\/wp\/v2\/posts\/6104\/revisions"}],"predecessor-version":[{"id":6138,"href":"https:\/\/www.germansuzuki.de\/index.php?rest_route=\/wp\/v2\/posts\/6104\/revisions\/6138"}],"wp:attachment":[{"href":"https:\/\/www.germansuzuki.de\/index.php?rest_route=%2Fwp%2Fv2%2Fmedia&parent=6104"}],"wp:term":[{"taxonomy":"category","embeddable":true,"href":"https:\/\/www.germansuzuki.de\/index.php?rest_route=%2Fwp%2Fv2%2Fcategories&post=6104"},{"taxonomy":"post_tag","embeddable":true,"href":"https:\/\/www.germansuzuki.de\/index.php?rest_route=%2Fwp%2Fv2%2Ftags&post=6104"}],"curies":[{"name":"wp","href":"https:\/\/api.w.org\/{rel}","templated":true}]}}