{"id":6071,"date":"2016-02-05T10:19:44","date_gmt":"2016-02-05T08:19:44","guid":{"rendered":"http:\/\/www.germansuzuki.com\/?p=6071"},"modified":"2016-02-07T01:01:18","modified_gmt":"2016-02-06T23:01:18","slug":"jugend-musiziert-2016","status":"publish","type":"post","link":"https:\/\/www.germansuzuki.de\/?p=6071","title":{"rendered":"Jugend musiziert 2016"},"content":{"rendered":"<p><a href=\"http:\/\/www.germansuzuki.com\/wp-content\/uploads\/2010\/05\/logo_JuMu1.jpg\"><img decoding=\"async\" loading=\"lazy\" class=\"size-full wp-image-1144 alignnone\" title=\"logo_JuMu\" src=\"http:\/\/www.germansuzuki.com\/wp-content\/uploads\/2010\/05\/logo_JuMu1.jpg\" alt=\"\" width=\"198\" height=\"46\" \/><\/a><\/p>\n<p>&nbsp;<\/p>\n<h4><span style=\"color: #000000;\">Liebe Lehrerinnen und Lehrer der DSG!<\/span><br \/>\n<span style=\"color: #000000;\"> Liebe Sch\u00fclereltern!<\/span><\/h4>\n<p><strong>In den letzten Tagen erreichten uns zahlreiche positive Nachrichten von Suzuki-Lehrern, die uns voller Freude von der erfolgreichen Teilnahme ihrer Sch\u00fcler beim Regionalwettbewerb &#8222;<span class=\"il\">Jugend<\/span> <span class=\"il\">Musiziert<\/span>&#8220; berichteten. Nachfolgend finden Sie die ersten Ergebnisse. Weitere werden sicherlich noch folgen, da in manchen Regionen die Wettbewerbe erst in den n\u00e4chsten Wochen stattfinden.<br \/>\n<\/strong><\/p>\n<p><strong><span style=\"color: #0000ff;\">Wir w\u00fcrden uns sehr freuen, wenn auch Sie uns \u00fcber die Teilnahme Ihrer Sch\u00fcler\/Kinder am diesj\u00e4hrigen Wettbewerb berichten k\u00f6nnten.<\/span><\/strong><\/p>\n<p style=\"text-align: justify;\"><span style=\"color: #000000;\"><strong>Am Ende des Beitrags finden Sie ein leeres Textfeld, in das Sie uns Ihre Kommentare und Infos schreiben k\u00f6nnen.<br \/>\nVielen Dank! Wir sind auf Ihre Beitr\u00e4ge gespannt!<\/strong><\/span><\/p>\n<div id=\"attachment_6072\" style=\"width: 443px\" class=\"wp-caption aligncenter\"><a href=\"http:\/\/www.germansuzuki.com\/wp-content\/uploads\/2016\/02\/Katalin.jpg\"><img aria-describedby=\"caption-attachment-6072\" decoding=\"async\" loading=\"lazy\" class=\" wp-image-6072\" src=\"http:\/\/www.germansuzuki.com\/wp-content\/uploads\/2016\/02\/Katalin.jpg\" alt=\"Katalin Szigeti schreibt: &quot;Freude!!! 1. Preis (H\u00f6chstpunktzahl) in Worms in der Wertung Violine SOLO&quot;\" width=\"433\" height=\"576\" srcset=\"https:\/\/www.germansuzuki.de\/wp-content\/uploads\/2016\/02\/Katalin.jpg 720w, https:\/\/www.germansuzuki.de\/wp-content\/uploads\/2016\/02\/Katalin-225x300.jpg 225w\" sizes=\"(max-width: 433px) 100vw, 433px\" \/><\/a><p id=\"caption-attachment-6072\" class=\"wp-caption-text\">Katalin Szigeti schreibt:<br \/>&#8222;Freude!!!<br \/>1. Preis (H\u00f6chstpunktzahl) in Worms in der Wertung Violine SOLO&#8220;<\/p><\/div>\n<p><strong><br \/>\nKathrin Averdung, Teacher Trainer des DSI schreibt: D\u00fcsseldorf<br \/>\n<\/strong><br \/>\nHerzlichen Gl\u00fcckwunsch an all die flei\u00dfigen, ernsthaften Kinder, Lehrer und Eltern zu diesen wunderbaren und motivierenden Ergebnissen, die sich objektiv sehen lassen k\u00f6nnen!<\/p>\n<p>Mir war es eine gro\u00dfe Freude, meiner Sch\u00fclerin Elisabeth Graf in D\u00fcsseldorf in der Altersstufe 1A zu lauschen.<br \/>\nSouver\u00e4n, fehlerlos, rein in Klang und Intonation, &#8222;frisch und frei von der Leber&#8220; vorgetragen, \u00f6ffnete sich mir so richtig das Herz, als\u00a0 doch da eine Kinderseele mit all ihrer Unschuldigkeit, Lebendigkeit und Reinheit sprach. Und genau damit hatte sie uns Zuh\u00f6rern etwas mitzuteilen.<br \/>\nIst das nicht unser wahres Anliegen,\u00a0 Gef\u00fchle, Charakter\u00a0 und Seele zu bereichern &#8211;\u00a0 dies beim Unterrichten und beim Austausch mit den uns anvertrauten Kindern immer wieder in den Vordergrund zu stellen?<br \/>\nDer 1. Platz mit 25 Punkten war wohlverdient und wir haben uns sehr gefreut.<br \/>\n<strong><br \/>\nWeitere Mitteilungen folgten:<\/strong><\/p>\n<p>Klasse Erika Umanez, Violoncello \/ Musikschule &#8222;Wolfhager Land&#8220; bei Kassel<\/p>\n<ul>\n<li>Judith Marie He\u00df (Altersgruppe IB, 23 Punkte, 1. Platz)<\/li>\n<li>Esther Koenig (Altersgruppe II, 23 Punkte, 1. Platz mit Weiterleitung zum Landeswettbewerb)<\/li>\n<li>Jonathan Menzel (Altersgruppe III, 23 Punkte, 1. Platz mit Weiterleitung zum Landeswettbewerb)<\/li>\n<\/ul>\n<p><strong>Klasse Michael Hoover, Violine \/ Musikschule Unteres Remstal bei Stuttgart<\/strong><\/p>\n<ul>\n<li>11 Sch\u00fcler haben teilgenommen, davon acht 1. Preise mit Weiterleitung zum Landeswettbewerb und drei 2. Preise<\/li>\n<li>au\u00dferdem: Julia Hoover (Stuttgart), 25 Punkte (Mendelssohn Violinkonzert, 1. Satz, Bach g-Moll Solosonate, 1. Satz, Barkauskas Partita f\u00fcr Solovioline, 2. Satz)<\/li>\n<\/ul>\n<p><strong>Klasse Isabel Morey Suau, Violine \/ Junge Camerata Academica in Kiel<\/strong><\/p>\n<p>Isabel Morey Suau schreibt:<em> \u201eIch freue mich sehr, dass wieder so viele Sch\u00fclerinnen und Sch\u00fcler der Jungen Camerata Academica so erfolgreich beim Regionalwettweberb &#8222;Jugend musiziert&#8220; waren.\u201c<\/em><\/p>\n<ul>\n<li>Dietlind: 1. Preis Solowertung<\/li>\n<li>Franka: 1. Preis Solowertung<\/li>\n<li>Am\u00e8lia: 1. Preis Solo- und Kammermusikwertung<\/li>\n<li>Sonja: 1. Preis Solowertung<\/li>\n<li>John: 1. Preis Solo- und Kammermusikwertung<\/li>\n<li>Hanna: 1. Preis Solowertung<\/li>\n<li>Arnhild: 2. Preis Solowertung<\/li>\n<li>Lisa Maria: 1. Preis Solowertung<\/li>\n<\/ul>\n<p><em>Ehemalige Sch\u00fcler:<\/em><\/p>\n<ul>\n<li>Tirza: 1. Preis Solowertung<\/li>\n<li>Natalja: 1. Preis Kammermusik<\/li>\n<li>Max: 1. Preis Solowertung<\/li>\n<li>Isabella: 1. Preis Solo- und Kammermusikwertung<\/li>\n<li>Elin: 1. Preis Kammermusikwertung<\/li>\n<\/ul>\n<p><strong>Klasse Annette Seyfried, Violine \/ Junge Streicherakademie in Mainz<\/strong><\/p>\n<ul>\n<li>Anna Salaru: 25 Punkte, 1. Preis, Altersgruppe Ia<\/li>\n<li>Clara Bergmann: 24 Punkte 1. Preis, Altersgruppe Ia<\/li>\n<li>Katalin Schmidt-Kittler: 25 Punkte 1. Preis, Altersgruppe Ib<\/li>\n<li>Katharina Gimm: 25 Punkte 1. Preis, Altersgruppe Ib<\/li>\n<li>Emilie Wolf: 25 Punkte 1. Preis, Altersgruppe Ib<\/li>\n<li>Gregor Salaru: 23 Punkte 1. Preis, Altersgruppe Ib<\/li>\n<li>Kim Chi Stutzinger: 25 Punkte 1. Preis mit Weiterleitung LW Hessen, Altersgruppe II<\/li>\n<li>Marlene Ju: 24 Punkte 1. Preis mit Weiterleitung LW Hessen, Altersgruppe II<\/li>\n<li>Clara Wirth: 24 Punkte 1. Preis mit Weiterleitung LW Rh.-Pfalz, Altersgruppe II<\/li>\n<li>Maria W\u00f6llstein: 24 Punkte 1. Preis mit Weiterleitung LW Rh.-Pfalz, Altersgruppe II<\/li>\n<li>Lilli K\u00f6pf: 25 Punkte 1. Preis mit Weiterleitung LW Rh.-Pfalz, Altersgruppe III<\/li>\n<li>Emma M\u00fchlnickel: 24 Punkte 1. Preis mit Weiterleitung LW Rh.-Pfalz, Altersgruppe III<\/li>\n<li>Leyla Baladajev: 23 Punkte 1. Preis mit Weiterleitung LW Hessen, Altersgruppe III<\/li>\n<li>Klaviertrio Gregor Salaru, Violine\/Sieglinde Brauers, Violoncello\/Andreas Salaru, Klavier: 23 Punkte 1. Preis, Altersgruppe Ib<\/li>\n<\/ul>\n<p><strong>Klasse Maria Koszalka, Violine \/ Musikschule Hattingen<\/strong><\/p>\n<ul>\n<li>Mia Helle (Altersgruppe Ib, in Dortmund am 23.1. gespielt): 24 Punkte<\/li>\n<li>Franka Wielath (Altersgruppe Ib, Iserlohn, 30.1.): 24 Punkte, h\u00f6chste Punktzahl der Gruppe<\/li>\n<li>Emilia Brockhaus (Altersgruppe II, Iserlohn, 30.1.): 25 Punkte, h\u00f6chste Punktzahl der Gruppe, mit Weiterleitung<\/li>\n<li>Helana Happich (Altersgruppe III, Iserlohn, 30.1.): 25 Punkte, mit Weiterleitung<\/li>\n<\/ul>\n","protected":false},"excerpt":{"rendered":"<p>&nbsp; Liebe Lehrerinnen und Lehrer der DSG! Liebe Sch\u00fclereltern! In den letzten Tagen erreichten uns zahlreiche positive Nachrichten von Suzuki-Lehrern, die uns voller Freude von der erfolgreichen Teilnahme ihrer Sch\u00fcler&#8230;<\/p>\n","protected":false},"author":2,"featured_media":0,"comment_status":"open","ping_status":"open","sticky":false,"template":"","format":"standard","meta":[],"categories":[3],"tags":[],"_links":{"self":[{"href":"https:\/\/www.germansuzuki.de\/index.php?rest_route=\/wp\/v2\/posts\/6071"}],"collection":[{"href":"https:\/\/www.germansuzuki.de\/index.php?rest_route=\/wp\/v2\/posts"}],"about":[{"href":"https:\/\/www.germansuzuki.de\/index.php?rest_route=\/wp\/v2\/types\/post"}],"author":[{"embeddable":true,"href":"https:\/\/www.germansuzuki.de\/index.php?rest_route=\/wp\/v2\/users\/2"}],"replies":[{"embeddable":true,"href":"https:\/\/www.germansuzuki.de\/index.php?rest_route=%2Fwp%2Fv2%2Fcomments&post=6071"}],"version-history":[{"count":18,"href":"https:\/\/www.germansuzuki.de\/index.php?rest_route=\/wp\/v2\/posts\/6071\/revisions"}],"predecessor-version":[{"id":6097,"href":"https:\/\/www.germansuzuki.de\/index.php?rest_route=\/wp\/v2\/posts\/6071\/revisions\/6097"}],"wp:attachment":[{"href":"https:\/\/www.germansuzuki.de\/index.php?rest_route=%2Fwp%2Fv2%2Fmedia&parent=6071"}],"wp:term":[{"taxonomy":"category","embeddable":true,"href":"https:\/\/www.germansuzuki.de\/index.php?rest_route=%2Fwp%2Fv2%2Fcategories&post=6071"},{"taxonomy":"post_tag","embeddable":true,"href":"https:\/\/www.germansuzuki.de\/index.php?rest_route=%2Fwp%2Fv2%2Ftags&post=6071"}],"curies":[{"name":"wp","href":"https:\/\/api.w.org\/{rel}","templated":true}]}}