{"id":6052,"date":"2016-01-30T21:02:44","date_gmt":"2016-01-30T19:02:44","guid":{"rendered":"http:\/\/www.germansuzuki.com\/?p=6052"},"modified":"2018-01-08T15:59:47","modified_gmt":"2018-01-08T13:59:47","slug":"brian-lewis-kommt-wieder-zur-konferenz-nach-remscheid","status":"publish","type":"post","link":"https:\/\/www.germansuzuki.de\/?p=6052","title":{"rendered":"Brian Lewis kommt wieder zur Konferenz nach Remscheid!"},"content":{"rendered":"<h2 style=\"text-align: center;\"><span style=\"color: #000000;\">SEHR GUTE NEUIGKEITEN!<\/span><\/h2>\n<p><a href=\"http:\/\/www.germansuzuki.com\/wp-content\/uploads\/2016\/01\/Ank\u00fcndigung_quer_D_kl.jpg\"><img decoding=\"async\" loading=\"lazy\" class=\"  wp-image-6060 aligncenter\" src=\"http:\/\/www.germansuzuki.com\/wp-content\/uploads\/2016\/01\/Ank\u00fcndigung_quer_D_kl-1024x724.jpg\" alt=\"Ank\u00fcndigung_quer_D.indd\" width=\"560\" height=\"396\" srcset=\"https:\/\/www.germansuzuki.de\/wp-content\/uploads\/2016\/01\/Ank\u00fcndigung_quer_D_kl-1024x724.jpg 1024w, https:\/\/www.germansuzuki.de\/wp-content\/uploads\/2016\/01\/Ank\u00fcndigung_quer_D_kl-300x212.jpg 300w\" sizes=\"(max-width: 560px) 100vw, 560px\" \/><\/a><\/p>\n<p><span style=\"color: #0000ff;\"><strong>Brian Lewis <\/strong><\/span>hat sich bereit erkl\u00e4rt, zur 8. Europ\u00e4ischen Suzukilehrer-Konferenz im n\u00e4chsten Herbst nach Remscheid zu kommen und wird dort einen dreit\u00e4gigen Intensivkurs f\u00fcr Geigenlehrer halten.<br \/>\n<strong><span style=\"color: #0000ff;\">Nun fragen wir Sie, liebe Kolleginnen und Kollegen, was w\u00fcrden Sie gerne als Themen vorschlagen?<\/span> <\/strong>Wir w\u00fcrden uns freuen, von Ihnen Anregungen und Vorschl\u00e4ge zu h\u00f6ren. Auch Ihre Kommentare zu Brians Kursen auf der letzten Konferenz sind f\u00fcr uns von Interesse! Haben Sie spezielle Bereiche der Violintechnik und des Repertoires, die Sie gerne vertiefen m\u00f6chten ?<br \/>\nIm Jahre 2015 unterrichtete Brian u.a. das Violinkonzert in a-Moll von J.S. Bach und Teile aus den 40 Variationen von O. Sevcik. Helen Hines schrieb zwei sehr detaillierte Berichte (die Links finden Sie weiter unten), zahlreiche \u00dcbungen wurden beschrieben und f\u00fcnf Kurzfilme aufgenommen. Wir ver\u00f6ffentlichten diese Materialien und machten sie damit f\u00fcr jedermann zug\u00e4nglich, so dass Sie, selbst wenn Sie nicht zu der Konferenz kommen konnten, immer noch die M\u00f6glichkeit haben, einen Teil der Erfahrung von Brians Know-how kennenzulernen.<\/p>\n<p><span style=\"color: #0000ff;\"><strong>Nat\u00fcrlich w\u00fcrden wir uns freuen, Sie dort pers\u00f6nlich im Oktober dieses Jahres wiederzusehen!<\/strong> <\/span>Die Online-Anmeldung beginnt im April.<\/p>\n<p>Alles Gute w\u00fcnschen<br \/>\nHelen Hines, Heidi Curatolo, Charles Krigbaum &amp; Kerstin Wartberg<\/p>\n<div id=\"content\">\n<div id=\"post-5900\" class=\"post\">\n<h2 style=\"text-align: center;\">7. Europ\u00e4ische Suzukilehrer-Konferenz, Bericht von Helen Hines<\/h2>\n<\/div>\n<\/div>\n<p style=\"text-align: center;\">Teil 1: <a href=\"http:\/\/www.germansuzuki.com\/?p=5900\">http:\/\/www.germansuzuki.com\/?p=5900<\/a><br \/>\nTeil 2: <a href=\"http:\/\/www.germansuzuki.com\/?p=5995\">http:\/\/www.germansuzuki.com\/?p=5995<\/a><\/p>\n<p><a href=\"http:\/\/www.germansuzuki.com\/wp-content\/uploads\/2016\/01\/Ank\u00fcndigung_thumbnail.jpg\"><img decoding=\"async\" loading=\"lazy\" class=\"aligncenter size-full wp-image-6066\" src=\"http:\/\/www.germansuzuki.com\/wp-content\/uploads\/2016\/01\/Ank\u00fcndigung_thumbnail.jpg\" alt=\"Ank\u00fcndigung_quer_D.indd\" width=\"219\" height=\"155\" \/><\/a><\/p>\n","protected":false},"excerpt":{"rendered":"<p>SEHR GUTE NEUIGKEITEN! Brian Lewis hat sich bereit erkl\u00e4rt, zur 8. Europ\u00e4ischen Suzukilehrer-Konferenz im n\u00e4chsten Herbst nach Remscheid zu kommen und wird dort einen dreit\u00e4gigen Intensivkurs f\u00fcr Geigenlehrer halten. Nun&#8230;<\/p>\n","protected":false},"author":2,"featured_media":6066,"comment_status":"open","ping_status":"open","sticky":false,"template":"","format":"standard","meta":[],"categories":[1],"tags":[],"_links":{"self":[{"href":"https:\/\/www.germansuzuki.de\/index.php?rest_route=\/wp\/v2\/posts\/6052"}],"collection":[{"href":"https:\/\/www.germansuzuki.de\/index.php?rest_route=\/wp\/v2\/posts"}],"about":[{"href":"https:\/\/www.germansuzuki.de\/index.php?rest_route=\/wp\/v2\/types\/post"}],"author":[{"embeddable":true,"href":"https:\/\/www.germansuzuki.de\/index.php?rest_route=\/wp\/v2\/users\/2"}],"replies":[{"embeddable":true,"href":"https:\/\/www.germansuzuki.de\/index.php?rest_route=%2Fwp%2Fv2%2Fcomments&post=6052"}],"version-history":[{"count":10,"href":"https:\/\/www.germansuzuki.de\/index.php?rest_route=\/wp\/v2\/posts\/6052\/revisions"}],"predecessor-version":[{"id":6070,"href":"https:\/\/www.germansuzuki.de\/index.php?rest_route=\/wp\/v2\/posts\/6052\/revisions\/6070"}],"wp:featuredmedia":[{"embeddable":true,"href":"https:\/\/www.germansuzuki.de\/index.php?rest_route=\/wp\/v2\/media\/6066"}],"wp:attachment":[{"href":"https:\/\/www.germansuzuki.de\/index.php?rest_route=%2Fwp%2Fv2%2Fmedia&parent=6052"}],"wp:term":[{"taxonomy":"category","embeddable":true,"href":"https:\/\/www.germansuzuki.de\/index.php?rest_route=%2Fwp%2Fv2%2Fcategories&post=6052"},{"taxonomy":"post_tag","embeddable":true,"href":"https:\/\/www.germansuzuki.de\/index.php?rest_route=%2Fwp%2Fv2%2Ftags&post=6052"}],"curies":[{"name":"wp","href":"https:\/\/api.w.org\/{rel}","templated":true}]}}