{"id":6032,"date":"2016-01-25T09:30:47","date_gmt":"2016-01-25T07:30:47","guid":{"rendered":"http:\/\/www.germansuzuki.com\/?p=6032"},"modified":"2016-03-08T11:07:20","modified_gmt":"2016-03-08T09:07:20","slug":"terminuebersicht-2016","status":"publish","type":"post","link":"https:\/\/www.germansuzuki.de\/?p=6032","title":{"rendered":"Termin\u00fcbersicht 2016"},"content":{"rendered":"<h2>30. &#8211; 31.01.2016<\/h2>\n<p><strong>Lehrerkurs der Stufe 4 in D\u00fcsseldorf<br \/>\nLeitung: Kathrin Averdung<\/strong><\/p>\n<h1><\/h1>\n<h2>23. &#8211; 27.03.2016<\/h2>\n<h2>INTERNATIONAL SUZUKI TEACHERS EXCHANGE<\/h2>\n<p><span style=\"color: #808000;\"><strong>Oster-Kurse f\u00fcr Geigenlehrer auf Mallorca<\/strong><\/span><\/p>\n<p>Es finden f\u00fcnf parallele Intensivkurse statt <strong>(Hefte 1b, 4 und 6 sowie Basis Violintechnik und Zusatzliteratur)<\/strong>.<\/p>\n<p>Vom <b>22. bis 23. M\u00e4rz 2016 <\/b>besteht au\u00dferdem die M\u00f6glichkeit, Einzelunterricht bei Frau Wartberg oder Herrn G\u00e4hler zu erhalten.<br \/>\nDas Programm wird individuell mit dem Kursteilnehmer festgelegt.<\/p>\n<p>Die Teilnehmer wohnen <b>direkt am Meer <\/b>in einem <b>4-Sterne-Hotel zu \u00e4u\u00dferst g\u00fcnstigen Preisen<\/b>, die etwa die H\u00e4lfte des normalen Hotelpreises betragen (in etwa mit den Preisen der Akademie Remscheid zu vergleichen). Es besteht auch die M\u00f6glichkeit, Familienangeh\u00f6rige mitzubringen.<\/p>\n<p><a href=\"http:\/\/www.germansuzuki.com\/?p=5702\">http:\/\/www.germansuzuki.com\/?p=5702<\/a><\/p>\n<h2><\/h2>\n<h2>24. &#8211; 27.03.2016<br \/>\nINTERNATIONALER SUZUKI-SCH\u00dcLER WORKSHOP<\/h2>\n<p><span style=\"color: #808000;\"><strong>Mini-Workshop f\u00fcr Geigensch\u00fcler der Hefte 1-6 auf Mallorca<\/strong><\/span><\/p>\n<p>&nbsp;<\/p>\n<blockquote><p><strong>Ferien mit Musik und Freizeit f\u00fcr die ganze Familie<br \/>\n<\/strong><\/p>\n<p><em>Liebe Eltern,<\/em><\/p>\n<p><em>erleben Sie mit Ihren Kindern die sch\u00f6ne Insel und ein morgendliches, intensives Musikprogramm (zweimal Gruppenunterricht pro Tag und ein Abendkonzert mit allen Kindern).<\/em><br \/>\n<em> Mallorca hat eine Menge zu bieten!<\/em><br \/>\n<em> Genie\u00dfen Sie die Kombination von Musik und einen Familienurlaub in einer wundersch\u00f6nen Landschaft.<\/em><\/p>\n<p><a href=\"http:\/\/www.germansuzuki.com\/?p=5702\">http:\/\/www.germansuzuki.com\/?p=5702<\/a><\/p><\/blockquote>\n<p>&nbsp;<\/p>\n<h2>29.03. &#8211; 02.04.2016<\/h2>\n<p><strong>Workshop f\u00fcr junge Streicher in Baden-W\u00fcrttemberg<\/strong><br \/>\n<strong>Leitung: Michael Hoover<\/strong><\/p>\n<p><strong><a href=\"http:\/\/www.germansuzuki.com\/?p=5884\">http:\/\/www.germansuzuki.com\/?p=5884<\/a><\/strong><\/p>\n<p>&nbsp;<\/p>\n<h2>29.04. &#8211; 01.05.2016<\/h2>\n<p><strong>CML-Workshop in N\u00fcrnberg<\/strong><\/p>\n<p><strong>Leitung: Marco Messina<\/strong><br \/>\n<strong><a href=\"http:\/\/www.germansuzuki.com\/?p=5982\">http:\/\/www.germansuzuki.com\/?p=5982<\/a><\/strong><\/p>\n<h2><\/h2>\n<h2>26. &#8211; 29.05.2016<\/h2>\n<p><strong>Suzuki-Tage im Park<\/strong><br \/>\n<strong>organisiert vom Suzuki-Kreis Mittelfranken e.V. und der Musikschule F\u00fcrth e.V.<\/strong><br \/>\n<strong>Leitung: Frank Richter<\/strong><\/p>\n<p><strong><a href=\"http:\/\/www.germansuzuki.com\/?p=6025\">http:\/\/www.germansuzuki.com\/?p=6025<\/a><\/strong><\/p>\n<h2><\/h2>\n<h2>03. &#8211; 05.06.2016<\/h2>\n<p><strong>Geigenfreizeit Altleiningen 2016<\/strong><br \/>\n<strong>Dozenten: Ditte Barth, Janine Zillmann, Heidi K\u00f6nig, Liana Mogilevskaja, Max Paetzold, Olga Nodel, David Rodriguez Toledo, Gino Romero Ramirez, Viktoria Burjakovskaya, Bradly Johnson, Andrea Quiroz<\/strong><\/p>\n<p><strong><a href=\"http:\/\/www.germansuzuki.com\/?p=6187\">http:\/\/www.germansuzuki.com\/?p=6187<\/a><\/strong><\/p>\n<h2><\/h2>\n<h2>25. &#8211; 26.06.2016<\/h2>\n<p><strong>Suzuki Fl\u00f6tenworkshop in Nagold<\/strong><br \/>\n<strong>Dozenten: Karen Lavie (Niederlande), Britta Roscher, Michael Siefke, Christoph Kieser<\/strong><br \/>\n<strong><a href=\"http:\/\/www.germansuzuki.com\/?p=6173\">http:\/\/www.germansuzuki.com\/?p=6173<\/a><\/strong><\/p>\n<h2><\/h2>\n<h2>21. &#8211; 30.07.2016<\/h2>\n<p><strong>4. Meisterkurs f\u00fcr Violine mit Prof. Koji Toyoda<\/strong><br \/>\n<strong>Clara-Schumann-Musikschule D\u00fcsseldorf<\/strong><br \/>\n<strong>Anmeldeschluss: 13. Mai 2016<\/strong><br \/>\n<strong><a href=\"http:\/\/www.germansuzuki.com\/?p=6202\">http:\/\/www.germansuzuki.com\/?p=6202<\/a><\/strong><\/p>\n<h2><\/h2>\n<h2>24. &#8211; 31.07.2016<\/h2>\n<p><strong>11. Internationales Suzuki Festival f\u00fcr junge Streicher<\/strong><br \/>\n<strong>M\u00fcrzzuschlag\/\u00d6sterreich<\/strong><\/p>\n<p><strong>Anmeldung ab M\u00e4rz 2016<\/strong><br \/>\n<strong><a href=\"http:\/\/www.germansuzuki.com\/?p=5987\">http:\/\/www.germansuzuki.com\/?p=5987<\/a><\/strong><\/p>\n<p>&nbsp;<\/p>\n<h2>06. &#8211; 13.08.2016<\/h2>\n<p><strong>6. International Suzuki Summerschool<\/strong><br \/>\n<strong>Interlaken\/Schweiz<\/strong><\/p>\n<p><strong>Anmeldeschluss: 31.05.2016<\/strong><br \/>\n<strong><a href=\"http:\/\/www.germansuzuki.com\/?p=6040\">http:\/\/www.germansuzuki.com\/?p=6040<\/a><\/strong><\/p>\n<p>&nbsp;<\/p>\n<h2>09. &#8211; 11.09.2016<\/h2>\n<p><strong>DEUTSCHES SUZUKI INSTITUT<br \/>\nStaatlich anerkanntes Lehrerausbildungsinstitut<br \/>\n<\/strong><\/p>\n<p><strong><strong>Violin-Examen f\u00fcr Teilnehmer der Suzuki-Lehrerausbildungskurse<br \/>\n<\/strong><\/strong><\/p>\n<p><strong>Musische Akademie im CJD Braunschweig<\/strong><\/p>\n<p>&nbsp;<\/p>\n<p>&nbsp;<\/p>\n<h2>28. &#8211; 31.10.2016<\/h2>\n<p><strong>8. Europ\u00e4ische Suzuki-Lehrerkonferenz<\/strong><br \/>\n<strong>in der Akademie Remscheid<\/strong><\/p>\n<p><strong><span style=\"color: #808000;\">Gastdozent: Brian Lewis<\/span><\/strong><\/p>\n<p><strong>Intensiv-Kurse<br \/>\nMeisterkurse f\u00fcr Sch\u00fcler und Studenten<br \/>\nReferate, Podiumsdiskussionen, Lehrerkurse, Videos, Konzerte<br \/>\nEinf\u00fchrungskurs f\u00fcr interessierte Streicherlehrer und vieles mehr<br \/>\n<\/strong><\/p>\n<p><strong><span style=\"color: #808000;\">Online-Anmeldung ab April 2016<\/span><\/strong><\/p>\n<p><a href=\"http:\/\/www.germansuzuki.com\/?p=6052\">http:\/\/www.germansuzuki.com\/?p=6052<\/a><\/p>\n","protected":false},"excerpt":{"rendered":"<p>30. &#8211; 31.01.2016 Lehrerkurs der Stufe 4 in D\u00fcsseldorf Leitung: Kathrin Averdung 23. &#8211; 27.03.2016 INTERNATIONAL SUZUKI TEACHERS EXCHANGE Oster-Kurse f\u00fcr Geigenlehrer auf Mallorca Es finden f\u00fcnf parallele Intensivkurse statt&#8230;<\/p>\n","protected":false},"author":2,"featured_media":0,"comment_status":"open","ping_status":"closed","sticky":false,"template":"","format":"standard","meta":[],"categories":[18],"tags":[],"_links":{"self":[{"href":"https:\/\/www.germansuzuki.de\/index.php?rest_route=\/wp\/v2\/posts\/6032"}],"collection":[{"href":"https:\/\/www.germansuzuki.de\/index.php?rest_route=\/wp\/v2\/posts"}],"about":[{"href":"https:\/\/www.germansuzuki.de\/index.php?rest_route=\/wp\/v2\/types\/post"}],"author":[{"embeddable":true,"href":"https:\/\/www.germansuzuki.de\/index.php?rest_route=\/wp\/v2\/users\/2"}],"replies":[{"embeddable":true,"href":"https:\/\/www.germansuzuki.de\/index.php?rest_route=%2Fwp%2Fv2%2Fcomments&post=6032"}],"version-history":[{"count":24,"href":"https:\/\/www.germansuzuki.de\/index.php?rest_route=\/wp\/v2\/posts\/6032\/revisions"}],"predecessor-version":[{"id":6209,"href":"https:\/\/www.germansuzuki.de\/index.php?rest_route=\/wp\/v2\/posts\/6032\/revisions\/6209"}],"wp:attachment":[{"href":"https:\/\/www.germansuzuki.de\/index.php?rest_route=%2Fwp%2Fv2%2Fmedia&parent=6032"}],"wp:term":[{"taxonomy":"category","embeddable":true,"href":"https:\/\/www.germansuzuki.de\/index.php?rest_route=%2Fwp%2Fv2%2Fcategories&post=6032"},{"taxonomy":"post_tag","embeddable":true,"href":"https:\/\/www.germansuzuki.de\/index.php?rest_route=%2Fwp%2Fv2%2Ftags&post=6032"}],"curies":[{"name":"wp","href":"https:\/\/api.w.org\/{rel}","templated":true}]}}