{"id":6025,"date":"2016-01-22T18:27:33","date_gmt":"2016-01-22T16:27:33","guid":{"rendered":"http:\/\/www.germansuzuki.com\/?p=6025"},"modified":"2016-01-22T18:27:33","modified_gmt":"2016-01-22T16:27:33","slug":"suzuki-tage-im-park-26-29-mai-2016","status":"publish","type":"post","link":"https:\/\/www.germansuzuki.de\/?p=6025","title":{"rendered":"Suzuki-Tage im Park 26.-29. Mai 2016"},"content":{"rendered":"<p><strong>Vom 26.-29. Mai 2016 finden bereits zum f\u00fcnften Mal die \u201eSuzuki-Tage im Park\u201c in F\u00fcrth statt.<\/strong><\/p>\n<p>Es handelt sich dabei um eine Nachfolgeveranstaltung der ehemaligen S\u00fcddeutschen Suzuki-Tage, die letztmalig 2008 stattgefunden hatten.<\/p>\n<p>Die Veranstaltung besteht u.a. aus einem Suzuki-Workshop f\u00fcr Violine und einem Orchester-Workshop f\u00fcr weitere Instrumente. Der Unterricht findet in verschieden gro\u00dfen Gruppen statt (ggf. Einzelunterricht). Es finden Sch\u00fclervorspiele statt und jeder hat die M\u00f6glichkeit zu hospitieren.<\/p>\n<p>Am Ende der Veranstaltung findet am 29. Mai um 15 Uhr ein Abschlusskonzert in der Stadthalle F\u00fcrth statt.<\/p>\n<p>Diese Veranstaltung wird zusammen vom<\/p>\n<h2>Suzuki-Kreis Mittelfranken e.V. &amp;<br \/>\nder Musikschule F\u00fcrth e.V. organisiert,<\/h2>\n<h2>die Gesamtleitung \u00fcbernimmt Frank Richter.<\/h2>\n<ul>\n<li><strong><a href=\"http:\/\/www.germansuzuki.com\/wp-content\/uploads\/2016\/01\/Einladung-Anmeldeformular.pdf\">Einladung und Anmeldeformular<\/a><\/strong><\/li>\n<li><strong><a href=\"http:\/\/www.germansuzuki.com\/wp-content\/uploads\/2016\/01\/Brief-an-die-Suzuki-Lehrer-1.pdf\">Brief an die Suzuki-Lehrer<\/a><\/strong><\/li>\n<li><strong><a href=\"http:\/\/www.germansuzuki.com\/wp-content\/uploads\/2016\/01\/Anmeldeformular-Dozent.pdf\">Anmeldeformular<\/a> f\u00fcr Dozenten, Klavierbegleiter, Beobachter u.a.<\/strong><\/li>\n<\/ul>\n<p>In K\u00fcrze ist die Anmeldung auch online unter<strong> www.skmfr.de<\/strong> m\u00f6glich!<\/p>\n<p><span style=\"color: #0000ff;\"><strong>Bis zum 03. M\u00e4rz 2016 k\u00f6nnen Sie noch von Fr\u00fchbucherrabatten profitieren!<\/strong><\/span><\/p>\n","protected":false},"excerpt":{"rendered":"<p>Vom 26.-29. Mai 2016 finden bereits zum f\u00fcnften Mal die \u201eSuzuki-Tage im Park\u201c in F\u00fcrth statt. Es handelt sich dabei um eine Nachfolgeveranstaltung der ehemaligen S\u00fcddeutschen Suzuki-Tage, die letztmalig 2008&#8230;<\/p>\n","protected":false},"author":2,"featured_media":0,"comment_status":"open","ping_status":"open","sticky":false,"template":"","format":"standard","meta":[],"categories":[9],"tags":[],"_links":{"self":[{"href":"https:\/\/www.germansuzuki.de\/index.php?rest_route=\/wp\/v2\/posts\/6025"}],"collection":[{"href":"https:\/\/www.germansuzuki.de\/index.php?rest_route=\/wp\/v2\/posts"}],"about":[{"href":"https:\/\/www.germansuzuki.de\/index.php?rest_route=\/wp\/v2\/types\/post"}],"author":[{"embeddable":true,"href":"https:\/\/www.germansuzuki.de\/index.php?rest_route=\/wp\/v2\/users\/2"}],"replies":[{"embeddable":true,"href":"https:\/\/www.germansuzuki.de\/index.php?rest_route=%2Fwp%2Fv2%2Fcomments&post=6025"}],"version-history":[{"count":3,"href":"https:\/\/www.germansuzuki.de\/index.php?rest_route=\/wp\/v2\/posts\/6025\/revisions"}],"predecessor-version":[{"id":6031,"href":"https:\/\/www.germansuzuki.de\/index.php?rest_route=\/wp\/v2\/posts\/6025\/revisions\/6031"}],"wp:attachment":[{"href":"https:\/\/www.germansuzuki.de\/index.php?rest_route=%2Fwp%2Fv2%2Fmedia&parent=6025"}],"wp:term":[{"taxonomy":"category","embeddable":true,"href":"https:\/\/www.germansuzuki.de\/index.php?rest_route=%2Fwp%2Fv2%2Fcategories&post=6025"},{"taxonomy":"post_tag","embeddable":true,"href":"https:\/\/www.germansuzuki.de\/index.php?rest_route=%2Fwp%2Fv2%2Ftags&post=6025"}],"curies":[{"name":"wp","href":"https:\/\/api.w.org\/{rel}","templated":true}]}}