{"id":5987,"date":"2016-01-30T12:43:50","date_gmt":"2016-01-30T10:43:50","guid":{"rendered":"http:\/\/www.germansuzuki.com\/?p=5987"},"modified":"2016-01-30T12:44:29","modified_gmt":"2016-01-30T10:44:29","slug":"11-internationales-suzuki-festival-fuer-junge-streicher","status":"publish","type":"post","link":"https:\/\/www.germansuzuki.de\/?p=5987","title":{"rendered":"11. Internationales Suzuki Festival f\u00fcr junge Streicher"},"content":{"rendered":"<p>Vom 24. \u2013 31. Juli 2016 findet in M\u00fcrzzuschlag (\u00d6sterreich) das 11. Internationale Suzuki-Festival f\u00fcr junge Streicher mit verschiedenen Dozenten aus Deutschland und \u00d6sterreich statt.<\/p>\n<p>F\u00fcr Kinder ohne bisherigen Unterricht oder Kinder, die ganz am Anfang stehen wird eine Schnuppergruppe angeboten. Ebenso ist am 27. Juli zus\u00e4tzlicher Einzelunterricht bei den Dozenten m\u00f6glich, um sich zus\u00e4tzlich auf die angebotenen Kurse vorzubereiten.<\/p>\n<p>Die Anmeldung erfolgt ab M\u00e4rz 2016 online auf www.brahmsmusicschool.at<\/p>\n<p>N\u00e4here Informationen zu dem detaillierten Kursablauf, den Kosten, Unterbringungsm\u00f6glichkeiten u.v.m. (auch in englischer Sprache) finden Sie hier in Form eines PDF-Dokuments: <a href=\"http:\/\/www.germansuzuki.com\/wp-content\/uploads\/2015\/12\/Suzuki-Info-2016-Neu.pdf\">KLICK<\/a><\/p>\n","protected":false},"excerpt":{"rendered":"<p>Vom 24. \u2013 31. Juli 2016 findet in M\u00fcrzzuschlag (\u00d6sterreich) das 11. Internationale Suzuki-Festival f\u00fcr junge Streicher mit verschiedenen Dozenten aus Deutschland und \u00d6sterreich statt. F\u00fcr Kinder ohne bisherigen Unterricht&#8230;<\/p>\n","protected":false},"author":2,"featured_media":0,"comment_status":"open","ping_status":"open","sticky":false,"template":"","format":"standard","meta":[],"categories":[9],"tags":[],"_links":{"self":[{"href":"https:\/\/www.germansuzuki.de\/index.php?rest_route=\/wp\/v2\/posts\/5987"}],"collection":[{"href":"https:\/\/www.germansuzuki.de\/index.php?rest_route=\/wp\/v2\/posts"}],"about":[{"href":"https:\/\/www.germansuzuki.de\/index.php?rest_route=\/wp\/v2\/types\/post"}],"author":[{"embeddable":true,"href":"https:\/\/www.germansuzuki.de\/index.php?rest_route=\/wp\/v2\/users\/2"}],"replies":[{"embeddable":true,"href":"https:\/\/www.germansuzuki.de\/index.php?rest_route=%2Fwp%2Fv2%2Fcomments&post=5987"}],"version-history":[{"count":1,"href":"https:\/\/www.germansuzuki.de\/index.php?rest_route=\/wp\/v2\/posts\/5987\/revisions"}],"predecessor-version":[{"id":5989,"href":"https:\/\/www.germansuzuki.de\/index.php?rest_route=\/wp\/v2\/posts\/5987\/revisions\/5989"}],"wp:attachment":[{"href":"https:\/\/www.germansuzuki.de\/index.php?rest_route=%2Fwp%2Fv2%2Fmedia&parent=5987"}],"wp:term":[{"taxonomy":"category","embeddable":true,"href":"https:\/\/www.germansuzuki.de\/index.php?rest_route=%2Fwp%2Fv2%2Fcategories&post=5987"},{"taxonomy":"post_tag","embeddable":true,"href":"https:\/\/www.germansuzuki.de\/index.php?rest_route=%2Fwp%2Fv2%2Ftags&post=5987"}],"curies":[{"name":"wp","href":"https:\/\/api.w.org\/{rel}","templated":true}]}}