{"id":5982,"date":"2016-01-03T17:18:11","date_gmt":"2016-01-03T15:18:11","guid":{"rendered":"http:\/\/www.germansuzuki.com\/?p=5982"},"modified":"2016-01-04T23:13:31","modified_gmt":"2016-01-04T21:13:31","slug":"neuer-cml-workshop-in-2016","status":"publish","type":"post","link":"https:\/\/www.germansuzuki.de\/?p=5982","title":{"rendered":"CML-Workshop in N\u00fcrnberg"},"content":{"rendered":"<h2><strong>Musikalisches Fr\u00fchf\u00f6rderungsprogramm CML<\/strong><br \/>\n<strong> Workshop f\u00fcr Kinder, Eltern und Lehrer<\/strong><\/h2>\n<p><a href=\"http:\/\/www.germansuzuki.com\/wp-content\/uploads\/2015\/12\/cml.jpg\"><img decoding=\"async\" loading=\"lazy\" class=\"alignleft size-medium wp-image-5991\" src=\"http:\/\/www.germansuzuki.com\/wp-content\/uploads\/2015\/12\/cml-300x284.jpg\" alt=\"cml\" width=\"300\" height=\"284\" srcset=\"https:\/\/www.germansuzuki.de\/wp-content\/uploads\/2015\/12\/cml-300x284.jpg 300w, https:\/\/www.germansuzuki.de\/wp-content\/uploads\/2015\/12\/cml.jpg 581w\" sizes=\"(max-width: 300px) 100vw, 300px\" \/><\/a><\/p>\n<p>Vom 29.04.-01.05.2016 findet in N\u00fcrnberg ein neuer CML-Workshop (\u201eChildren\u2019s Musical Laboratory\u201c) unter der Leitung von Marco Messina statt.<\/p>\n<p>Das CML-Programm\u00a0ist ein vorinstrumentaler Musikkurs, bei dem viele wichtige F\u00e4higkeiten und Bewegungen f\u00fcr das instrumentale Musizieren vorbereitet werden.<br \/>\nEs wurde vor 30 Jahren in Italien von Elena Enrico als Vorbereitung und Erg\u00e4nzung zur Suzuki Methode entwickelt. Das Programm wird aber auch mit viel Erfolg an Grundschulen ohne Instrumentalunterricht verwendet.<\/p>\n<p>Der Workshop ist f\u00fcr CML-Sch\u00fclerInnen im Alter von 3 bis 8 Jahren und ihre Eltern gedacht, die gemeinsam Musik erleben und lernen wollen. Der Workshop ist auch f\u00fcr LehrerInnen geeignet, die sich f\u00fcr das CML-Programm interessieren. Nat\u00fcrlich sind deutsche CML-LehrerInnen herzlich willkommen.<\/p>\n<h2><strong>Ausf\u00fchrlichere Informationen finden Sie <span style=\"color: #339966;\"><a style=\"color: #339966;\" href=\"http:\/\/www.germansuzuki.com\/wp-content\/uploads\/2015\/12\/CML-Workshop-Deutschland-2016-DEUTSCH.pdf\">hier<\/a><\/span>.<\/strong><\/h2>\n<p>Anmeldeschluss ist der 15. Februar 2016.<\/p>\n<h2><strong><a href=\"http:\/\/www.germansuzuki.com\/wp-content\/uploads\/2015\/12\/Application-form-Anmeldeformular-DEUTSCH.pdf\">Download des Anmeldeformulars<\/a><\/strong><\/h2>\n<p>Das ausgef\u00fcllte Formular ist per E-Mail an <a href=\"mailto:international@musicalgarden.it\">international@musicalgarden.it<\/a> einzusenden.<\/p>\n<p style=\"text-align: left;\"><strong><span style=\"color: #0000ff;\">Kursleitung:<\/span><\/strong> Marco Messina, Italien<\/p>\n<p style=\"text-align: left;\"><a href=\"http:\/\/www.germansuzuki.com\/wp-content\/uploads\/2012\/09\/CML_4_Messina.jpg\"><img decoding=\"async\" loading=\"lazy\" class=\"alignnone size-full wp-image-3732\" title=\"CML_4_Messina\" src=\"http:\/\/www.germansuzuki.com\/wp-content\/uploads\/2012\/09\/CML_4_Messina.jpg\" alt=\"\" width=\"247\" height=\"204\" \/><\/a><\/p>\n<h2 style=\"text-align: left;\"><span style=\"color: #0000ff;\">Weitere Informationen zum<br \/>\nMusikalischen Fr\u00fchf\u00f6rderungsprogramm CML<\/span><\/h2>\n<p style=\"text-align: left;\">Das Programm wendet sich an 3-8j\u00e4hrige Kinder und ihre Eltern. Nach einigen Monaten sind die Kinder bestens vorbereitet, ein Instrument zu erlernen, denn zu diesem Zeitpunkt kennen die Kinder bereits das Repertoire des ersten Suzuki-Heftes und sind mit ihm innerlich vertraut, da sie dazu gesungen und getanzt haben sowie mit jedem einzelnen St\u00fcck viele Spiele und \u00dcbungen verbinden.<\/p>\n<p style=\"text-align: left;\">In diesen Eltern-\/Kind-Kursen werden zahlreiche F\u00e4higkeiten entwickelt: Feinmotorik, Koordination, Disziplin, Lernverhalten, Entwicklung des melodischen, harmonischen und rhythmischen Geh\u00f6rs, Singen und Auswendiglernen.<\/p>\n<p style=\"text-align: left;\">Der Kurs vermittelt auch den Eltern viele gute Erfahrungen. Sie erhalten beispielsweise Anregungen f\u00fcr das t\u00e4gliche \u00dcben zuhause, lernen ihrem Kind zu helfen, wie es seine F\u00e4higkeiten verbessern und die L\u00e4nge seiner Aufmerksamkeitsspanne erweitern kann.<br \/>\nIn Italien ist dieses Programm mittlerweile weit verbreitet. Seit 1985 wurde es kontinuierlich weiterentwickelt. Viele Schulen (Suzuki-Schulen, Kinderg\u00e4rten, Grundschulen, traditionelle Musikschulen und sogar Musikhochschulen) haben CML in ihr Unterrichtsangebot aufgenommen.<\/p>\n<p style=\"text-align: left;\">Seit mehreren Jahren wird dieses Programm auch in anderen europ\u00e4ischen L\u00e4ndern angeboten.<br \/>\nWeitere Informationen erhalten Sie auf der Website <a href=\"www.musicalgarden.it\">www.musicalgarden.it<\/a><\/p>\n","protected":false},"excerpt":{"rendered":"<p>Musikalisches Fr\u00fchf\u00f6rderungsprogramm CML Workshop f\u00fcr Kinder, Eltern und Lehrer Vom 29.04.-01.05.2016 findet in N\u00fcrnberg ein neuer CML-Workshop (\u201eChildren\u2019s Musical Laboratory\u201c) unter der Leitung von Marco Messina statt. Das CML-Programm\u00a0ist ein&#8230;<\/p>\n","protected":false},"author":2,"featured_media":0,"comment_status":"open","ping_status":"open","sticky":false,"template":"","format":"standard","meta":[],"categories":[9],"tags":[],"_links":{"self":[{"href":"https:\/\/www.germansuzuki.de\/index.php?rest_route=\/wp\/v2\/posts\/5982"}],"collection":[{"href":"https:\/\/www.germansuzuki.de\/index.php?rest_route=\/wp\/v2\/posts"}],"about":[{"href":"https:\/\/www.germansuzuki.de\/index.php?rest_route=\/wp\/v2\/types\/post"}],"author":[{"embeddable":true,"href":"https:\/\/www.germansuzuki.de\/index.php?rest_route=\/wp\/v2\/users\/2"}],"replies":[{"embeddable":true,"href":"https:\/\/www.germansuzuki.de\/index.php?rest_route=%2Fwp%2Fv2%2Fcomments&post=5982"}],"version-history":[{"count":14,"href":"https:\/\/www.germansuzuki.de\/index.php?rest_route=\/wp\/v2\/posts\/5982\/revisions"}],"predecessor-version":[{"id":6021,"href":"https:\/\/www.germansuzuki.de\/index.php?rest_route=\/wp\/v2\/posts\/5982\/revisions\/6021"}],"wp:attachment":[{"href":"https:\/\/www.germansuzuki.de\/index.php?rest_route=%2Fwp%2Fv2%2Fmedia&parent=5982"}],"wp:term":[{"taxonomy":"category","embeddable":true,"href":"https:\/\/www.germansuzuki.de\/index.php?rest_route=%2Fwp%2Fv2%2Fcategories&post=5982"},{"taxonomy":"post_tag","embeddable":true,"href":"https:\/\/www.germansuzuki.de\/index.php?rest_route=%2Fwp%2Fv2%2Ftags&post=5982"}],"curies":[{"name":"wp","href":"https:\/\/api.w.org\/{rel}","templated":true}]}}