{"id":5956,"date":"2015-12-19T20:50:02","date_gmt":"2015-12-19T18:50:02","guid":{"rendered":"http:\/\/www.germansuzuki.com\/?p=5956"},"modified":"2023-01-28T11:03:52","modified_gmt":"2023-01-28T09:03:52","slug":"ein-kleines-weihnachtsgeschenk-fuer-sie","status":"publish","type":"post","link":"https:\/\/www.germansuzuki.de\/?p=5956","title":{"rendered":"Ein kleines Weihnachtsgeschenk f\u00fcr Sie!"},"content":{"rendered":"<h2 style=\"text-align: center;\">Weihnachten 2015<\/h2>\n<p style=\"text-align: center;\"><span style=\"color: #0000ff;\"><strong>Liebe Freunde und F\u00f6rderer der Deutschen Suzuki Gesellschaft, liebe ISTEX -Mitglieder!<\/strong><\/span><\/p>\n<p style=\"text-align: center;\"><strong>Anbei finden Sie ein kleines Geschenk,<br \/>\ndas Ihnen, Ihren Sch\u00fclern und Familienmitgliedern vielleicht eine Freude in den Weihnachtsfeiertagen bereiten kann.<\/strong><\/p>\n<p>Mitglieder der ISTEX-Gruppe haben das wundersch\u00f6ne franz\u00f6sische Weihnachtslied &#8222;Gloria, in excelsis Deo&#8220; arrangiert und f\u00fcr Sie zum Download zur Verf\u00fcgung gestellt.<\/p>\n<p>Unsere finnische Kollegin Greta <span id=\"fbPhotoPageCaption\" class=\"fbPhotosPhotoCaption\" tabindex=\"0\" data-ft=\"{&quot;tn&quot;:&quot;*G&quot;,&quot;type&quot;:45}\"><span class=\"hasCaption\">Hovi-Pietil\u00e4<\/span><\/span> hat dieses Lied mit ihren j\u00fcngsten Sch\u00fclern vor wenigen Tagen in einem Weihnachtskonzert gespielt und gesungen. Sehen Sie hier einen kleinen Ausschnitt des <a href=\"https:\/\/www.facebook.com\/suzukikouluoktaavia\/videos\/559338050881327\/\">Konzertes<\/a>.<\/p>\n<blockquote>\n<p style=\"text-align: center;\"><strong><span style=\"color: #0000ff;\"><a style=\"color: #0000ff;\" href=\"http:\/\/www.germansuzuki.com\/wp-content\/uploads\/2015\/12\/Gloria_ISTEX.pdf\">Hier<\/a> <\/span><span style=\"color: #000000;\">k\u00f6nnen Sie die einzelnen Stimmen herunterladen:<\/span><\/strong><br \/>\n<strong><span style=\"color: #000000;\"> Violine 1, Violine 2, Violoncello und Partitur mit Klavierstimme<\/span><br \/>\n<\/strong><\/p>\n<\/blockquote>\n<p style=\"text-align: center;\"><span style=\"color: #0000ff;\"><strong>Der Vorstand der DSG w\u00fcnscht Ihnen und Ihren Lieben<br \/>\nsch\u00f6ne Feiertage und einen guten Jahreswechsel.<\/strong><\/span><\/p>\n<p style=\"text-align: center;\"><a href=\"http:\/\/www.germansuzuki.com\/wp-content\/uploads\/2015\/12\/Gloria_Bild.jpg\"><img decoding=\"async\" loading=\"lazy\" class=\" wp-image-5966 aligncenter\" src=\"http:\/\/www.germansuzuki.com\/wp-content\/uploads\/2015\/12\/Gloria_Bild-821x1024.jpg\" alt=\"Unbenannt-1\" width=\"630\" height=\"925\" \/><\/a><\/p>\n<p>\u00a0<a href=\"http:\/\/www.germansuzuki.com\/wp-content\/uploads\/2015\/12\/ISTEX_logo_final_2015.jpg\"><img decoding=\"async\" loading=\"lazy\" class=\" wp-image-5959 aligncenter\" src=\"http:\/\/www.germansuzuki.com\/wp-content\/uploads\/2015\/12\/ISTEX_logo_final_2015-1024x723.jpg\" alt=\"ISTEX_logo_final_2015.indd\" width=\"631\" height=\"446\" srcset=\"https:\/\/www.germansuzuki.de\/wp-content\/uploads\/2015\/12\/ISTEX_logo_final_2015-1024x723.jpg 1024w, https:\/\/www.germansuzuki.de\/wp-content\/uploads\/2015\/12\/ISTEX_logo_final_2015-300x212.jpg 300w\" sizes=\"(max-width: 631px) 100vw, 631px\" \/><\/a><\/p>\n","protected":false},"excerpt":{"rendered":"<p>Weihnachten 2015 Liebe Freunde und F\u00f6rderer der Deutschen Suzuki Gesellschaft, liebe ISTEX -Mitglieder! Anbei finden Sie ein kleines Geschenk, das Ihnen, Ihren Sch\u00fclern und Familienmitgliedern vielleicht eine Freude in den&#8230;<\/p>\n","protected":false},"author":2,"featured_media":5980,"comment_status":"closed","ping_status":"open","sticky":false,"template":"","format":"standard","meta":[],"categories":[21,12,3],"tags":[],"_links":{"self":[{"href":"https:\/\/www.germansuzuki.de\/index.php?rest_route=\/wp\/v2\/posts\/5956"}],"collection":[{"href":"https:\/\/www.germansuzuki.de\/index.php?rest_route=\/wp\/v2\/posts"}],"about":[{"href":"https:\/\/www.germansuzuki.de\/index.php?rest_route=\/wp\/v2\/types\/post"}],"author":[{"embeddable":true,"href":"https:\/\/www.germansuzuki.de\/index.php?rest_route=\/wp\/v2\/users\/2"}],"replies":[{"embeddable":true,"href":"https:\/\/www.germansuzuki.de\/index.php?rest_route=%2Fwp%2Fv2%2Fcomments&post=5956"}],"version-history":[{"count":19,"href":"https:\/\/www.germansuzuki.de\/index.php?rest_route=\/wp\/v2\/posts\/5956\/revisions"}],"predecessor-version":[{"id":5981,"href":"https:\/\/www.germansuzuki.de\/index.php?rest_route=\/wp\/v2\/posts\/5956\/revisions\/5981"}],"wp:featuredmedia":[{"embeddable":true,"href":"https:\/\/www.germansuzuki.de\/index.php?rest_route=\/wp\/v2\/media\/5980"}],"wp:attachment":[{"href":"https:\/\/www.germansuzuki.de\/index.php?rest_route=%2Fwp%2Fv2%2Fmedia&parent=5956"}],"wp:term":[{"taxonomy":"category","embeddable":true,"href":"https:\/\/www.germansuzuki.de\/index.php?rest_route=%2Fwp%2Fv2%2Fcategories&post=5956"},{"taxonomy":"post_tag","embeddable":true,"href":"https:\/\/www.germansuzuki.de\/index.php?rest_route=%2Fwp%2Fv2%2Ftags&post=5956"}],"curies":[{"name":"wp","href":"https:\/\/api.w.org\/{rel}","templated":true}]}}