{"id":5923,"date":"2015-12-14T08:51:21","date_gmt":"2015-12-14T06:51:21","guid":{"rendered":"http:\/\/www.germansuzuki.com\/?p=5923"},"modified":"2015-12-14T09:17:59","modified_gmt":"2015-12-14T07:17:59","slug":"mutter-natur-gedanken-von-shinichi-suzuki","status":"publish","type":"post","link":"https:\/\/www.germansuzuki.de\/?p=5923","title":{"rendered":"Mutter Natur &#8211; Gedanken von Shinichi Suzuki"},"content":{"rendered":"<p style=\"text-align: justify;\">W\u00e4hrend der 7. Europ\u00e4ischen Suzuki-Lehrer Konferenz in der Akademie Remscheid stand folgender Vortrag auf dem Programm:<\/p>\n<h2 style=\"text-align: justify;\"><span style=\"color: #008000;\"><strong>&#8222;Die philosophische Grundlage der Suzuki-Methode&#8220;<\/strong><\/span><\/h2>\n<p style=\"text-align: justify;\">Referentin war Kerstin Wartberg, die nach ihrem Abschlu\u00df an der K\u00f6lner Musikhochschule bei Prof. Dr. Shinichi Suzuki in Japan studierte und sich intensiv mit der Methode und ihren Grundlagen besch\u00e4ftigt hat.<br \/>\nDieses Video (L\u00e4nge ca. 5,5 Minuten) zeigt einen Auszug aus dem 2. Teil des Vortrags.<\/p>\n<p><iframe loading=\"lazy\" width=\"1080\" height=\"810\" src=\"https:\/\/www.youtube.com\/embed\/Ee8UJGSyvDg?feature=oembed\" frameborder=\"0\" allow=\"autoplay; encrypted-media\" allowfullscreen><\/iframe><\/p>\n<p style=\"text-align: justify;\">Die philosophische Grundlage der Suzuki-Methode ist eng mit einigen Aspekten der Naturphilosophie verbunden, die sich mit den Prinzipien und Vorg\u00e4ngen in der Natur besch\u00e4ftigt, nach denen die gesamte Sch\u00f6pfung geordnet ist.<br \/>\nDiese Erkenntnisse \u00fcbertrug Suzuki auf die Bereiche Erziehung und Kunst und entwickelte seine Unterrichtsmethode, die Lehrern, Eltern und Kindern t\u00e4glich Gelegenheit gibt, pers\u00f6nliches Wachsen und Reifen zu erleben und mitzugestalten.<\/p>\n<p>**************************<\/p>\n<p>Die 7. Europ\u00e4ische Suzuki-Lehrer Konferenz fand in Remscheid von 30.Oktober\u00a0 &#8211; 2. November 2015 statt. Die Teilnehmer kamen aus 21 europ\u00e4ischen, asiatischen, afrikanischen L\u00e4ndern sowie der USA, Kanada und S\u00fcdamerika. Veranstalter der Konferenz war die Deutsche Suzuki Gesellschaft.<\/p>\n<p>&nbsp;<\/p>\n<blockquote>\n<h2 style=\"text-align: center;\" data-block=\"true\" data-offset-key=\"amn5c-0-0\" data-reactid=\".2.1:4.0.$right.0.0.0.0.1.0.0.1.0.$amn5c\"><span style=\"color: #008000;\"><strong>8. Europ\u00e4ische Suzuki-Lehrer Konferenz<br \/>\n<\/strong><strong>28. &#8211; 31. Oktober 2016<br \/>\nin der Akademie Remscheid<br \/>\n<\/strong><\/span><\/h2>\n<div style=\"text-align: center;\" data-block=\"true\" data-offset-key=\"btvab-0-0\" data-reactid=\".2.1:4.0.$right.0.0.0.0.1.0.0.1.0.$btvab\">\n<h4><em>Wir w\u00fcrden uns freuen,<br \/>\nSie auf der Suzuki-Lehrerkonferenz 2016 begr\u00fc\u00dfen zu k\u00f6nnen!<\/em><\/h4>\n<\/div>\n<h2 style=\"text-align: center;\"><span style=\"color: #008000;\"><strong>Jeder Suzuki-Lehrer<br \/>\nund jeder interessierte Streicherlehrer<br \/>\nist herzlich WILLKOMMEN!<\/strong><\/span><\/h2>\n<\/blockquote>\n<div id=\"post-1500\" style=\"text-align: left;\">\n<div>\n<p><a href=\"http:\/\/en.germansuzuki.com\/wp-content\/uploads\/2014\/10\/index.jpg\"><img decoding=\"async\" loading=\"lazy\" class=\" aligncenter\" src=\"http:\/\/en.germansuzuki.com\/wp-content\/uploads\/2014\/10\/index.jpg\" alt=\"index\" width=\"91\" height=\"91\" \/><\/a><\/p>\n<h2 style=\"text-align: center;\"><strong><span style=\"color: #008000;\">Werden Sie Mitglied in unserer ISTEX Facebook-Gruppe!<\/span><\/strong><\/h2>\n<p style=\"text-align: center;\"><strong><span style=\"color: #008000;\"><br \/>\n<a href=\"http:\/\/en.germansuzuki.com\/wp-content\/uploads\/2015\/12\/ISTEX_logo_final_2015.jpg\"><img decoding=\"async\" loading=\"lazy\" class=\"alignnone  wp-image-2067\" src=\"http:\/\/en.germansuzuki.com\/wp-content\/uploads\/2015\/12\/ISTEX_logo_final_2015-1024x723.jpg\" alt=\"ISTEX_logo_final_2015.indd\" width=\"377\" height=\"266\" \/><\/a><br \/>\n<\/span><\/strong><\/p>\n<h2 style=\"text-align: center;\"><strong><span style=\"color: #008000;\"><a href=\"https:\/\/www.facebook.com\/groups\/suzuki.teaching.ideas\/\">ISTEX &#8211; International Suzuki Teachers EXchange<\/a><\/span><\/strong><\/h2>\n<\/div>\n<\/div>\n<h2 style=\"text-align: center;\" data-block=\"true\" data-offset-key=\"amn5c-0-0\" data-reactid=\".2.1:4.0.$right.0.0.0.0.1.0.0.1.0.$amn5c\"><\/h2>\n","protected":false},"excerpt":{"rendered":"<p>W\u00e4hrend der 7. Europ\u00e4ischen Suzuki-Lehrer Konferenz in der Akademie Remscheid stand folgender Vortrag auf dem Programm: &#8222;Die philosophische Grundlage der Suzuki-Methode&#8220; Referentin war Kerstin Wartberg, die nach ihrem Abschlu\u00df an&#8230;<\/p>\n","protected":false},"author":2,"featured_media":0,"comment_status":"open","ping_status":"open","sticky":false,"template":"","format":"standard","meta":[],"categories":[3],"tags":[],"_links":{"self":[{"href":"https:\/\/www.germansuzuki.de\/index.php?rest_route=\/wp\/v2\/posts\/5923"}],"collection":[{"href":"https:\/\/www.germansuzuki.de\/index.php?rest_route=\/wp\/v2\/posts"}],"about":[{"href":"https:\/\/www.germansuzuki.de\/index.php?rest_route=\/wp\/v2\/types\/post"}],"author":[{"embeddable":true,"href":"https:\/\/www.germansuzuki.de\/index.php?rest_route=\/wp\/v2\/users\/2"}],"replies":[{"embeddable":true,"href":"https:\/\/www.germansuzuki.de\/index.php?rest_route=%2Fwp%2Fv2%2Fcomments&post=5923"}],"version-history":[{"count":5,"href":"https:\/\/www.germansuzuki.de\/index.php?rest_route=\/wp\/v2\/posts\/5923\/revisions"}],"predecessor-version":[{"id":5930,"href":"https:\/\/www.germansuzuki.de\/index.php?rest_route=\/wp\/v2\/posts\/5923\/revisions\/5930"}],"wp:attachment":[{"href":"https:\/\/www.germansuzuki.de\/index.php?rest_route=%2Fwp%2Fv2%2Fmedia&parent=5923"}],"wp:term":[{"taxonomy":"category","embeddable":true,"href":"https:\/\/www.germansuzuki.de\/index.php?rest_route=%2Fwp%2Fv2%2Fcategories&post=5923"},{"taxonomy":"post_tag","embeddable":true,"href":"https:\/\/www.germansuzuki.de\/index.php?rest_route=%2Fwp%2Fv2%2Ftags&post=5923"}],"curies":[{"name":"wp","href":"https:\/\/api.w.org\/{rel}","templated":true}]}}