{"id":5804,"date":"2015-11-22T18:10:35","date_gmt":"2015-11-22T16:10:35","guid":{"rendered":"http:\/\/www.germansuzuki.com\/?p=5804"},"modified":"2015-11-25T23:59:25","modified_gmt":"2015-11-25T21:59:25","slug":"unvergessliche-momente","status":"publish","type":"post","link":"https:\/\/www.germansuzuki.de\/?p=5804","title":{"rendered":"Unvergessliche Momente"},"content":{"rendered":"<h2 class=\"yt watch-title-container\" style=\"text-align: right;\"><span style=\"color: #0000ff;\"><span id=\"eow-title\" class=\"watch-title \" dir=\"ltr\" title=\"Suzuki Violinensemble M\u00fcnchen\"><a href=\"http:\/\/www.germansuzuki.com\/wp-content\/uploads\/2015\/08\/11392894_642971355837135_6378972313770432150_n.jpg\"><img decoding=\"async\" loading=\"lazy\" class=\"  wp-image-5667 alignleft\" src=\"http:\/\/www.germansuzuki.com\/wp-content\/uploads\/2015\/08\/11392894_642971355837135_6378972313770432150_n.jpg\" alt=\"11392894_642971355837135_6378972313770432150_n\" width=\"205\" height=\"143\" \/><\/a>Impressionen des<br \/>\nSuzuki Violin-Ensembles<br \/>\nM\u00fcnchen e.V. von der<br \/>\n<\/span>Konzertreise im April 2015<\/span><\/h2>\n<p><span style=\"color: #ffffff;\">1<\/span><\/p>\n<p>Die Suzuki-Lehrerin <strong><a href=\"http:\/\/www.germansuzuki.com\/?p=3677\">Hannelore D\u00f6rries<\/a><\/strong> hat es sich neben ihrem ausgezeichneten Unterricht zur Aufgabe gemacht, Kinder und Eltern f\u00fcr sch\u00f6ne, geschichtstr\u00e4chtige St\u00e4tten zu begeistern. Im Jahre 2015 f\u00fchrte sie ihre Sch\u00fcler und Sch\u00fclereltern nach Rom, und f\u00fcr das n\u00e4chste Jahr ist bereits eine Reise nach Paris geplant. Dazu finden Sie am Ende dieses Berichts einen kurzen YouTube-Film.<\/p>\n<p>Sicherlich ist die musikalische und organisatorische Planung dieser Reisen sehr aufw\u00e4ndig, aber selbst nach bisher mehr als 15 Konzertreisen betonen alle Beteiligten, dass die vielen unvergesslichen Momente in jedem Fall die M\u00fchen im Vorfeld vergessen lassen und bei allen Beteiligten noch lange nachklingen.<\/p>\n<p><span style=\"color: #ffffff;\">1<\/span><\/p>\n<blockquote>\n<h2><span style=\"color: #000000;\"><strong>Konzertreise vom 23.\u2013 29.05.2015<\/strong><\/span><\/h2>\n<p><span style=\"color: #000000;\"><strong>23.05<\/strong>.<strong>2015:<\/strong> 1. Konzert im r\u00f6mischen Pantheon um 17:00 Uhr<\/span><\/p>\n<p><span style=\"color: #000000;\"><strong>24.05<\/strong>.<strong>2015:<\/strong> 2. Konzert im Pantheon um 9:30 Uhr, anschlie\u00dfend Rosenregen<\/span><\/p>\n<p><span style=\"color: #000000;\"><strong>25.05.<\/strong><strong>2015:<\/strong> 3. Konzert in der r\u00f6mischen Waldenser Kirche um 18:30 Uhr<\/span><\/p>\n<p><span style=\"color: #000000;\"><strong>27.05.<\/strong><strong>2015:<\/strong> 4. Konzert auf dem Petersplatz w\u00e4hrend der Papstaudienz<\/span><\/p>\n<p><span style=\"color: #000000;\"><strong>28.05.<\/strong><strong>2015: <\/strong>5. Konzert in der Waldenser Kirche um 18:00 Uhr<\/span><\/p><\/blockquote>\n<p><a href=\"http:\/\/www.germansuzuki.com\/wp-content\/uploads\/2015\/11\/3a.jpg\"><img decoding=\"async\" loading=\"lazy\" class=\" wp-image-5805  alignleft\" src=\"http:\/\/www.germansuzuki.com\/wp-content\/uploads\/2015\/11\/3a-1024x580.jpg\" alt=\"3a\" width=\"599\" height=\"399\" \/><\/a><br \/>\n<span style=\"color: #ffffff;\">UUUUUUUUUUUUUUUUUUUUUUUUUUUUUUUUUUUUUUUUUUU<\/span><br \/>\n<span style=\"color: #000000;\">Konzert auf dem Petersplatz w\u00e4hrend der Papstaudienz<br \/>\n<span style=\"color: #ffffff;\">1<\/span><br \/>\n<\/span><a href=\"http:\/\/www.germansuzuki.com\/wp-content\/uploads\/2015\/11\/1c.jpg\"><img decoding=\"async\" loading=\"lazy\" class=\"  wp-image-5807 alignleft\" src=\"http:\/\/www.germansuzuki.com\/wp-content\/uploads\/2015\/11\/1c-1024x587.jpg\" alt=\"1c\" width=\"600\" height=\"344\" srcset=\"https:\/\/www.germansuzuki.de\/wp-content\/uploads\/2015\/11\/1c-1024x587.jpg 1024w, https:\/\/www.germansuzuki.de\/wp-content\/uploads\/2015\/11\/1c-300x172.jpg 300w\" sizes=\"(max-width: 600px) 100vw, 600px\" \/><\/a><\/p>\n<p><span style=\"color: #ffffff;\">PPPPPPPPPPPPPPPPPPPPPPPPPPPPPPPPPPPPPP<\/span><\/p>\n<p style=\"text-align: left;\"><a href=\"http:\/\/www.germansuzuki.com\/wp-content\/uploads\/2015\/11\/3b.jpg\"><img decoding=\"async\" loading=\"lazy\" class=\"  wp-image-5806 alignleft\" src=\"http:\/\/www.germansuzuki.com\/wp-content\/uploads\/2015\/11\/3b-1024x596.jpg\" alt=\"3b\" width=\"600\" height=\"349\" srcset=\"https:\/\/www.germansuzuki.de\/wp-content\/uploads\/2015\/11\/3b-1024x596.jpg 1024w, https:\/\/www.germansuzuki.de\/wp-content\/uploads\/2015\/11\/3b-300x175.jpg 300w\" sizes=\"(max-width: 600px) 100vw, 600px\" \/><\/a><\/p>\n<p style=\"text-align: left;\"><span style=\"color: #ffffff;\">EEEEEEEEEEEEEEEEEEEEEEEEEEEEE<\/span><br \/>\nPapst Franziskus f\u00e4hrt mit dem Auto vor, steigt aus &#8230;<\/p>\n<p style=\"text-align: left;\"><a href=\"http:\/\/www.germansuzuki.com\/wp-content\/uploads\/2015\/11\/2a.jpg\"><img decoding=\"async\" loading=\"lazy\" class=\"  wp-image-5808 alignleft\" src=\"http:\/\/www.germansuzuki.com\/wp-content\/uploads\/2015\/11\/2a.jpg\" alt=\"2a\" width=\"601\" height=\"399\" srcset=\"https:\/\/www.germansuzuki.de\/wp-content\/uploads\/2015\/11\/2a.jpg 814w, https:\/\/www.germansuzuki.de\/wp-content\/uploads\/2015\/11\/2a-300x199.jpg 300w\" sizes=\"(max-width: 601px) 100vw, 601px\" \/><\/a><\/p>\n<p><span style=\"color: #ffffff;\">EEEEEEEEEEEEEEEEEEEEEEEEEEEEEEEEEEEEEEEEEEE<br \/>\n<span style=\"color: #000000;\">&#8230; und winkt uns zu. Das hat uns sehr gefreut.<\/span><br \/>\n<\/span><\/p>\n<p><a href=\"http:\/\/www.germansuzuki.com\/wp-content\/uploads\/2015\/11\/D\u00f6rries_Kleine_Gruppe.jpg\"><img decoding=\"async\" loading=\"lazy\" class=\"  wp-image-5810 alignleft\" src=\"http:\/\/www.germansuzuki.com\/wp-content\/uploads\/2015\/11\/D\u00f6rries_Kleine_Gruppe-1024x598.jpg\" alt=\"D\u00f6rries_Kleine_Gruppe\" width=\"599\" height=\"350\" srcset=\"https:\/\/www.germansuzuki.de\/wp-content\/uploads\/2015\/11\/D\u00f6rries_Kleine_Gruppe-1024x598.jpg 1024w, https:\/\/www.germansuzuki.de\/wp-content\/uploads\/2015\/11\/D\u00f6rries_Kleine_Gruppe-300x175.jpg 300w\" sizes=\"(max-width: 599px) 100vw, 599px\" \/><\/a><br \/>\n<span style=\"color: #ffffff;\">EEEEEEEEEEEEEEEEEEEEEEEEEEEEEEEEEEEEEEE<\/span><\/p>\n<p><span style=\"color: #ffffff;\"><span style=\"color: #000000;\">Hier spielen wir in der <span style=\"color: #000000;\">Waldenser Kirche<\/span> in Rom.<br \/>\n<span style=\"color: #ffffff;\">1<\/span><br \/>\n<\/span><\/span><\/p>\n<p style=\"text-align: left;\"><a href=\"http:\/\/www.germansuzuki.com\/wp-content\/uploads\/2015\/11\/London_2013.jpg\"><img decoding=\"async\" loading=\"lazy\" class=\"  wp-image-5811 alignleft\" src=\"http:\/\/www.germansuzuki.com\/wp-content\/uploads\/2015\/11\/London_2013-1024x641.jpg\" alt=\"London_2013\" width=\"601\" height=\"376\" srcset=\"https:\/\/www.germansuzuki.de\/wp-content\/uploads\/2015\/11\/London_2013-1024x641.jpg 1024w, https:\/\/www.germansuzuki.de\/wp-content\/uploads\/2015\/11\/London_2013-300x188.jpg 300w\" sizes=\"(max-width: 601px) 100vw, 601px\" \/><\/a><\/p>\n<p style=\"text-align: left;\"><span style=\"color: #ffffff;\"> EEEEEEEEEEEEEEEEEEEEEEEEEEEEEEEEEEEEEEEEEEEE<br \/>\n<span style=\"color: #000000;\">Wenn man das Programm von allen f\u00fcnf Konzerten hintereinander spielen w\u00fcrde, so k\u00e4me eine Gesamtspielzeit von \u00fcber 90 Minuten zusammen. H\u00e4tte nicht unsere Lehrerin regelm\u00e4\u00dfig nach und nach das Repertoire aufgebaut und systematisch im Einzel- und im Gruppenunterricht wiederholt, w\u00e4ren diese Konzerte bestimmt nicht so erfolgreich gewesen.<br \/>\nManchmal wollte der Applaus gar nicht enden. <\/span><br \/>\n<\/span><\/p>\n<p style=\"text-align: left;\">Die Sch\u00fcler und ihre Eltern sind froh und dankbar, dass Frau D\u00f6rries weiterhin so unternehmungsfreudig und so einsatzbereit ist, obwohl viele in ihrem Alter schon lange pensioniert sind. Aber der Umgang mit Kindern und Musik bereitet ihr offensichtlich Freude und h\u00e4lt sie jung.<\/p>\n<p class=\"yt watch-title-container\" style=\"text-align: left;\">Die DSG sch\u00e4tzt sich ebenso gl\u00fccklich, solch eine engagierte Lehrerin in ihren Reihen zu haben und w\u00fcnscht Frau D\u00f6rries mit ihrem <span id=\"eow-title\" class=\"watch-title \" dir=\"ltr\" title=\"Suzuki Violinensemble M\u00fcnchen\"><span style=\"color: #000000;\">Suzuki Violin-Ensemble M\u00fcnchen e.V. weiterhin viel Erfolg!<\/span><\/span><\/p>\n<p><a href=\"http:\/\/www.germansuzuki.com\/wp-content\/uploads\/2015\/11\/2b.jpg\"><img decoding=\"async\" loading=\"lazy\" class=\"  wp-image-5809 alignleft\" src=\"http:\/\/www.germansuzuki.com\/wp-content\/uploads\/2015\/11\/2b-1024x643.jpg\" alt=\"2b\" width=\"600\" height=\"353\" \/><\/a><\/p>\n<p>&nbsp;<\/p>\n<h2 class=\"yt watch-title-container\" style=\"text-align: left;\"><span style=\"color: #ffffff;\">11111111111111111111111111111111111111<\/span><br \/>\n<span style=\"color: #000000;\">Das Suzuki Violin-Ensemble M\u00fcnchen e.V.<span id=\"eow-title\" class=\"watch-title \" dir=\"ltr\" title=\"Suzuki Violinensemble M\u00fcnchen\"> <\/span><\/span><span id=\"eow-title\" class=\"watch-title \" dir=\"ltr\" title=\"Suzuki Violinensemble M\u00fcnchen\"><span style=\"color: #000000;\">plant bereits seine n\u00e4chste Reise &#8230;<\/span><br \/>\n<\/span><\/h2>\n<p><iframe loading=\"lazy\" width=\"1080\" height=\"608\" src=\"https:\/\/www.youtube.com\/embed\/J0dICITsyjc?feature=oembed\" frameborder=\"0\" allow=\"autoplay; encrypted-media\" allowfullscreen><\/iframe><\/p>\n","protected":false},"excerpt":{"rendered":"<p>Impressionen des Suzuki Violin-Ensembles M\u00fcnchen e.V. von der Konzertreise im April 2015 1 Die Suzuki-Lehrerin Hannelore D\u00f6rries hat es sich neben ihrem ausgezeichneten Unterricht zur Aufgabe gemacht, Kinder und Eltern&#8230;<\/p>\n","protected":false},"author":2,"featured_media":5852,"comment_status":"open","ping_status":"closed","sticky":false,"template":"","format":"standard","meta":[],"categories":[3],"tags":[],"_links":{"self":[{"href":"https:\/\/www.germansuzuki.de\/index.php?rest_route=\/wp\/v2\/posts\/5804"}],"collection":[{"href":"https:\/\/www.germansuzuki.de\/index.php?rest_route=\/wp\/v2\/posts"}],"about":[{"href":"https:\/\/www.germansuzuki.de\/index.php?rest_route=\/wp\/v2\/types\/post"}],"author":[{"embeddable":true,"href":"https:\/\/www.germansuzuki.de\/index.php?rest_route=\/wp\/v2\/users\/2"}],"replies":[{"embeddable":true,"href":"https:\/\/www.germansuzuki.de\/index.php?rest_route=%2Fwp%2Fv2%2Fcomments&post=5804"}],"version-history":[{"count":56,"href":"https:\/\/www.germansuzuki.de\/index.php?rest_route=\/wp\/v2\/posts\/5804\/revisions"}],"predecessor-version":[{"id":5873,"href":"https:\/\/www.germansuzuki.de\/index.php?rest_route=\/wp\/v2\/posts\/5804\/revisions\/5873"}],"wp:featuredmedia":[{"embeddable":true,"href":"https:\/\/www.germansuzuki.de\/index.php?rest_route=\/wp\/v2\/media\/5852"}],"wp:attachment":[{"href":"https:\/\/www.germansuzuki.de\/index.php?rest_route=%2Fwp%2Fv2%2Fmedia&parent=5804"}],"wp:term":[{"taxonomy":"category","embeddable":true,"href":"https:\/\/www.germansuzuki.de\/index.php?rest_route=%2Fwp%2Fv2%2Fcategories&post=5804"},{"taxonomy":"post_tag","embeddable":true,"href":"https:\/\/www.germansuzuki.de\/index.php?rest_route=%2Fwp%2Fv2%2Ftags&post=5804"}],"curies":[{"name":"wp","href":"https:\/\/api.w.org\/{rel}","templated":true}]}}