{"id":5702,"date":"2015-10-05T17:50:01","date_gmt":"2015-10-05T15:50:01","guid":{"rendered":"http:\/\/www.germansuzuki.com\/?p=5702"},"modified":"2016-01-05T12:53:35","modified_gmt":"2016-01-05T10:53:35","slug":"oster-kurse-fuer-geigenlehrer-und-schueler-auf-mallorca","status":"publish","type":"post","link":"https:\/\/www.germansuzuki.de\/?p=5702","title":{"rendered":"Oster-Kurse f\u00fcr Geigenlehrer und -sch\u00fcler auf Mallorca"},"content":{"rendered":"<h2><\/h2>\n<blockquote>\n<h2 style=\"text-align: center;\"><strong><span style=\"color: #ff0000;\"><a style=\"color: #ff0000;\" href=\"https:\/\/www.oxid.germansuzuki.de\/mallorca\/deutsch\/\">Online &#8211; Anmeldung<\/a><\/span><\/strong><\/h2>\n<\/blockquote>\n<h2><strong>23. &#8211; 27. M\u00e4rz 2016<br \/>\n<\/strong><\/h2>\n<p style=\"text-align: left;\" align=\"center\"><strong><span style=\"color: #0000ff;\">Beginn: Mittwoch, 23. M\u00e4rz 2016, 15:30 Uhr<\/span><\/strong><br \/>\n<strong><span style=\"color: #0000ff;\"> Ende:\u00a0\u00a0\u00a0 Sonntag, 27. M\u00e4rz 2016, 13:00 Uhr<br \/>\n<\/span><\/strong><\/p>\n<h2><span style=\"color: #000000;\"><strong>Lehrerkurse<\/strong><\/span><\/h2>\n<p><span style=\"color: #000000;\">Es finden f\u00fcnf parallele Intensivkurse statt:<\/span><\/p>\n<p><span style=\"color: #000000;\">1. Suzuki Heft 1B (Perpetual Motion &#8211; Gossec Gavotte)<\/span><br \/>\n<span style=\"color: #000000;\"> 2. Suzuki Heft 4<\/span><br \/>\n<span style=\"color: #000000;\"> 3. Suzuki Heft 6<\/span><br \/>\n<span style=\"color: #000000;\"> 4. Basis Violintechnik (Anf\u00e4nger &#8211; untere Mittelstufe)<\/span><br \/>\n<span style=\"color: #000000;\"> 5. Zusatzliteratur (Einzelunterricht)<\/span><\/p>\n<p><span style=\"color: #000000;\">Die Kurse f\u00fcr Heft 1B \/ Heft 4 und Heft 6 sind geeignet, ein besonderes Repertoire zu erarbeiten oder die Inhalte zu wiederholen und zu vertiefen.<\/span><br \/>\n<span style=\"color: #000000;\"> Jeder Teacher Trainer hat seine pers\u00f6nlichen Schwerpunkte und wird diese auf seine eigene Art und Weise pr\u00e4sentieren. Deshalb bieten solche\u00a0Wiederholungskurse gute M\u00f6glichkeiten, das eigene Spektrum zu erweitern und die jeweiligen Sichtweisen unterschiedlicher Teacher Trainer kennenzulernen.<\/span><\/p>\n<p style=\"text-align: left;\"><span style=\"color: #000000;\"><strong>Kursgeb\u00fchr &#8211; Fr\u00fchbucherpreis: 190,00 \u20ac<\/strong><span style=\"color: #ff0000;\"><strong><br \/>\n<\/strong><span style=\"color: #000000;\">(Ab dem 1. Januar 2016 betr\u00e4gt die regul\u00e4re Kursgeb\u00fchr 210,00 \u20ac.)<\/span><\/span><\/span><\/p>\n<p><strong><span style=\"color: #ff0000;\">Reduzierte Kursgeb\u00fchr f\u00fcr DSG-Mitglieder: 120,00 \u20ac<\/span><\/strong><br \/>\nDer Differenzbetrag von 70,00 \u20ac wird aus verwaltungstechnischen Gr\u00fcnden auf Mallorca zur\u00fcckerstattet.<\/p>\n<p><span style=\"color: #0000ff;\"><strong>Die Teilnehmer der DSI-Lehrerkurse erhalten einen Flugkostenzuschuss von 70,00 \u20ac.<br \/>\n<\/strong><span style=\"color: #000000;\">Dieser Betrag wird ebenfalls auf Mallorca bar ausgezahlt.<\/span><\/span><\/p>\n<p>________________________________<\/p>\n<p><strong><span style=\"color: #000000;\">Unser zus\u00e4tzliches Angebot:<br \/>\n<\/span><\/strong><strong><span style=\"color: #000000;\"><big>Einzelunterricht f\u00fcr Suzuki-Violinlehrer<\/big><\/span><br \/>\n<\/strong><\/p>\n<p style=\"text-align: left;\"><span style=\"color: #0000ff;\"><strong>Beginn: 22.03.2016, 10:00 Uhr<\/strong><\/span><br \/>\n<span style=\"color: #0000ff;\"> <strong> Ende:\u00a0\u00a0\u00a0 23.03.2016, 13:00 Uhr<\/strong><\/span><\/p>\n<p><span style=\"color: #000000;\">Vom <b>22.-23. M\u00e4rz 2016 <\/b>besteht au\u00dferdem die M\u00f6glichkeit, <strong>Einzelunterricht<\/strong> bei Frau Kerstin Wartberg (Suzuki-Repertoire) oder Herrn Rudolf G\u00e4hler (Zusatz-Literatur der Oberstufe) zu erhalten.<\/span><br \/>\nDas Programm wird individuell mit dem Kursteilnehmer festgelegt.<br \/>\n<span style=\"color: #0000ff;\"><strong>Dieses Angebot gilt nur f\u00fcr Mitglieder der Deutschen Suzuki Gesellschaft.<br \/>\n<span style=\"color: #000000;\">Kursgeb\u00fchr: 60,00 \u20ac<\/span><br \/>\n<\/strong><\/span><\/p>\n<p>&nbsp;<\/p>\n<h2><strong><span style=\"color: #0000ff;\">Mini-Workshop f\u00fcr Geigensch\u00fcler<br \/>\n<\/span><\/strong><\/h2>\n<h2><strong>24. &#8211; 27. M\u00e4rz 2016<\/strong><\/h2>\n<p style=\"text-align: left;\" align=\"center\"><strong><span style=\"color: #0000ff;\">Beginn: Donnerstag, 24. M\u00e4rz 2016, 10:00 Uhr<br \/>\n<\/span><span style=\"color: #0000ff;\"><span style=\"color: #0000ff;\"> Ende:\u00a0\u00a0\u00a0 Sonntag, 27. M\u00e4rz 2016, 13:00 Uhr<\/span><\/span><\/strong><\/p>\n<p>&nbsp;<\/p>\n<blockquote><p><span style=\"color: #000000;\"><strong>Ferien mit Musik und Freizeit f\u00fcr die ganze Familie<br \/>\n<\/strong><\/span><\/p>\n<p><span style=\"color: #000000;\"><em>Liebe Eltern,<\/em><\/span><\/p>\n<p><span style=\"color: #000000;\"><em>erleben Sie mit Ihren Kindern die sch\u00f6ne Insel und ein morgendliches, intensives Musikprogramm (zweimal Gruppenunterricht pro Tag und ein Abendkonzert mit allen Kindern).<\/em><\/span><br \/>\n<span style=\"color: #000000;\"> <em> Mallorca hat eine Menge zu bieten!<\/em><\/span><br \/>\n<span style=\"color: #000000;\"> <em> Genie\u00dfen Sie die Kombination von Musik und einen Familienurlaub in einer wundersch\u00f6nen Landschaft.<\/em><\/span><\/p><\/blockquote>\n<p style=\"text-align: left;\"><span style=\"color: #000000;\"><strong>Gruppenunterricht f\u00fcr Sch\u00fcler in Heft 1 \/ Heft 4 \/ Heft 6<\/strong><br \/>\nDiese Kurse sind geeignet, das Repertoire zu wiederholen, deutlich zu verbessern und die notwendigen Techniken zu vertiefen.<\/span><\/p>\n<p><span style=\"color: #0000ff;\"><strong>Kursgeb\u00fchr: 60,00 \u20ac<\/strong><\/span><br \/>\n<strong><span style=\"color: #ff0000;\"><br \/>\nGeschwistererm\u00e4\u00dfigung: <\/span><\/strong><br \/>\n<strong><span style=\"color: #ff0000;\">1. Kind = 60,00 \u20ac<br \/>\nAb dem 2. Kind = 40,00 \u20ac<br \/>\n<\/span><\/strong><\/p>\n<p>&nbsp;<\/p>\n<h2><b>Ein 4-Sterne-Hotel direkt am Meer<br \/>\nzu \u00e4u\u00dferst g\u00fcnstigen Preisen<\/b><\/h2>\n<p><strong><span style=\"color: #0000ff;\">Unsere Teilnehmer einschlie\u00dflich ihrer Familienmitglieder und Freunde erhalten extrem g\u00fcnstige Preise, wenn sie bis zum 21.12.2015 buchen.<\/span><\/strong><\/p>\n<p>Unser Konferenzhotel, ein 4-Sterne-Hotel, liegt nur wenige Meter vom Strand entfernt. Man hat eine wundervolle Aussicht \u00fcber die Bucht von Cala Millor. Alle G\u00e4ste haben kostenfreien Zugang zu WLAN, den Hotelpools, einem Fitnessraum und einem Whirlpool.<\/p>\n<p>Das Hotel <em>Sentido Castell de Mar<\/em> verf\u00fcgt \u00fcber elegante Zimmer mit Klimaanlage und Heizung. Die meisten bieten einen eigenen Balkon und alle Zimmer sind mit einem Safe, einem Schreibtisch und Sat-TV ausgestattet.<\/p>\n<p><a href=\"http:\/\/en.germansuzuki.com\/wp-content\/uploads\/2014\/10\/playa-cala-millor_1.jpg\"><img decoding=\"async\" loading=\"lazy\" class=\"alignnone  wp-image-1465\" style=\"border: 1px solid black;\" src=\"http:\/\/en.germansuzuki.com\/wp-content\/uploads\/2014\/10\/playa-cala-millor_1-1024x395.jpg\" alt=\"playa-cala-millor_1\" width=\"570\" height=\"221\" \/><\/a><br \/>\n<b><\/b><\/p>\n<p><span style=\"color: #0000ff;\"><strong>Unsere Teilnehmer und ihre Familienangeh\u00f6rigen erhalten sensationell g\u00fcnstige Preise:<br \/>\n<\/strong><\/span><\/p>\n<p><span style=\"color: #0000ff;\"><strong>Doppelzimmer<\/strong><\/span> Standard &amp; <span style=\"color: #0000ff;\"><strong>Halbpension<\/strong><br \/>\n<\/span> <span style=\"color: #008000;\"><strong>42,00 \u20ac pro Tag \/ Person<\/strong><\/span><\/p>\n<p><span style=\"color: #0000ff;\"><strong>Doppelzimmer <\/strong><\/span>mit Meeresblick &amp; <strong><span style=\"color: #0000ff;\">Halbpension<br \/>\n<\/span><span style=\"color: #008000;\">47,00 \u20ac pro Tag \/ Person<\/span><\/strong><\/p>\n<p><span style=\"color: #0000ff;\"><strong>Einzelzimmer\u00a0<\/strong><span style=\"color: #000000;\">Standard <\/span><\/span>&amp; <span style=\"color: #0000ff;\"><strong>Halbpension<\/strong><\/span><br \/>\n<span style=\"color: #008000;\"><strong>56,00 \u20ac pro Tag \/ Person<\/strong><\/span><\/p>\n<p><span style=\"color: #0000ff;\"><strong>Einzelzimmer<\/strong> <span style=\"color: #000000;\">mit Meeresblick<\/span> <span style=\"color: #000000;\">&amp;<\/span><strong><span style=\"color: #000000;\"> <span style=\"color: #0000ff;\">Halbpension<\/span><\/span><span style=\"color: #0000ff;\">\u00a0<\/span><\/strong><\/span><br \/>\n<strong><span style=\"color: #008000;\">61,00 \u20ac pro Tag \/ Person<\/span><\/strong><\/p>\n<p><span style=\"color: #0000ff;\"><strong>Preise f\u00fcr Kinder im gemeinsamen Zimmer mit 1 oder 2 Erwachsenen<\/strong><\/span><span class=\"st\"><span style=\"color: #0000ff;\"><strong>: <\/strong><\/span><br \/>\n<span style=\"color: #008000;\"><strong>0 &#8211; 2 Jahre:\u00a0 kostenlos<\/strong><\/span><br \/>\n<span style=\"color: #008000;\"><strong> 3 &#8211; 14 Jahre: 50% Erm\u00e4\u00dfigung<\/strong><\/span><\/span><\/p>\n<h2><strong>Der Transfer zwischen Flughafen und Hotel dauert ca. 1 Stunde und erfolgt st\u00fcndlich.<\/strong><\/h2>\n<p>Bevor Sie Ihren Hin- und R\u00fcckflug buchen, rechnen Sie bitte die erforderliche Fahrt- und Wartezeit mit ein, um rechtzeitig am jeweiligen Ort sein zu k\u00f6nnen.<\/p>\n<p><strong>Hier k\u00f6nnen Sie weitere Informationen erfragen:<br \/>\n<span style=\"color: #0000ff;\">suzukiteachertraining@gmail.com<\/span><\/strong><\/p>\n<p><span style=\"color: #000000;\"><strong>Die Fr\u00fchbucher-Registrierung beginnt am 7. Oktober 2015, und endet am 21. Dezember 2015.<\/strong><\/span><br \/>\n<span style=\"color: #000000;\"> <strong>Sollten Sie Ihre Familie oder Freunde mitbringen wollen, so k\u00f6nnen wir Ihnen die gleichen Preise anbieten.<\/strong><\/span><\/p>\n<h2><strong>Bitte registrieren Sie sich so fr\u00fch wie m\u00f6glich,<br \/>\nweil unser Zimmerkontingent begrenzt ist.<br \/>\n<\/strong><\/h2>\n<p><strong>Weitere Informationen erhalten Sie am einfachsten \u00fcber folgende Email-Adresse:<br \/>\nsuzukiteachertraining@gmail.com<\/strong><\/p>\n<p><b><br \/>\nHier finden Sie Fotos von den letzten Teacher Training Kursen im Mai 2015:<br \/>\n<\/b><\/p>\n<h2><span style=\"color: #0000ff;\"><b>Unser prachtvoller Konferenzort<\/b><\/span><br \/>\n<b><\/b><\/h2>\n<p><a href=\"http:\/\/en.germansuzuki.com\/wp-content\/uploads\/2015\/05\/Schlaraffenland_kl.jpg\"><img decoding=\"async\" loading=\"lazy\" class=\"alignnone  wp-image-1629\" src=\"http:\/\/en.germansuzuki.com\/wp-content\/uploads\/2015\/05\/Schlaraffenland_kl.jpg\" alt=\"Schlaraffenland.indd\" width=\"605\" height=\"856\" \/><\/a><\/p>\n<p>W\u00e4hrend vier Tagen trafen sich im Mai 2015 ungef\u00e4hr 40 Suzukilehrer aus \u00c4gypten, Argentinien, Deutschland, Gro\u00dfbritannien, Italien, \u00d6sterreich, Polen, Spanien und Venezuela, um an Weiterbildungskursen der Deutschen Suzuki Gesellschaft teilzunehmen. Es war eine wirklich fruchtbare Arbeit, gekennzeichnet durch Konzentration auf die p\u00e4dagogischen Inhalte, gepaart mit Freude und Harmonie.<\/p>\n<p>Die Hotelunterbringung und die zugeh\u00f6rigen Konferenzr\u00e4ume waren f\u00fcr unsere Zwecke in besonderem Ma\u00dfe geeignet und die Verpflegung fantastisch:<br \/>\nes gab reichhaltigste B\u00fcffets mit zahlreichen Variationen.<\/p>\n<p>Die direkte Lage am Meer sowie mehrere gro\u00dfe, bestens gepflegte Innen- und Au\u00dfenschwimmbecken sind einmalig. Alle unsere Teilnehmer waren hochzufrieden mit diesem Hotel. Deshalb haben wir es gleich f\u00fcr das n\u00e4chste Jahr gebucht.<\/p>\n<p><b>F\u00fcr unsere Teacher Training-Kurse war dies der ideale Tagungsort.<\/b><\/p>\n<p><a href=\"http:\/\/en.germansuzuki.com\/wp-content\/uploads\/2015\/05\/2_klein.jpg\"><img decoding=\"async\" loading=\"lazy\" class=\"alignnone  wp-image-1640\" style=\"border: 1px solid black;\" src=\"http:\/\/en.germansuzuki.com\/wp-content\/uploads\/2015\/05\/2_klein-1024x728.jpg\" alt=\"2_klein\" width=\"596\" height=\"424\" \/><\/a><\/p>\n<p>&nbsp;<\/p>\n<p>&nbsp;<\/p>\n<p><a href=\"http:\/\/en.germansuzuki.com\/wp-content\/uploads\/2015\/05\/3_kl.jpg\"><img decoding=\"async\" loading=\"lazy\" class=\"alignnone  wp-image-1642\" style=\"border: 1px solid black;\" src=\"http:\/\/en.germansuzuki.com\/wp-content\/uploads\/2015\/05\/3_kl.jpg\" alt=\"3_kl\" width=\"588\" height=\"405\" \/><\/a><\/p>\n<p>Spanisch-\u00e4gyptische Freundschaft<\/p>\n<p>&nbsp;<\/p>\n<p><a href=\"http:\/\/en.germansuzuki.com\/wp-content\/uploads\/2015\/05\/4_kl.jpg\"><img decoding=\"async\" loading=\"lazy\" class=\"alignnone  wp-image-1643\" style=\"border: 1px solid black;\" src=\"http:\/\/en.germansuzuki.com\/wp-content\/uploads\/2015\/05\/4_kl.jpg\" alt=\"4_kl\" width=\"592\" height=\"262\" \/><\/a><\/p>\n<p>Kleine Gruppe in Heft 1 mit Teilnehmern aus \u00c4gypten, Deutschland, Polen, Spanien und Venezuela.<\/p>\n<p>&nbsp;<\/p>\n<p><a href=\"http:\/\/en.germansuzuki.com\/wp-content\/uploads\/2015\/05\/5_kl.jpg\"><img decoding=\"async\" loading=\"lazy\" class=\"alignnone  wp-image-1649\" style=\"border: 1px solid black;\" src=\"http:\/\/en.germansuzuki.com\/wp-content\/uploads\/2015\/05\/5_kl.jpg\" alt=\"5_kl\" width=\"590\" height=\"312\" \/><\/a><\/p>\n<p>Zusatzliteratur mit Teilnehmern aus \u00d6sterreich, Deutschland, Italien und Spanien.<\/p>\n<p>&nbsp;<\/p>\n<p><a href=\"http:\/\/en.germansuzuki.com\/wp-content\/uploads\/2015\/05\/6_kl1.jpg\"><img decoding=\"async\" loading=\"lazy\" class=\"alignnone size-full wp-image-1651\" style=\"border: 1px solid black;\" src=\"http:\/\/en.germansuzuki.com\/wp-content\/uploads\/2015\/05\/6_kl1.jpg\" alt=\"6_kl\" width=\"591\" height=\"369\" \/><\/a><\/p>\n<p>Kleine Gruppe in Heft 3 mit Teilnehmern aus Argentinien, England, Deutschland und Spanien.<\/p>\n<p>&nbsp;<\/p>\n<p><a href=\"http:\/\/en.germansuzuki.com\/wp-content\/uploads\/2015\/05\/Kollage_Lehrerfotos_2.jpg\"><img decoding=\"async\" loading=\"lazy\" class=\"alignnone size-large wp-image-1681\" style=\"border: 1px solid black;\" src=\"http:\/\/en.germansuzuki.com\/wp-content\/uploads\/2015\/05\/Kollage_Lehrerfotos_2-723x1024.jpg\" alt=\"Kollage_Lehrerfotos_2\" width=\"597\" height=\"843\" \/><\/a><\/p>\n<p>Lasst uns zusammenarbeiten, denn die Kinder auf der ganzen Welt ben\u00f6tigen kompetente und motivierte Lehrer!<br \/>\nEs war wunderbar zu sehen, dass alle Lehrer den starken Wunsch versp\u00fcrten, tiefer in die Suzuki-Methode einzudringen.<\/p>\n<p>&nbsp;<\/p>\n<p><a href=\"http:\/\/en.germansuzuki.com\/wp-content\/uploads\/2015\/05\/Kollage_Lehrerfotos.jpg\"><img decoding=\"async\" loading=\"lazy\" class=\"alignnone size-large wp-image-1669\" style=\"border: 1px solid black;\" src=\"http:\/\/en.germansuzuki.com\/wp-content\/uploads\/2015\/05\/Kollage_Lehrerfotos-723x1024.jpg\" alt=\"Kollage_Lehrerfotos\" width=\"587\" height=\"829\" \/><\/a><\/p>\n<p>&nbsp;<\/p>\n<p><a href=\"http:\/\/en.germansuzuki.com\/wp-content\/uploads\/2015\/05\/12_kl.jpg\"><img decoding=\"async\" loading=\"lazy\" class=\"alignnone size-full wp-image-1653\" style=\"border: 1px solid black;\" src=\"http:\/\/en.germansuzuki.com\/wp-content\/uploads\/2015\/05\/12_kl.jpg\" alt=\"12_kl\" width=\"591\" height=\"459\" \/><\/a><\/p>\n<p>Immer noch frisch und gl\u00fccklich nach einem langen Arbeitstag!<\/p>\n<p>&nbsp;<\/p>\n<p><a href=\"http:\/\/en.germansuzuki.com\/wp-content\/uploads\/2015\/05\/16_kl.jpg\"><img decoding=\"async\" loading=\"lazy\" class=\"alignnone size-full wp-image-1657\" style=\"border: 1px solid black;\" src=\"http:\/\/en.germansuzuki.com\/wp-content\/uploads\/2015\/05\/16_kl.jpg\" alt=\"16_kl\" width=\"591\" height=\"543\" \/><\/a><\/p>\n<p>Die wundersch\u00f6ne Natur auf Mallorca &#8211; nur wenige Minuten entfernt vom Hotel.<\/p>\n<p>&nbsp;<\/p>\n<p><a href=\"http:\/\/www.germansuzuki.com\/wp-content\/uploads\/2015\/05\/Himmel_D.jpg\"><img decoding=\"async\" loading=\"lazy\" class=\"wp-image-5437 alignnone\" style=\"border: 1px solid black;\" src=\"http:\/\/www.germansuzuki.com\/wp-content\/uploads\/2015\/05\/Himmel_D.jpg\" alt=\"Himmel_D\" width=\"596\" height=\"270\" \/><\/a><\/p>\n<p><strong><span style=\"color: #993300;\">Die Online-Registrierung mit dem Fr\u00fchbucher-Rabatt startet am 7. Oktober 2015 und endet am 20. Dezember 2015.<\/span><\/strong><br \/>\n<strong><span style=\"color: #993300;\">Falls Sie Ihre Familie oder Freunde mitbringen m\u00f6chten, k\u00f6nnen wir die gleichen hervorragenden Preisbedingungen anbieten.<\/span><\/strong><\/p>\n<p><strong>Kontaktieren Sie uns so fr\u00fch wie m\u00f6glich, weil wir nur \u00fcber ein begrenztes Kontingent verf\u00fcgen.<\/strong><br \/>\n<strong>F\u00fcr weitere Informationen k\u00f6nnen Sie uns gerne unter folgender Email-Adresse kontaktieren:<\/strong><br \/>\n<strong> kursanmeldung@germansuzuki.de<br \/>\n<\/strong><\/p>\n<p>&nbsp;<\/p>\n<p><strong>\u00a0<\/strong><\/p>\n","protected":false},"excerpt":{"rendered":"<p>Online &#8211; Anmeldung 23. &#8211; 27. M\u00e4rz 2016 Beginn: Mittwoch, 23. M\u00e4rz 2016, 15:30 Uhr Ende:\u00a0\u00a0\u00a0 Sonntag, 27. M\u00e4rz 2016, 13:00 Uhr Lehrerkurse Es finden f\u00fcnf parallele Intensivkurse statt: 1&#8230;.<\/p>\n","protected":false},"author":2,"featured_media":5437,"comment_status":"open","ping_status":"open","sticky":false,"template":"","format":"standard","meta":[],"categories":[21,9],"tags":[],"_links":{"self":[{"href":"https:\/\/www.germansuzuki.de\/index.php?rest_route=\/wp\/v2\/posts\/5702"}],"collection":[{"href":"https:\/\/www.germansuzuki.de\/index.php?rest_route=\/wp\/v2\/posts"}],"about":[{"href":"https:\/\/www.germansuzuki.de\/index.php?rest_route=\/wp\/v2\/types\/post"}],"author":[{"embeddable":true,"href":"https:\/\/www.germansuzuki.de\/index.php?rest_route=\/wp\/v2\/users\/2"}],"replies":[{"embeddable":true,"href":"https:\/\/www.germansuzuki.de\/index.php?rest_route=%2Fwp%2Fv2%2Fcomments&post=5702"}],"version-history":[{"count":52,"href":"https:\/\/www.germansuzuki.de\/index.php?rest_route=\/wp\/v2\/posts\/5702\/revisions"}],"predecessor-version":[{"id":6023,"href":"https:\/\/www.germansuzuki.de\/index.php?rest_route=\/wp\/v2\/posts\/5702\/revisions\/6023"}],"wp:featuredmedia":[{"embeddable":true,"href":"https:\/\/www.germansuzuki.de\/index.php?rest_route=\/wp\/v2\/media\/5437"}],"wp:attachment":[{"href":"https:\/\/www.germansuzuki.de\/index.php?rest_route=%2Fwp%2Fv2%2Fmedia&parent=5702"}],"wp:term":[{"taxonomy":"category","embeddable":true,"href":"https:\/\/www.germansuzuki.de\/index.php?rest_route=%2Fwp%2Fv2%2Fcategories&post=5702"},{"taxonomy":"post_tag","embeddable":true,"href":"https:\/\/www.germansuzuki.de\/index.php?rest_route=%2Fwp%2Fv2%2Ftags&post=5702"}],"curies":[{"name":"wp","href":"https:\/\/api.w.org\/{rel}","templated":true}]}}